{"id":54045,"date":"2015-01-06T17:30:54","date_gmt":"2015-01-06T16:30:54","guid":{"rendered":"http:\/\/stockportal.hu\/?p=54045"},"modified":"2015-01-06T16:16:43","modified_gmt":"2015-01-06T15:16:43","slug":"a-jobbik-udvozli-az-orosz-elnok-magyarorszagi-latogatasat","status":"publish","type":"post","link":"https:\/\/gazdasagportal.hu\/index.php\/a-jobbik-udvozli-az-orosz-elnok-magyarorszagi-latogatasat\/","title":{"rendered":"A Jobbik \u00fcdv\u00f6zli az orosz eln\u00f6k magyarorsz\u00e1gi l\u00e1togat\u00e1s\u00e1t"},"content":{"rendered":"<p><strong>A Jobbik \u00fcdv\u00f6zli Magyarorsz\u00e1g \u00e9s Oroszorsz\u00e1g vezet\u0151inek tal\u00e1lkoz\u00e1s\u00e1t \u2013 mondta Vlagyimir Putyin orosz eln\u00f6k esetleges budapesti l\u00e1togat\u00e1s\u00e1r\u00f3l Gy\u00f6ngy\u00f6si M\u00e1rton, az Orsz\u00e1ggy\u0171l\u00e9s k\u00fcl\u00fcgyi bizotts\u00e1g\u00e1nak jobbikos aleln\u00f6ke az MTI-nek nyilatkozva.<\/strong><!--more--><\/p>\n<div class=\"ads-in-post1\"><div id=\"gazdasagportal.hu_fullbanner_wideboard\"><\/div>\r\n<\/div>\n<p>    A k\u00e9pvisel\u0151 hangs\u00falyozta: p\u00e1rtja mindig is a keleti nyit\u00e1s h\u00edve volt, \u00e9s strat\u00e9giai partnerk\u00e9nt tekint Oroszorsz\u00e1gra, mind gazdas\u00e1gi, mind energetikai, mind politikai \u00e9s kultur\u00e1lis tekintetben.<br \/>\n    Hozz\u00e1tette az ukr\u00e1n v\u00e1ls\u00e1g m\u00e9g fontosabb\u00e1 teszi a k\u00e9toldal\u00fa geostrat\u00e9giai egyeztet\u00e9st. Elfogadhatatlannak tartotta, hogy Magyarorsz\u00e1g kiz\u00e1r\u00f3lag a nyugati sz\u00f6vets\u00e9gesi rendszer tagjak\u00e9nt foglal \u00e1ll\u00e1st, holott a k\u00e1rp\u00e1taljai magyarok ok\u00e1n egyedi \u00e1ll\u00e1spontot kellene kialak\u00edtania \u2013 v\u00e9lekedett.     Szerinte a v\u00e1ls\u00e1g b\u00e9k\u00e9s rendez\u00e9se \u00e9s az eszkal\u00e1l\u00f3d\u00f3 h\u00e1bor\u00fa elker\u00fcl\u00e9se \u00e9rdek\u00e9ben Magyarorsz\u00e1gnak m\u00e9g a nyugati sz\u00f6vets\u00e9geseivel is fel kellene v\u00e1llalnia a konfliktust. Hozz\u00e1tette: elfogadhatatlan, hogy a magyar korm\u00e1ny vakon k\u00e9pviseli a nyugati \u00e9rdekeket, \u00e9s m\u00e9g a k\u00e1rp\u00e1taljai magyars\u00e1got is koncnak dobja.<br \/>\n    Sorolta: a paksi b\u0151v\u00edt\u00e9s, a D\u00e9li \u00c1ramlat \u00fcgye \u00e9s a kereskedelmi, gazdas\u00e1gi \u00e9rdekeink is azt dikt\u00e1lj\u00e1k, hogy ne s\u00e9r\u00fclj\u00f6n a k\u00e9t orsz\u00e1g kapcsolata.     A N\u00e9pszava \u00edrt arr\u00f3l kedden &#8211; t\u00f6bb, egym\u00e1st\u00f3l f\u00fcggetlen forr\u00e1sb\u00f3l sz\u00e1rmaz\u00f3 \u00e9rtes\u00fcl\u00e9sre hivatkozva -, hogy m\u00e1rciusban Budapestre l\u00e1togat Vlagyimir Putyin. (MTI)<\/p>\n","protected":false},"excerpt":{"rendered":"<p>A Jobbik \u00fcdv\u00f6zli Magyarorsz\u00e1g \u00e9s Oroszorsz\u00e1g vezet\u0151inek tal\u00e1lkoz\u00e1s\u00e1t \u2013 mondta Vlagyimir Putyin orosz eln\u00f6k esetleges budapesti l\u00e1togat\u00e1s\u00e1r\u00f3l Gy\u00f6ngy\u00f6si M\u00e1rton, az Orsz\u00e1ggy\u0171l\u00e9s k\u00fcl\u00fcgyi bizotts\u00e1g\u00e1nak jobbikos aleln\u00f6ke az MTI-nek nyilatkozva.<\/p>\n","protected":false},"author":1,"featured_media":0,"comment_status":"open","ping_status":"closed","sticky":false,"template":"","format":"standard","meta":[],"categories":[18],"tags":[],"_links":{"self":[{"href":"https:\/\/gazdasagportal.hu\/index.php\/wp-json\/wp\/v2\/posts\/54045"}],"collection":[{"href":"https:\/\/gazdasagportal.hu\/index.php\/wp-json\/wp\/v2\/posts"}],"about":[{"href":"https:\/\/gazdasagportal.hu\/index.php\/wp-json\/wp\/v2\/types\/post"}],"author":[{"embeddable":true,"href":"https:\/\/gazdasagportal.hu\/index.php\/wp-json\/wp\/v2\/users\/1"}],"replies":[{"embeddable":true,"href":"https:\/\/gazdasagportal.hu\/index.php\/wp-json\/wp\/v2\/comments?post=54045"}],"version-history":[{"count":1,"href":"https:\/\/gazdasagportal.hu\/index.php\/wp-json\/wp\/v2\/posts\/54045\/revisions"}],"predecessor-version":[{"id":54046,"href":"https:\/\/gazdasagportal.hu\/index.php\/wp-json\/wp\/v2\/posts\/54045\/revisions\/54046"}],"wp:attachment":[{"href":"https:\/\/gazdasagportal.hu\/index.php\/wp-json\/wp\/v2\/media?parent=54045"}],"wp:term":[{"taxonomy":"category","embeddable":true,"href":"https:\/\/gazdasagportal.hu\/index.php\/wp-json\/wp\/v2\/categories?post=54045"},{"taxonomy":"post_tag","embeddable":true,"href":"https:\/\/gazdasagportal.hu\/index.php\/wp-json\/wp\/v2\/tags?post=54045"}],"curies":[{"name":"wp","href":"https:\/\/api.w.org\/{rel}","templated":true}]}}