{"id":54041,"date":"2015-01-06T16:05:50","date_gmt":"2015-01-06T15:05:50","guid":{"rendered":"http:\/\/stockportal.hu\/?p=54041"},"modified":"2015-01-06T16:05:50","modified_gmt":"2015-01-06T15:05:50","slug":"a-bankok-merlegelik-a-perinditast-a-forinthiteles-szerzodesekkel-kapcsolatban","status":"publish","type":"post","link":"https:\/\/gazdasagportal.hu\/index.php\/a-bankok-merlegelik-a-perinditast-a-forinthiteles-szerzodesekkel-kapcsolatban\/","title":{"rendered":"A bankok m\u00e9rlegelik a perind\u00edt\u00e1st a forinthiteles szerz\u0151d\u00e9sekkel kapcsolatban"},"content":{"rendered":"<p><strong>Az OTP \u00e9s az Erste Bank is m\u00e9rlegeli a jogorvoslati lehet\u0151s\u00e9geket a forint alap\u00fa fogyaszt\u00f3i k\u00f6lcs\u00f6nszerz\u0151d\u00e9sei egyoldal\u00fa szerz\u0151d\u00e9sm\u00f3dos\u00edt\u00e1sainak tisztess\u00e9gess\u00e9g\u00e9nek bizony\u00edt\u00e1s\u00e1val kapcsolatban, \u00e9s a K&#038;H is perind\u00edt\u00e1st tervez &#8211; der\u00fcl ki az MTI-nek adott banki v\u00e1laszokb\u00f3l.<\/strong><!--more--><\/p>\n<div class=\"ads-in-post1\"><div id=\"gazdasagportal.hu_fullbanner_wideboard\"><\/div>\r\n<\/div>\n<p>    A hitelint\u00e9zetek &#8211; a parlament \u00e1ltal tavaly elfogadott elsz\u00e1mol\u00e1si t\u00f6rv\u00e9ny \u00e9rtelm\u00e9ben &#8211; janu\u00e1r 5. \u00e9s 12. k\u00f6z\u00f6tt ind\u00edthatnak pert a forinthiteles szerz\u0151d\u00e9sek egyoldal\u00fa m\u00f3dos\u00edt\u00e1sai \u00fcgy\u00e9ben.<br \/>\n    A F\u0151v\u00e1rosi T\u00f6rv\u00e9nysz\u00e9k Sajt\u00f3- \u00e9s Nemzetk\u00f6zi Kapcsolatok Oszt\u00e1lya az MTI \u00e9rdekl\u0151d\u00e9s\u00e9re azt k\u00f6z\u00f6lte: sem h\u00e9tf\u0151n, sem kedd d\u00e9lut\u00e1nig nem \u00e9rkezett be ilyen banki kereset a t\u00f6rv\u00e9nysz\u00e9k gazdas\u00e1gi koll\u00e9gium\u00e1hoz.<br \/>\n    Az OTP az MTI \u00e9rdekl\u0151d\u00e9s\u00e9re k\u00f6z\u00f6lte: a bank \u00e9s az \u00e9rintett csoporttagok gondos m\u00e9rlegel\u00e9st k\u00f6vet\u0151en adj\u00e1k be kereset\u00fcket a forinthitelekkel kapcsolatosan a vonatkoz\u00f3 t\u00f6rv\u00e9nyben meghat\u00e1rozott id\u0151keretet betartva.<br \/>\n    Az Erste Bank is m\u00e9rlegeli a jogorvoslati lehet\u0151s\u00e9geket a forint alap\u00fa fogyaszt\u00f3i k\u00f6lcs\u00f6nszerz\u0151d\u00e9sei egyoldal\u00fa szerz\u0151d\u00e9sm\u00f3dos\u00edt\u00e1sainak tisztess\u00e9gess\u00e9g\u00e9nek bizony\u00edt\u00e1s\u00e1val kapcsolatban, a K&#038;H Bank pedig tervezi a per ind\u00edt\u00e1s\u00e1t.<br \/>\n    A t\u00f6rv\u00e9ny szerint a nem peresked\u0151 p\u00e9nzint\u00e9zeteknek \u00e1prilis 16-30. k\u00f6z\u00f6tt, a peresked\u0151knek pedig augusztus 15. \u00e9s szeptember 30. k\u00f6z\u00f6tt &#8211; vagy legk\u00e9s\u0151bb a polg\u00e1ri peres elj\u00e1r\u00e1s befejez\u00e9s\u00e9t\u0151l sz\u00e1m\u00edtott 60. napig &#8211; kell elk\u00fcldeni\u00fck az elsz\u00e1mol\u00e1st forinthiteles \u00fcgyfeleiknek. Az elsz\u00e1mol\u00e1ssal kapcsolatban minden k\u00f6lts\u00e9g a bankot terheli a t\u00f6rv\u00e9ny \u00e9rtelm\u00e9ben.<br \/>\n    A bankoknak minden olyan esetben elsz\u00e1mol\u00e1si k\u00f6telezetts\u00e9g\u00fck van, amelyben a t\u00f6rv\u00e9ny hat\u00e1lya al\u00e1 tartoz\u00f3 fogyaszt\u00f3i k\u00f6lcs\u00f6nszerz\u0151d\u00e9s m\u00e9g nem sz\u0171nt meg, vagy 2009. j\u00falius 26. ut\u00e1n &#8211; azaz az els\u0151 devizahiteles t\u00f6rv\u00e9ny hat\u00e1lybal\u00e9p\u00e9s\u00e9t megel\u0151z\u0151 5 \u00e9ven bel\u00fcl &#8211; sz\u0171nt meg. Elsz\u00e1mol\u00e1si k\u00f6telezetts\u00e9g\u00fck van akkor is, ha a szerz\u0151d\u00e9s a 2009-es id\u0151pont el\u0151tt sz\u0171nt meg, de abb\u00f3l el nem \u00e9v\u00fclt k\u00f6vetel\u00e9s sz\u00e1rmazik.(MTI)<\/p>\n","protected":false},"excerpt":{"rendered":"<p>Az OTP \u00e9s az Erste Bank is m\u00e9rlegeli a jogorvoslati lehet\u0151s\u00e9geket a forint alap\u00fa fogyaszt\u00f3i k\u00f6lcs\u00f6nszerz\u0151d\u00e9sei egyoldal\u00fa szerz\u0151d\u00e9sm\u00f3dos\u00edt\u00e1sainak tisztess\u00e9gess\u00e9g\u00e9nek bizony\u00edt\u00e1s\u00e1val kapcsolatban, \u00e9s a K&#038;H is perind\u00edt\u00e1st tervez &#8211; der\u00fcl ki az MTI-nek adott banki v\u00e1laszokb\u00f3l.<\/p>\n","protected":false},"author":1,"featured_media":0,"comment_status":"open","ping_status":"closed","sticky":false,"template":"","format":"standard","meta":[],"categories":[19,112],"tags":[],"_links":{"self":[{"href":"https:\/\/gazdasagportal.hu\/index.php\/wp-json\/wp\/v2\/posts\/54041"}],"collection":[{"href":"https:\/\/gazdasagportal.hu\/index.php\/wp-json\/wp\/v2\/posts"}],"about":[{"href":"https:\/\/gazdasagportal.hu\/index.php\/wp-json\/wp\/v2\/types\/post"}],"author":[{"embeddable":true,"href":"https:\/\/gazdasagportal.hu\/index.php\/wp-json\/wp\/v2\/users\/1"}],"replies":[{"embeddable":true,"href":"https:\/\/gazdasagportal.hu\/index.php\/wp-json\/wp\/v2\/comments?post=54041"}],"version-history":[{"count":1,"href":"https:\/\/gazdasagportal.hu\/index.php\/wp-json\/wp\/v2\/posts\/54041\/revisions"}],"predecessor-version":[{"id":54042,"href":"https:\/\/gazdasagportal.hu\/index.php\/wp-json\/wp\/v2\/posts\/54041\/revisions\/54042"}],"wp:attachment":[{"href":"https:\/\/gazdasagportal.hu\/index.php\/wp-json\/wp\/v2\/media?parent=54041"}],"wp:term":[{"taxonomy":"category","embeddable":true,"href":"https:\/\/gazdasagportal.hu\/index.php\/wp-json\/wp\/v2\/categories?post=54041"},{"taxonomy":"post_tag","embeddable":true,"href":"https:\/\/gazdasagportal.hu\/index.php\/wp-json\/wp\/v2\/tags?post=54041"}],"curies":[{"name":"wp","href":"https:\/\/api.w.org\/{rel}","templated":true}]}}