{"id":54023,"date":"2015-01-06T12:07:26","date_gmt":"2015-01-06T11:07:26","guid":{"rendered":"http:\/\/stockportal.hu\/?p=54023"},"modified":"2015-01-06T11:53:09","modified_gmt":"2015-01-06T10:53:09","slug":"braziliavaros-visszalepne-a-2019-es-nyari-universiadetol","status":"publish","type":"post","link":"https:\/\/gazdasagportal.hu\/index.php\/braziliavaros-visszalepne-a-2019-es-nyari-universiadetol\/","title":{"rendered":"Braz\u00edliav\u00e1ros visszal\u00e9pne a 2019-es ny\u00e1ri Universiad\u00e9t\u00f3l"},"content":{"rendered":"<p><strong>Braz\u00edliav\u00e1ros azt tervezi, hogy visszal\u00e9p a 2019-es ny\u00e1ri Universiad\u00e9t\u00f3l. Az esem\u00e9nyre eredetileg Budapest is jelentkezett, \u00e1m v\u00e9g\u00fcl m\u00e9gsem p\u00e1ly\u00e1zott.<\/strong><!--more--><\/p>\n<div class=\"ads-in-post1\"><div id=\"gazdasagportal.hu_fullbanner_wideboard\"><\/div>\r\n<\/div>\n<p>    Az olimpiai sport\u00e1gakkal foglalkoz\u00f3 insidethegames nev\u0171 honlapnak Braz\u00edliav\u00e1ros egyik el\u00f6lj\u00e1r\u00f3ja, H\u00e9lio Doyle elmondta: a janu\u00e1rban hivatalba l\u00e9pett \u00faj korm\u00e1nyz\u00f3nak, Rodrigo Rollembergnek az az elk\u00e9pzel\u00e9se, hogy a f\u0151v\u00e1ros anyagi okok miatt visszal\u00e9p a rendez\u00e9st\u0151l. Doyle szerint Rollemberg &#8222;t\u00fal rizik\u00f3snak&#8221; tartja, hogy el\u0151teremts\u00e9k a k\u00f6zel 880 milli\u00f3 doll\u00e1ros rendez\u00e9si k\u00f6lts\u00e9get.<br \/>\n    A Nemzetk\u00f6zi Egyetemi Sportsz\u00f6vets\u00e9g (FISU) aj\u00e1nl\u00e1sa szerint 22 versenyhelysz\u00edn mellett sportol\u00f3i falu \u00e9p\u00edt\u00e9se is sz\u00fcks\u00e9ges.<br \/>\n    Braz\u00edliav\u00e1ros 2013. november 9-\u00e9n nyerte el a rendez\u00e9s jog\u00e1t, akkor, amikor a d\u00e9l-amerikai orsz\u00e1g m\u00e1r jav\u00e1ban k\u00e9sz\u00fclt a 2014-es labdar\u00fag\u00f3-vil\u00e1gbajnoks\u00e1gra \u00e9s a 2016-os Rio de Janeir\u00f3-i ny\u00e1ri olimpi\u00e1ra. Kandid\u00e1lt m\u00e9g Budapest \u00e9s Baku. Ut\u00f3bbi 2013. november 4-\u00e9n vonta vissza p\u00e1ly\u00e1zat\u00e1t. November 8-\u00e1n a Magyar Egyetemi-F\u0151iskolai Sportsz\u00f6vets\u00e9g (MEFS) \u00e9s az Universiade-p\u00e1ly\u00e1zatot el\u0151k\u00e9sz\u00edt\u0151 bizotts\u00e1g jelezte, hogy Budapest m\u00e9gsem p\u00e1ly\u00e1zik, \u00e9s egy k\u00e9s\u0151bbi &#8211; legkor\u00e1bban 2023-as &#8211; id\u0151pontban lehet es\u00e9lye a kandid\u00e1l\u00e1snak. Akkori k\u00f6zlem\u00e9ny\u00fck szerint a halaszt\u00e1s oka, hogy a FISU-val folytatott t\u00e1rgyal\u00e1sokon kialakult rendez\u00e9si felt\u00e9telek alapj\u00e1n &#8211; k\u00fcl\u00f6n\u00f6sen a fizetend\u0151 rendez\u00e9si d\u00edjak \u00f6sszege \u00e9s esed\u00e9kess\u00e9ge miatt &#8211; Magyarorsz\u00e1g nem tud v\u00e1llalkozni 2019-es rendez\u00e9sre.<br \/>\n    A magyarok ugyanakkor jelezt\u00e9k a FISU-nak: tov\u00e1bbra is elk\u00f6telezettek abban, hogy 1935 \u00e9s 1965 ut\u00e1n Budapest ism\u00e9t h\u00e1zigazd\u00e1ja legyen az egyetemist\u00e1k \u00e9s f\u0151iskol\u00e1sok vil\u00e1gj\u00e1t\u00e9k\u00e1nak, ez &#8211; a 2021-es vizes vil\u00e1gbajnoks\u00e1g miatt &#8211; legkor\u00e1bban 2023-ban lehets\u00e9ges.<br \/>\n    A ny\u00e1ri Universiade az olimpia ut\u00e1n a vil\u00e1g m\u00e1sodik legnagyobb nemzetk\u00f6zi sportesem\u00e9nye, amelyen 5-6 ezer sportol\u00f3 vesz r\u00e9szt.(MTI)<\/p>\n","protected":false},"excerpt":{"rendered":"<p>Braz\u00edliav\u00e1ros azt tervezi, hogy visszal\u00e9p a 2019-es ny\u00e1ri Universiad\u00e9t\u00f3l. Az esem\u00e9nyre eredetileg Budapest is jelentkezett, \u00e1m v\u00e9g\u00fcl m\u00e9gsem p\u00e1ly\u00e1zott.<\/p>\n","protected":false},"author":1,"featured_media":0,"comment_status":"open","ping_status":"closed","sticky":false,"template":"","format":"standard","meta":[],"categories":[13],"tags":[],"_links":{"self":[{"href":"https:\/\/gazdasagportal.hu\/index.php\/wp-json\/wp\/v2\/posts\/54023"}],"collection":[{"href":"https:\/\/gazdasagportal.hu\/index.php\/wp-json\/wp\/v2\/posts"}],"about":[{"href":"https:\/\/gazdasagportal.hu\/index.php\/wp-json\/wp\/v2\/types\/post"}],"author":[{"embeddable":true,"href":"https:\/\/gazdasagportal.hu\/index.php\/wp-json\/wp\/v2\/users\/1"}],"replies":[{"embeddable":true,"href":"https:\/\/gazdasagportal.hu\/index.php\/wp-json\/wp\/v2\/comments?post=54023"}],"version-history":[{"count":1,"href":"https:\/\/gazdasagportal.hu\/index.php\/wp-json\/wp\/v2\/posts\/54023\/revisions"}],"predecessor-version":[{"id":54024,"href":"https:\/\/gazdasagportal.hu\/index.php\/wp-json\/wp\/v2\/posts\/54023\/revisions\/54024"}],"wp:attachment":[{"href":"https:\/\/gazdasagportal.hu\/index.php\/wp-json\/wp\/v2\/media?parent=54023"}],"wp:term":[{"taxonomy":"category","embeddable":true,"href":"https:\/\/gazdasagportal.hu\/index.php\/wp-json\/wp\/v2\/categories?post=54023"},{"taxonomy":"post_tag","embeddable":true,"href":"https:\/\/gazdasagportal.hu\/index.php\/wp-json\/wp\/v2\/tags?post=54023"}],"curies":[{"name":"wp","href":"https:\/\/api.w.org\/{rel}","templated":true}]}}