{"id":53968,"date":"2015-01-05T13:01:29","date_gmt":"2015-01-05T12:01:29","guid":{"rendered":"http:\/\/stockportal.hu\/?p=53968"},"modified":"2015-01-05T15:10:41","modified_gmt":"2015-01-05T14:10:41","slug":"vodafone-a-kozossegi-media-es-online-megoldasok-sulya-no-a-mobilforgalomban","status":"publish","type":"post","link":"https:\/\/gazdasagportal.hu\/index.php\/vodafone-a-kozossegi-media-es-online-megoldasok-sulya-no-a-mobilforgalomban\/","title":{"rendered":"Vodafone: a k\u00f6z\u00f6ss\u00e9gi m\u00e9dia \u00e9s online megold\u00e1sok s\u00falya n\u0151 a mobilforgalomban"},"content":{"rendered":"<p><strong>A Vodafone \u00fcgyfelei \u00e1ltal gener\u00e1lt adatforgalom december 31-\u00e9n \u00e9s janu\u00e1r 1-j\u00e9n mintegy 60 sz\u00e1zal\u00e9kkal haladta meg az egy \u00e9vvel kor\u00e1bbit \u00e9s 130 sz\u00e1zal\u00e9kkal a 2012-es szintet, a kar\u00e1csony h\u00e1rom napj\u00e1ban m\u00e9rt mobilinternet-forgalom pedig 50 sz\u00e1zal\u00e9kkal volt magasabb az el\u0151z\u0151 \u00e9vin\u00e9l. A t\u00e1rsas\u00e1g szerint mindez jelzi a k\u00f6z\u00f6ss\u00e9gi m\u00e9dia \u00e9s online megold\u00e1sok n\u00f6vekv\u0151 s\u00faly\u00e1t.<\/strong><!--more--><br \/>\n<div class=\"ads-in-post1\"><div id=\"gazdasagportal.hu_fullbanner_wideboard\"><\/div>\r\n<\/div>\n<p>Mik\u00f6zben drasztikusan n\u00f6vekv\u0151 adatforgalmat tapasztalt a Vodafone Magyarorsz\u00e1g a kar\u00e1csonyi \u00e9s a szilveszteri \u00fcnnepek alatt, s n\u0151tt a hangforgalom \u00e9s az elk\u00fcld\u00f6tt multim\u00e9di\u00e1s \u00fczenetek sz\u00e1ma is az el\u0151z\u0151 \u00e9vekhez k\u00e9pest, addig az SMS-ek forgalma visszaesett &#8211; k\u00f6z\u00f6lte a mobilszolg\u00e1ltat\u00f3 h\u00e9tf\u0151n az MTI-vel.<br \/>\nAz SMS-ek forgalma cs\u00f6kken\u0151 tendenci\u00e1t mutat: 2014 kar\u00e1csony\u00e1n 7 milli\u00f3 SMS-t k\u00fcldtek az \u00fcgyfelek, 3 sz\u00e1zal\u00e9kkal kevesebbet, mint egy \u00e9vvel kor\u00e1bban. A sz\u00f6veges \u00fczenetben k\u00fcld\u00f6tt \u00faj\u00e9vi j\u00f3k\u00edv\u00e1ns\u00e1gok sz\u00e1ma 7,7 milli\u00f3 volt, az el\u0151z\u0151 \u00e9vhez k\u00e9pest 4 sz\u00e1zal\u00e9kkal, k\u00e9t \u00e9v alatt pedig 7 sz\u00e1zal\u00e9kkal cs\u00f6kkent.<br \/>\nN\u0151tt viszont az \u00fcnnepek alatt a hangforgalom \u00e9s a multim\u00e9di\u00e1s \u00fczenetek (MMS) sz\u00e1ma, ami a szolg\u00e1ltat\u00f3 szerint az egyre n\u00e9pszer\u0171bb korl\u00e1tlan csomagoknak k\u00f6sz\u00f6nhet\u0151. A hangforgalom 2014\/2015 fordul\u00f3j\u00e1n k\u00f6zel 10 sz\u00e1zal\u00e9kkal haladta meg az el\u0151z\u0151 \u00e9vit \u00e9s 24 sz\u00e1zal\u00e9kkal a k\u00e9t \u00e9vvel kor\u00e1bbit, m\u00edg a szilveszter \u00e9s \u00faj\u00e9v napj\u00e1n MMS-ben k\u00fcld\u00f6tt \u00fcdv\u00f6zletek sz\u00e1ma egy \u00e9v alatt 7, k\u00e9t \u00e9v alatt pedig 14 sz\u00e1zal\u00e9kkal n\u0151tt. Kar\u00e1csonykor a hangh\u00edv\u00e1sok eset\u00e9ben t\u00f6bb mint 8 sz\u00e1zal\u00e9kos n\u00f6veked\u00e9st m\u00e9rt a Vodafone 2013-hoz k\u00e9pest, m\u00edg az MMS-ek sz\u00e1ma 1 sz\u00e1zal\u00e9kkal n\u0151tt.(MTI)<\/p>\n<p>&nbsp;<\/p>\n","protected":false},"excerpt":{"rendered":"<p>A Vodafone \u00fcgyfelei \u00e1ltal gener\u00e1lt adatforgalom december 31-\u00e9n \u00e9s janu\u00e1r 1-j\u00e9n mintegy 60 sz\u00e1zal\u00e9kkal haladta meg az egy \u00e9vvel kor\u00e1bbit \u00e9s 130 sz\u00e1zal\u00e9kkal a 2012-es szintet, a kar\u00e1csony h\u00e1rom napj\u00e1ban m\u00e9rt mobilinternet-forgalom pedig 50 sz\u00e1zal\u00e9kkal volt magasabb az el\u0151z\u0151 \u00e9vin\u00e9l. A t\u00e1rsas\u00e1g szerint mindez jelzi a k\u00f6z\u00f6ss\u00e9gi m\u00e9dia \u00e9s online megold\u00e1sok n\u00f6vekv\u0151 s\u00faly\u00e1t.<\/p>\n","protected":false},"author":1,"featured_media":0,"comment_status":"open","ping_status":"closed","sticky":false,"template":"","format":"standard","meta":[],"categories":[49],"tags":[],"_links":{"self":[{"href":"https:\/\/gazdasagportal.hu\/index.php\/wp-json\/wp\/v2\/posts\/53968"}],"collection":[{"href":"https:\/\/gazdasagportal.hu\/index.php\/wp-json\/wp\/v2\/posts"}],"about":[{"href":"https:\/\/gazdasagportal.hu\/index.php\/wp-json\/wp\/v2\/types\/post"}],"author":[{"embeddable":true,"href":"https:\/\/gazdasagportal.hu\/index.php\/wp-json\/wp\/v2\/users\/1"}],"replies":[{"embeddable":true,"href":"https:\/\/gazdasagportal.hu\/index.php\/wp-json\/wp\/v2\/comments?post=53968"}],"version-history":[{"count":1,"href":"https:\/\/gazdasagportal.hu\/index.php\/wp-json\/wp\/v2\/posts\/53968\/revisions"}],"predecessor-version":[{"id":53969,"href":"https:\/\/gazdasagportal.hu\/index.php\/wp-json\/wp\/v2\/posts\/53968\/revisions\/53969"}],"wp:attachment":[{"href":"https:\/\/gazdasagportal.hu\/index.php\/wp-json\/wp\/v2\/media?parent=53968"}],"wp:term":[{"taxonomy":"category","embeddable":true,"href":"https:\/\/gazdasagportal.hu\/index.php\/wp-json\/wp\/v2\/categories?post=53968"},{"taxonomy":"post_tag","embeddable":true,"href":"https:\/\/gazdasagportal.hu\/index.php\/wp-json\/wp\/v2\/tags?post=53968"}],"curies":[{"name":"wp","href":"https:\/\/api.w.org\/{rel}","templated":true}]}}