{"id":53966,"date":"2015-01-05T11:57:18","date_gmt":"2015-01-05T10:57:18","guid":{"rendered":"http:\/\/stockportal.hu\/?p=53966"},"modified":"2015-01-05T15:10:35","modified_gmt":"2015-01-05T14:10:35","slug":"technikai-elemzes-forex-tozsde-deviza-arany-olaj-2015-01-05","status":"publish","type":"post","link":"https:\/\/gazdasagportal.hu\/index.php\/technikai-elemzes-forex-tozsde-deviza-arany-olaj-2015-01-05\/","title":{"rendered":"Technikai elemz\u00e9s: Forex, t\u0151zsde, deviza, arany, olaj \u2013 2015.01.05"},"content":{"rendered":"<p><strong>Az EUR\/USD p\u00e1r folytatja tavalyi trendj\u00e9t, cs\u00f6kken\u00e9ssel k\u00f6sz\u00f6nti az \u00faj \u00e9vet. Az EUR\/USD p\u00e1r a 2015-\u00f6s \u00faj \u00e9vet \u201esz\u00e1mszer\u0171en ut\u00e1nozva\u201d k\u00f6sz\u00f6nt\u00f6tte \u2013 el\u00e9rte az 1,2015-\u00f6s szintet (kiss\u00e9 lejjebb is ment), majd h\u00e9tf\u0151n tov\u00e1bb zuhant.<\/strong><!--more--><\/p>\n<div class=\"ads-in-post1\"><div id=\"gazdasagportal.hu_fullbanner_wideboard\"><\/div>\r\n<\/div>\n<p>&nbsp;<\/p>\n<ul>\n<li><strong>Az EUR\/USD p\u00e1r folytatja tavalyi trendj\u00e9t, cs\u00f6kken\u00e9ssel k\u00f6sz\u00f6nti az \u00faj \u00e9vet. <\/strong>Az EUR\/USD p\u00e1r a 2015-\u00f6s \u00faj \u00e9vet \u201esz\u00e1mszer\u0171en ut\u00e1nozva\u201d k\u00f6sz\u00f6nt\u00f6tte \u2013 el\u00e9rte az 1,2015-\u00f6s szintet (kiss\u00e9 lejjebb is ment), majd h\u00e9tf\u0151n tov\u00e1bb zuhant. Az EKB eln\u00f6ke, Draghi szerepelt a p\u00e9nteki n\u00e9met Handelsblatt \u00fajs\u00e1gban; nyilatkozata \u00e9rtelm\u00e9ben a f\u00e9l \u00e9vvel ezel\u0151ttihez k\u00e9pest most nagyobb annak kock\u00e1zata, hogy az EKB nem lesz k\u00e9pes ell\u00e1tni az \u00e1rstabilit\u00e1s fenntart\u00e1s\u00e1val kapcsolatos feladat\u00e1t; valamint technikai el\u0151k\u00e9sz\u00fcleteket folytatnak, hogy sz\u00fcks\u00e9g eset\u00e9n mennyis\u00e9gi k\u00f6nny\u00edt\u00e9st vezessenek be 2015 elej\u00e9n. Nyilatkozat\u00e1nak els\u0151 r\u00e9sze nyilv\u00e1nval\u00f3an helyt\u00e1ll\u00f3; mind\u00f6ssze e h\u00e9t szerd\u00e1ig kell v\u00e1rnunk, amikor az eur\u00f3z\u00f3na decemberi fogyaszt\u00f3i \u00e1rindexe az el\u0151rejelz\u00e9s szerint defl\u00e1ci\u00f3ba s\u00fcllyed (-0,1%) (ezzel ellent\u00e9tben j\u00faniusban +0,5% volt). Az adat azonban j\u00f3val alulmaradt a 2%-os c\u00e9lkit\u0171z\u00e9s\u00fck\u00f6n. A m\u00e1sodik r\u00e9sz azonban att\u00f3l f\u00fcgg, hogy az EKB Tan\u00e1csa beleegyezik-e abba. Amint p\u00e9nteken elhangzott, a Tan\u00e1cs nem minden tagja \u00e9rt azzal egyet (b\u00e1r Draghi szerint a Tan\u00e1cs \u201eegyhang\u00falag\u201d egyet\u00e9rtett), valamint a g\u00f6r\u00f6g v\u00e1laszt\u00e1sok jogi akad\u00e1lyt k\u00e9pezhetnek a mennyis\u00e9gi k\u00f6nny\u00edt\u00e9s janu\u00e1ri &#8211; \u00e9s tal\u00e1n k\u00e9s\u0151bbi &#8211; bevezet\u00e9se el\u0151tt.<\/li>\n<li>Draghi megjegyz\u00e9sei nem csak az EUR\/USD p\u00e1rt nyomt\u00e1k \u00e9ppen csak az 1,2000-es pszichol\u00f3giai szint f\u00f6l\u00e9, hanem az eur\u00f3z\u00f3na k\u00f6tv\u00e9nyhozamaira (amelyek m\u00e1r \u00edgy is rekord alacsony szinten vannak) is tov\u00e1bbi nyom\u00e1st gyakoroltak. A n\u00e9met Bund hozama 5 \u00e9vre el\u0151retekintve p\u00e9ld\u00e1ul most negat\u00edv, \u00e9s a 10 \u00e9ves hozamok most el\u0151sz\u00f6r cs\u00f6kkentek 50 b\u00e1zisponttal. \u00c1ltal\u00e1noss\u00e1gban nincs olyan sok k\u00fcl\u00f6nbs\u00e9g a n\u00e9met \u00e9s a jap\u00e1n hozamok k\u00f6z\u00f6tt. Ez jap\u00e1n st\u00edlus\u00fa defl\u00e1ci\u00f3t \u00e9s ez\u00e9rt jap\u00e1n st\u00edlus\u00fa monet\u00e1ris politik\u00e1t jelez el\u0151re az eur\u00f3z\u00f3na ter\u00fclet\u00e9n? V\u00e9g\u00fcl is lehets\u00e9ges. Mindenesetre ha nem vezetnek be mennyis\u00e9gi k\u00f6nny\u00edt\u00e9st, akkor val\u00f3sz\u00edn\u0171leg jelent\u0151s m\u00e9rt\u00e9kben fogj\u00e1k \u00e9rt\u00e9kes\u00edteni az eur\u00f3z\u00f3na k\u00f6tv\u00e9nyeit, \u00e9s a deviza repatri\u00e1l\u00e1sa miatt az EUR\/USD p\u00e1r m\u00e9g alacsonyabb szintre ker\u00fclhet.<\/li>\n<li>Az \u00e1rucikkek \u00e1rai az er\u0151s doll\u00e1r miatt cs\u00f6kkentek, \u00e9s vel\u00fck egy\u00fctt az \u00e1rudeviz\u00e1kkal is ez t\u00f6rt\u00e9nt. Az USD\/CAD p\u00e1r \u00faj maximum szintre ker\u00fclt erre a ciklusra. Az \u00e1rucikkek alacsonyabb \u00e1rai Draghi alacsony infl\u00e1ci\u00f3val kapcsolatos figyelmeztet\u00e9s\u00e9b\u0151l eredeztetve \u00fagy t\u0171nik, hogy \u00f6nbeteljes\u00edt\u0151 pr\u00f3f\u00e9cia, \u00e9s ez m\u00e9g ink\u00e1bb \u00edgy van, mivel az USA-beli 5 \u00e9ves\/5 \u00e9ves t\u00e1vlat\u00fa infl\u00e1ci\u00f3s swap tov\u00e1bb cs\u00f6kkent. \u00dagy t\u0171nik, hogy azon agg\u00e1lya, miszerint az infl\u00e1ci\u00f3s v\u00e1rakoz\u00e1sok \u201eelszabadulnak\u201d, az egyik oka annak, ami\u00e9rt az infl\u00e1ci\u00f3s v\u00e1rakoz\u00e1sok \u201eelszabadulnak\u201d. Az infl\u00e1ci\u00f3s v\u00e1rakoz\u00e1sok cs\u00f6kken\u00e9s\u00e9vel egy\u00fctt a Fed Alapok kamatl\u00e1b\u00e1val kapcsolatos v\u00e1rakoz\u00e1sok is cs\u00f6kkentek; ez a clevelandi Fed eln\u00f6ke, Loretta\u00a0Mester azon megjegyz\u00e9sei ellen\u00e9re k\u00f6vetkezett be, miszerint \u201eelk\u00e9pzelhet\u0151, hogy a kamatl\u00e1bak az \u00e9v els\u0151 fel\u00e9ben emelkedni fognak\u201d.<\/li>\n<li>A doll\u00e1r val\u00f3j\u00e1ban az \u00f6sszes G10 \u00e9s a legt\u00f6bb \u00e1ltalunk k\u00f6vetett felt\u00f6rekv\u0151 piacokbeli deviz\u00e1val szemben er\u0151s\u00f6d\u00f6tt. Az amerikai deviza visszaszerezte parit\u00e1s\u00e1t a sv\u00e1jci frankkal szemben, mivel a Sv\u00e1jci Nemzeti Bank l\u00e1tsz\u00f3lag beavatkozni k\u00e9nyszer\u00fclt az EUR\/CHF k\u00fcsz\u00f6b v\u00e9delme \u00e9rdek\u00e9ben. A sv\u00e1jci k\u00f6tv\u00e9nyhozamok most n\u00e9gy \u00e9v t\u00e1vlat\u00e1ban negat\u00edvak, a 10 \u00e9ves hozamok pedig kb. a jap\u00e1n hozamokkal azonosak.<\/li>\n<li>Egy jelz\u00e9s azzal kapcsolatban, hogy a devizapiacok id\u00e9n merre tarthatnak: a doll\u00e1r glob\u00e1lis p\u00e9nz\u00fcgyi rendszer\u00e9ben val\u00f3 gyeng\u00fcl\u00e9s\u00e9vel kapcsolatos \u00f6sszes besz\u00e9lget\u00e9s ellen\u00e9re az IMF p\u00e9nteken bejelentette, hogy az amerikai doll\u00e1r glob\u00e1lis devizatartal\u00e9kokban val\u00f3 r\u00e9szesed\u00e9se a 2. negyed\u00e9ves 60,7%-r\u00f3l a 3. negyed\u00e9vben 62,3%-ra emelkedett. Ez 2011-es \u00e9v 4. negyed\u00e9ve \u00f3ta a legmagasabb szint volt. Az eur\u00f3 r\u00e9szesed\u00e9se 24,1%-r\u00f3l 22,6%-ra cs\u00f6kkent, amely egy \u00e9vtizedet tekintve a legalacsonyabb szint. Eszerint a k\u00f6zponti bankok \u00fagy d\u00f6nt\u00f6ttek, hogy nem egyens\u00falyozz\u00e1k ki \u00fajra cs\u00f6kken\u0151 tartal\u00e9kaikat, amint az eur\u00f3 a negyed\u00e9v sor\u00e1n gyeng\u00fclt. Ezen szem\u00e9lyek vannak a legk\u00f6zelebb a t\u0171zh\u00f6z a devizapiaci bels\u0151 inform\u00e1ci\u00f3kat illet\u0151en, ez\u00e9rt komolyan kell venn\u00fcnk n\u00e9zeteiket. Korai m\u00e9g a doll\u00e1r \u201es\u00edrj\u00e1t \u00e1snunk\u201d.<\/li>\n<li><strong>Mai mutat\u00f3sz\u00e1mok:<\/strong> A h\u00e9tf\u0151i nap f\u0151 gazdas\u00e1gi k\u00f6zz\u00e9t\u00e9tele a n\u00e9met el\u0151zetes decemberi fogyaszt\u00f3i \u00e1rindex lesz. Szok\u00e1s szerint t\u00f6bb tartom\u00e1ny publik\u00e1lja saj\u00e1t adatait az orsz\u00e1gos adat k\u00f6zz\u00e9t\u00e9tele el\u0151tt. \u00dagy t\u0171nik, hogy a piac a nagyobbakat figyeli \u00fatmutat\u00e1s\u00e9rt. Az el\u0151rejelz\u00e9s szerint az orsz\u00e1gos r\u00e1ta \u00e9ves szinten +0,5%-r\u00f3l +0,2%-ra cs\u00f6kkent, ami negat\u00edv lehet az eur\u00f3ra n\u00e9zve.<\/li>\n<li>Az Egyes\u00fclt Kir\u00e1lys\u00e1g decemberi \u00e9p\u00edt\u0151ipari PMI-indexe az el\u0151rejelz\u00e9sek szerint cs\u00f6kkent.<\/li>\n<li>A felsz\u00f3lal\u00f3kat illet\u0151en: A minneapolisi Fed eln\u00f6ke, Kocherlakota vas\u00e1rnap Bostonban sz\u00f3lalt fel, \u00e9s \u00e9rvelt az ellen, hogy a Fed-nek matematikai szab\u00e1lyokat kellene alkalmazni a politika megalkot\u00e1s\u00e1hoz. A republik\u00e1nusok olyan szab\u00e1lyok bevezet\u00e9s\u00e9t fontolgatj\u00e1k, amelyek korl\u00e1tozz\u00e1k a Fed f\u00fcggetlens\u00e9g\u00e9t \u00e9s d\u00f6nt\u00e9si hat\u00e1sk\u00f6r\u00e9t a monet\u00e1ris politika megalkot\u00e1s\u00e1ban. A bostoni Fed eln\u00f6ke, Rosengren k\u00f6zz\u00e9tette egy, a nap folyam\u00e1n tartand\u00f3 besz\u00e9d\u00e9nek sz\u00f6veg\u00e9t, amelyben az \u00e1llt, hogy az alacsony maginfl\u00e1ci\u00f3 \u00e9s a b\u00e9remelked\u00e9s \u201eelegend\u0151 indokot szolg\u00e1ltat a t\u00fcrelemre\u201d, de id\u00e9n nem szavaz, teh\u00e1t mi\u00e9rt sz\u00e1m\u00edt ez? Az eur\u00f3pai nap sor\u00e1n a San Francisc\u00f3-i Fed eln\u00f6ke, John Williams egy, \u201eLak\u00e1shelyzet, munkan\u00e9lk\u00fclis\u00e9g \u00e9s monet\u00e1ris politika\u201d c\u00edm\u0171 besz\u00e9lget\u00e9sen vesz r\u00e9szt. A Norges Bank korm\u00e1nyz\u00f3ja, Oeystein Olsen \u00e9s a Sv\u00e1jci Nemzeti Bank eln\u00f6ke, Thomas Jordan is felsz\u00f3lalnak.<\/li>\n<li><strong>A h\u00e9t h\u00e1tral\u00e9v\u0151 r\u00e9sz\u00e9ben:<\/strong> Kedden napvil\u00e1got l\u00e1tnak a decemberi v\u00e9gleges PMI-indexek. Az USA-beli ISM nem gy\u00e1rt\u00e1si index az el\u0151rejelz\u00e9s szerint cs\u00f6kkent, k\u00f6vetve a p\u00e9nteken k\u00f6zz\u00e9tett, csal\u00f3d\u00e1st kelt\u0151 ISM gy\u00e1rt\u00e1si indexet. Az USA novemberi gy\u00e1ri rendel\u00e9s\u00e1llom\u00e1nya is napvil\u00e1got l\u00e1t.<\/li>\n<li>Szerd\u00e1n az eur\u00f3z\u00f3na fogyaszt\u00f3i \u00e1rindexei mellett a Fed k\u00f6zz\u00e9teszi a legut\u00f3bbi politikai \u00e9rtekezlet\u00e9r\u0151l k\u00e9sz\u00fclt jegyz\u0151k\u00f6nyvet, amikor is a hivatalnokok mell\u0151zt\u00e9k a \u201ejelent\u0151s id\u0151re\u201d fr\u00e1zist, \u00e9s a Bizotts\u00e1g ehelyett \u00edgy nyilatkozott: \u201et\u00fcrelmesek lehet\u00fcnk a monet\u00e1ris politikai \u00e1ll\u00e1spont normaliz\u00e1l\u00e1s\u00e1nak megkezd\u00e9s\u00e9t illet\u0151en\u201d. A piac val\u00f3sz\u00edn\u0171leg nagyobb betekint\u00e9st szeretne kapni a jegyz\u0151k\u00f6nyvb\u0151l az \u00faj fr\u00e1zis jelent\u00e9s\u00e9t illet\u0151en. A decemberi ADP foglalkoztat\u00e1si indexet is publik\u00e1lj\u00e1k k\u00e9t nappal a nem mez\u0151gazdas\u00e1gi munkaer\u0151-\u00e1llom\u00e1ny k\u00f6zz\u00e9t\u00e9tele el\u0151tt; az index v\u00e1rhat\u00f3an jelzi, hogy a foglalkoztat\u00e1s gyorsabb \u00fctemben n\u0151tt.<\/li>\n<li>Cs\u00fct\u00f6rt\u00f6k\u00f6n a Bank of England Monet\u00e1ris Politikai Bizotts\u00e1ga \u00fcl\u00e9sezik. Val\u00f3sz\u00edn\u0171tlen, hogy m\u00f3dos\u00edtja politik\u00e1j\u00e1t, \u00e9s a piacra gyakorolt hat\u00e1s is szok\u00e1s szerint minim\u00e1lis lesz. Az \u00e9rtekezletr\u0151l k\u00e9sz\u00fclt jegyz\u0151k\u00f6nyv azonban val\u00f3sz\u00edn\u0171leg \u00e9rdekes lesz, amikor janu\u00e1r 21-\u00e9n k\u00f6zz\u00e9teszik. Az eur\u00f3z\u00f3na novemberi termel\u0151i \u00e1rindexe \u00e9s a novemberi viszontelad\u00f3i \u00e9rt\u00e9kes\u00edt\u00e9s is napvil\u00e1got l\u00e1t.<\/li>\n<li>V\u00e9gezet\u00fcl p\u00e9nteken a f\u0151 esem\u00e9ny az USA decemberi nem mez\u0151gazdas\u00e1gi munkaer\u0151-\u00e1llom\u00e1ny\u00e1nak k\u00f6zz\u00e9t\u00e9tele lesz. A piaci v\u00e1rakoz\u00e1sok szerint a foglalkoztat\u00e1sban 240 ezres emelked\u00e9s k\u00f6vetkezett be (ez cs\u00f6kken\u00e9st jelent a novemberi meglep\u0151, 321 ezres emelked\u00e9shez k\u00e9pest), de m\u00e9g mindig kedvez\u0151. Eszerint a gazdas\u00e1gban 11 egym\u00e1st k\u00f6vet\u0151 h\u00f3napban legal\u00e1bb 200 ezer \u00faj munkahely l\u00e9tes\u00fclt. Ez 1999 \u00f3ta a legnagyobb foglalkoztat\u00e1sbeli \u00e9ves n\u00f6veked\u00e9s lehet. A munkan\u00e9lk\u00fclis\u00e9gi r\u00e1ta az el\u0151rejelz\u00e9s szerint 5,8%-r\u00f3l 5,7%-ra cs\u00f6kkent, mik\u00f6zben az \u00e1tlagos \u00f3rab\u00e9rek v\u00e1rhat\u00f3an gyorsultak \u00e9ves szinten. Egy ilyen kedvez\u0151 foglalkoztat\u00e1si jelent\u00e9s hat\u00e1s\u00e1ra a Fed Alapok kamatl\u00e1b\u00e1val kapcsolatos v\u00e1rakoz\u00e1sok emelkedhetnek, ez\u00e9rt t\u00e1mogatja a doll\u00e1rt. Kanada decemberi munkan\u00e9lk\u00fclis\u00e9gi r\u00e1t\u00e1ja is k\u00f6zz\u00e9 lesz t\u00e9ve.<\/li>\n<\/ul>\n<p>&nbsp;<\/p><div id=\"gazda-1489146835\" class=\"gazda-tartalomban gazda-entity-placement\"><script async src=\"https:\/\/pagead2.googlesyndication.com\/pagead\/js\/adsbygoogle.js\"><\/script>\r\n<ins class=\"adsbygoogle\"\r\n     style=\"display:block\"\r\n     data-ad-format=\"fluid\"\r\n     data-ad-layout-key=\"-6t+ed+2i-1n-4w\"\r\n     data-ad-client=\"ca-pub-1959107119989764\"\r\n     data-ad-slot=\"4008251320\"><\/ins>\r\n<script>\r\n     (adsbygoogle = window.adsbygoogle || []).push({});\r\n<\/script><\/div>\n<p>&nbsp;<\/p>\n<p><strong>Az EUR\/USD p\u00e1r az 1,2000-es szint al\u00e1 cs\u00f6kkent<\/strong><\/p>\n<ul>\n<li>Az<strong> EUR\/USD<\/strong> p\u00e1r p\u00e9nteken cs\u00f6kkent, \u00e9s lefel\u00e9 \u00e1tt\u00f6rte az 1,2040-es (R2) szintet, majd el\u00e9rte az 1,2000-es (R1) pszichol\u00f3giai tartom\u00e1nyt. H\u00e9tf\u0151n a p\u00e1r cs\u00f6kkenve nyitotta a napot, \u00e9s cs\u00f6kkent, majd el\u00e9rte az 1,1860-as (S1) t\u00e1maszszintet; ezut\u00e1n visszapattant, miel\u0151tt a keresked\u00e9s az 1,1940-es szint k\u00f6zel\u00e9ben zajlott. Mivel bek\u00f6vetkezett az 1,2000-es (R1) tartom\u00e1ny lefel\u00e9 t\u00f6rt\u00e9n\u0151 \u00e1tt\u00f6r\u00e9se, a r\u00f6vid t\u00e1v\u00fa k\u00e9p cs\u00f6kken\u0151 marad, \u00e9s v\u00e1rhat\u00f3an ism\u00e9t tesztel\u00e9sre ker\u00fcl sor az 1,1860-as (S1) akad\u00e1lyon. Ma v\u00e1rhat\u00f3an a n\u00e9met decemberi infl\u00e1ci\u00f3s r\u00e1ta lassul\u00e1s\u00e1r\u00f3l sz\u00e1molnak be, ami el\u0151k\u00e9sz\u00edtheti a terepet a kor\u00e1bban eml\u00edtett mozg\u00e1shoz. A r\u00f6vid t\u00e1v\u00fa mutat\u00f3sz\u00e1mok al\u00e1t\u00e1masztj\u00e1k az EUR\/USD p\u00e1r negat\u00edv ir\u00e1ny\u00e1t. Az RSI m\u00e9lyebbre cs\u00f6kkent a t\u00fal\u00e9rt\u00e9kes\u00edtett tartom\u00e1nyban, mik\u00f6zben az MACD &#8211; amely m\u00e1r negat\u00edv &#8211; tov\u00e1bb cs\u00f6kkent a jelz\u0151 vonala al\u00e1. Ezen jelz\u00e9sek gyorsul\u00f3 medve jelleg\u0171 momentumot jeleznek, \u00e9s fokozz\u00e1k a tov\u00e1bbi cs\u00f6kken\u00e9sek val\u00f3sz\u00edn\u0171s\u00e9g\u00e9t. A hosszabb t\u00e1v\u00fa trendet tekintve tov\u00e1bbra is hosszabb t\u00e1v\u00fa cs\u00f6kken\u0151 trendet l\u00e1tok. A napi grafikonon m\u00e9g mindig alacsonyabb maximum szinteket \u00e9s alacsonyabb minimum szinteket l\u00e1tok az 50 \u00e9s a 200 napos mozg\u00f3\u00e1tlag alatt.<\/li>\n<li>T\u00e1maszszint: 1,1860 (S1), 1,1775 (S2), 1,1700 (S3)<\/li>\n<li>Ellen\u00e1ll\u00e1sszint: 1,2000 (R1), 1,2040 (R2), 1,2130 (R3)<\/li>\n<\/ul>\n<p><strong><br \/>\n<\/strong><\/p>\n<p><strong>A GBP\/USD p\u00e1r cs\u00f6kkent az Egyes\u00fclt Kir\u00e1lys\u00e1g csal\u00f3d\u00e1st kelt\u0151 gy\u00e1rt\u00e1si PMI-index\u00e9nek k\u00f6zz\u00e9t\u00e9tele ut\u00e1n<\/strong><\/p>\n<ul>\n<li>A<strong> GBP\/USD <\/strong>p\u00e1r p\u00e9nteken \u00f6sszeomlott, miut\u00e1n az Egyes\u00fclt Kir\u00e1lys\u00e1g decemberi gy\u00e1rt\u00e1si PMI-indexe csal\u00f3d\u00e1st keltett. Az \u00e1rfolyam lefel\u00e9 \u00e1tt\u00f6rte az 1,5500-as (R2) pszichol\u00f3giai tartom\u00e1nyt, \u00e9s figyelmen k\u00edv\u00fcl hagyta az 1,5430-as (R1) ellen\u00e1ll\u00e1sszintt\u00e9 v\u00e1lt t\u00e1maszszinti akad\u00e1lyt, amelyet a 2013. augusztus 14-ei \u00e9s 28-ai minimum szintek hat\u00e1roznak meg. H\u00e9tf\u0151n a p\u00e1r cs\u00f6kken\u00e9se folytat\u00f3dott az 1,5200-as (S1) t\u00e1maszszinti tartom\u00e1ny al\u00e1 (a 2013. augusztus 7-ei minimum szint), miel\u0151tt visszapattant \u00e9s az 1,5285-\u00f6s szint k\u00f6zel\u00e9ben zajlott a keresked\u00e9s. Ha az Egyes\u00fclt Kir\u00e1lys\u00e1g ma k\u00f6zz\u00e9teend\u0151, decemberi \u00e9p\u00edt\u0151ipari PMI-indexe is csal\u00f3d\u00e1st kelt\u0151 lesz, akkor az el\u0151k\u00e9sz\u00edtheti a terepet az ism\u00e9telt cs\u00f6kken\u00e9shez az 1,5200-as (S1) vagy az 1,5165-\u00f6s (S2) t\u00e1maszszinti akad\u00e1lyok fel\u00e9. A hosszabb t\u00e1v\u00fa trendet tekintve tov\u00e1bbra is azt mondom, hogy am\u00edg a GBP\/USD p\u00e1r a 80 napos exponenci\u00e1lis mozg\u00f3\u00e1tlag alatt van, az \u00e1ltal\u00e1nos \u00fatvonal cs\u00f6kken\u0151 marad.<\/li>\n<li>T\u00e1maszszint: 1,5200 (S1), 1,5165 (S2), 1,5100 (S3)<\/li>\n<li>Ellen\u00e1ll\u00e1sszint: 1,5430 (R1), 1,5500 (R2), 1,5585 (R3)<\/li>\n<\/ul>\n<p>&nbsp;<\/p>\n<p><strong>Az EUR\/JPY p\u00e1r a 144,75-\u00f6s szint al\u00e1 cs\u00f6kkent<\/strong><\/p>\n<ul>\n<li>Az<strong> EUR\/JPY<\/strong> p\u00e1r cs\u00f6kkent, \u00e9s lefel\u00e9 \u00e1tt\u00f6rte az 144,75-\u00f6s (R1) ellen\u00e1ll\u00e1sszintt\u00e9 v\u00e1lt t\u00e1maszszinti korl\u00e1tot. Ma ez az \u00e1rfolyam el\u00e9rte a t\u00e1maszszintet valamelyest a 143,40-es szint alatt, ahol az egy\u00e9rtelm\u0171 \u00e1tt\u00f6r\u00e9s hosszabb\u00edt\u00e1sokat v\u00e1lthat ki a 142,00-s (S2) tartom\u00e1ny fel\u00e9, amelyet a november 10-ei minimum szint hat\u00e1roz meg. A r\u00f6vid t\u00e1v\u00fa momentum mutat\u00f3sz\u00e1mokra tekintve l\u00e1that\u00f3, hogy az RSI visszat\u00e9rt t\u00fal\u00e9rt\u00e9kes\u00edtett tartom\u00e1ny\u00e1ba, mik\u00f6zben az MACD z\u00e9rus \u00e9s jelz\u0151 vonala alatt marad, \u00e9s lefel\u00e9 mutat.<\/li>\n<li>A napi grafikonon lehets\u00e9ges fej-v\u00e1ll alakzat van, amely fokozza a tov\u00e1bbi medve jelleg\u0171, r\u00f6vid t\u00e1v\u00fa hosszabb\u00edt\u00e1sok val\u00f3sz\u00edn\u0171s\u00e9g\u00e9t. A napi momentum mutat\u00f3sz\u00e1maink al\u00e1t\u00e1masztj\u00e1k ezt a n\u00e9zetet. A 14 napos RSI 50-es szintje al\u00e1 cs\u00f6kkent, mik\u00f6zben az MACD negat\u00edv jelz\u00e9st kapott.<\/li>\n<li>T\u00e1maszszint: 143,40 (S1), 142,00 (S2), 141,40 (S3)<\/li>\n<li>Ellen\u00e1ll\u00e1sszint: 144,75 (R1), 145,50 (R2), 147,15 (R3)<\/li>\n<\/ul>\n<p>&nbsp;<\/p>\n<p><strong>Az arany visszapattant az 1173-as szint k\u00f6zel\u00e9ben<\/strong><\/p>\n<ul>\n<li>Az <strong>arany<\/strong> cs\u00f6kkent, de n\u00e9h\u00e1ny v\u00e9teli megb\u00edz\u00e1st v\u00e1ltott ki valamelyest az 1173-as (S2) tartom\u00e1ny alatt, amely egybeesik a november 7. \u00e9s december 9. k\u00f6z\u00f6tti emelked\u00e9s 61,8%-os visszat\u00e9r\u00e9si szintj\u00e9vel. Mivel a nemesf\u00e9m ezen Fibonacci visszat\u00e9r\u00e9si szint felett \u00e9s az 1210-es (R2) ellen\u00e1ll\u00e1sszint alatt marad, \u00e9s nincs egy\u00e9rtelm\u0171 r\u00f6vid t\u00e1v\u00fa trend, legal\u00e1bbis egyel\u0151re fenntartan\u00e1m v\u00e1rakoz\u00f3 \u00e1ll\u00e1spontomat. Az 1173-as (S2) korl\u00e1t lefel\u00e9 t\u00f6rt\u00e9n\u0151 \u00e1tt\u00f6r\u00e9se val\u00f3sz\u00edn\u0171leg cs\u00f6kken\u0151re v\u00e1ltoztatja a r\u00f6vid t\u00e1v\u00fa ir\u00e1nyt. M\u00e1sr\u00e9szt, csak az 1210-es (R2) szint felfel\u00e9 val\u00f3 \u00e1tt\u00f6r\u00e9se er\u0151s\u00edten\u00e9 meg a k\u00f6vetkez\u0151 magasabb maximum szintet a napi grafikonon. A mutat\u00f3sz\u00e1mok ism\u00e9t nem er\u0151s\u00edtik meg egym\u00e1st, ami hozz\u00e1j\u00e1rul a nemesf\u00e9m vegyes k\u00e9p\u00e9hez. Az RSI felfel\u00e9 \u00e1tt\u00e9rt 50-es szintj\u00e9n, de \u00fagy t\u0171nik, hogy k\u00e9pes visszat\u00e9rni az al\u00e1, mik\u00f6zben az MACD felfel\u00e9 \u00e1tt\u00e9rt ind\u00edt\u00f3 vonal\u00e1n \u00e9s felfel\u00e9 mutat, \u00e9s hamarosan pozit\u00edvv\u00e1 v\u00e1lhat.<\/li>\n<li>T\u00e1maszszint: 1180 (S1), 1173 (S2), 1165 (S3)<\/li>\n<li>Ellen\u00e1ll\u00e1sszint: 1197 (R1), 1210 (R2), 1222 (R3)<\/li>\n<\/ul>\n<p>&nbsp;<\/p>\n<p><strong>A WTI k\u00f6zeledik az 50,00-s tartom\u00e1nyhoz<\/strong><\/p>\n<p>&nbsp;<\/p>\n<ul>\n<li>A<strong> WTI<\/strong> p\u00e9nteken cs\u00f6kkent, \u00e9s lefel\u00e9 \u00e1tt\u00f6rte az 52,00-s (R1) szintet. Ez a mozg\u00e1s meger\u0151s\u00edtette a k\u00f6vetkez\u0151 alacsonyabb minimum szintet az 1 \u00f3r\u00e1s grafikonon, \u00e9s al\u00e1t\u00e1masztja azon n\u00e9zetemet, miszerint a cs\u00f6kken\u00e9s val\u00f3sz\u00edn\u0171leg folytat\u00f3dik, \u00e9s teszteli az 50,00-s (S1) pszichol\u00f3giai tartom\u00e1nyt a k\u00f6zelj\u00f6v\u0151ben. Mutat\u00f3sz\u00e1mainkat tekintve az MACD z\u00e9rus \u00e9s jelz\u0151 vonala alatt marad, ami er\u0151s medve jelleg\u0171 momentumot jelez, de az RSI visszapattant valamelyest, miut\u00e1n el\u00e9rte a 30-as szintet. Emiatt kisebb ingadoz\u00e1sra sz\u00e1m\u00edtan\u00e9k, miel\u0151tt az elad\u00f3k ism\u00e9t \u201emegh\u00fazz\u00e1k a ravaszt\u201d. Hosszabb t\u00e1von am\u00edg a WTI tov\u00e1bbra is alacsonyabb maximum szinteket \u00e9s alacsonyabb minimum szinteket \u00e9r el az 50 \u00e9s a 200 napos mozg\u00f3\u00e1tlag alatt, az \u00e1ltal\u00e1nos \u00fatvonal cs\u00f6kken\u0151 marad.<\/li>\n<li>T\u00e1maszszint: 50,00 (S1), 48,00 (S2), 46,70 (S3)<\/li>\n<li>Ellen\u00e1ll\u00e1sszint: 52,00 (R1), 53,70 (R2), 54,30 (R3)<\/li>\n<\/ul>\n","protected":false},"excerpt":{"rendered":"<p>Az EUR\/USD p\u00e1r folytatja tavalyi trendj\u00e9t, cs\u00f6kken\u00e9ssel k\u00f6sz\u00f6nti az \u00faj \u00e9vet. Az EUR\/USD p\u00e1r a 2015-\u00f6s \u00faj \u00e9vet \u201esz\u00e1mszer\u0171en ut\u00e1nozva\u201d k\u00f6sz\u00f6nt\u00f6tte \u2013 el\u00e9rte az 1,2015-\u00f6s szintet (kiss\u00e9 lejjebb is ment), majd h\u00e9tf\u0151n tov\u00e1bb zuhant.<\/p>\n","protected":false},"author":1,"featured_media":39322,"comment_status":"open","ping_status":"closed","sticky":false,"template":"","format":"standard","meta":[],"categories":[146,8,131,122,153],"tags":[],"_links":{"self":[{"href":"https:\/\/gazdasagportal.hu\/index.php\/wp-json\/wp\/v2\/posts\/53966"}],"collection":[{"href":"https:\/\/gazdasagportal.hu\/index.php\/wp-json\/wp\/v2\/posts"}],"about":[{"href":"https:\/\/gazdasagportal.hu\/index.php\/wp-json\/wp\/v2\/types\/post"}],"author":[{"embeddable":true,"href":"https:\/\/gazdasagportal.hu\/index.php\/wp-json\/wp\/v2\/users\/1"}],"replies":[{"embeddable":true,"href":"https:\/\/gazdasagportal.hu\/index.php\/wp-json\/wp\/v2\/comments?post=53966"}],"version-history":[{"count":1,"href":"https:\/\/gazdasagportal.hu\/index.php\/wp-json\/wp\/v2\/posts\/53966\/revisions"}],"predecessor-version":[{"id":53967,"href":"https:\/\/gazdasagportal.hu\/index.php\/wp-json\/wp\/v2\/posts\/53966\/revisions\/53967"}],"wp:featuredmedia":[{"embeddable":true,"href":"https:\/\/gazdasagportal.hu\/index.php\/wp-json\/wp\/v2\/media\/39322"}],"wp:attachment":[{"href":"https:\/\/gazdasagportal.hu\/index.php\/wp-json\/wp\/v2\/media?parent=53966"}],"wp:term":[{"taxonomy":"category","embeddable":true,"href":"https:\/\/gazdasagportal.hu\/index.php\/wp-json\/wp\/v2\/categories?post=53966"},{"taxonomy":"post_tag","embeddable":true,"href":"https:\/\/gazdasagportal.hu\/index.php\/wp-json\/wp\/v2\/tags?post=53966"}],"curies":[{"name":"wp","href":"https:\/\/api.w.org\/{rel}","templated":true}]}}