{"id":53923,"date":"2015-01-04T10:21:09","date_gmt":"2015-01-04T09:21:09","guid":{"rendered":"http:\/\/stockportal.hu\/?p=53923"},"modified":"2015-01-04T10:21:09","modified_gmt":"2015-01-04T09:21:09","slug":"opten-tobb-mint-41-ezer-ceg-szunt-meg-tavaly","status":"publish","type":"post","link":"https:\/\/gazdasagportal.hu\/index.php\/opten-tobb-mint-41-ezer-ceg-szunt-meg-tavaly\/","title":{"rendered":"Opten: t\u00f6bb mint 41 ezer c\u00e9g sz\u0171nt meg tavaly"},"content":{"rendered":"<p><strong>T\u00f6bb mint 41 ezer c\u00e9g sz\u0171nt meg Magyarorsz\u00e1gon tavaly, csaknem 25 sz\u00e1zal\u00e9kkal t\u00f6bb mint 2013-ban &#8211; k\u00f6z\u00f6lte az Opten c\u00e9ginform\u00e1ci\u00f3s szolg\u00e1ltat\u00f3 az MTI-vel.<\/strong><!--more--><\/p>\n<div class=\"ads-in-post1\"><div id=\"gazdasagportal.hu_fullbanner_wideboard\"><\/div>\r\n<\/div>\n<p>    Az Opten 2015-ben a tavalyin\u00e1l m\u00e9g t\u00f6bb, 45 ezer t\u00f6rl\u00e9ssel \u00e9s a c\u00e9galap\u00edt\u00e1sok szinten marad\u00e1s\u00e1val, mintegy 30 ezer c\u00e9g alap\u00edt\u00e1s\u00e1val sz\u00e1mol.<br \/>\n    2014-ben az Opten szerint a c\u00e9gjogi \u00e9s gazdas\u00e1gi folyamatok egy\u00fcttesen okozt\u00e1k a rekordsz\u00e1m\u00fa c\u00e9gt\u00f6rl\u00e9st. M\u00edg a megsz\u0171nt c\u00e9gek sz\u00e1ma n\u0151tt tavaly, kevesebb &#8211; 30 ezer &#8211; c\u00e9get alap\u00edtottak, \u00edgy egy \u00e9v alatt \u00f6sszesen 11 ezerrel cs\u00f6kkent a m\u0171k\u00f6d\u0151 c\u00e9gek sz\u00e1ma az orsz\u00e1gban.<br \/>\n    A c\u00e9gek sz\u00e1m\u00e1nak cs\u00f6kken\u00e9se \u00f6nmag\u00e1ban nem jelent probl\u00e9m\u00e1t, hiszen sz\u00e1mos szigor\u00edt\u00f3 int\u00e9zked\u00e9s sz\u00fcletett a c\u00e9gjogi k\u00f6rnyezetben \u00e9s a jogalkot\u00f3k nem titkolt c\u00e9lja a gazdas\u00e1g &#8222;sz\u00fcrke z\u00f3n\u00e1j\u00e1nak&#8221; le\u00e9p\u00edt\u00e9se volt &#8211; v\u00e9lekedik a k\u00f6zlem\u00e9nyben T\u00f3th Tam\u00e1s, az Opten \u00fcgyvezet\u0151je. Hozz\u00e1f\u0171zte ugyanakkor, hogy a magas fluktu\u00e1ci\u00f3 probl\u00e9m\u00e1t jelent.<br \/>\n    A szakember szerint ugyanakkor a 30 ezres \u00e9ves c\u00e9galap\u00edt\u00e1si sz\u00e1m m\u00e9g \u00edgy is &#8222;irre\u00e1lisan magas egy 10 milli\u00f3s orsz\u00e1gban&#8221;. A helyzetet tov\u00e1bb sz\u00ednes\u00edti, hogy az \u00fajonnan alap\u00edtott c\u00e9gek jelent\u0151s r\u00e9sze kor\u00e1bbi v\u00e1llalatokhoz kapcsolhat\u00f3, ami azt jelzi, hogy tov\u00e1bbra is sokan pr\u00f3b\u00e1lnak &#8222;tiszta lappal&#8221; \u00faj c\u00e9get alap\u00edtani, \u00e9s kor\u00e1bbi v\u00e1llalkoz\u00e1sukat &#8211; sokszor tartoz\u00e1sokkal egy\u00fctt &#8211; h\u00e1trahagyni &#8211; h\u00edvja fel a figyelmet a k\u00f6zlem\u00e9nyben T\u00f3th Tam\u00e1s.<br \/>\n    Tavaly tov\u00e1bbra is a felsz\u00e1mol\u00e1s volt a vezet\u0151 c\u00e9gt\u00f6rl\u00e9si ok, de ar\u00e1nya az \u00f6sszes t\u00f6rl\u00e9si ok k\u00f6z\u00f6tt 40 sz\u00e1zal\u00e9k al\u00e1 cs\u00f6kkent. Ezzel p\u00e1rhuzamosan a v\u00e9gelsz\u00e1mol\u00e1ssal megsz\u0171n\u0151 c\u00e9gek sz\u00e1ma a 2011-es 4300-r\u00f3l 2014-ben 7000-re emelkedett, a c\u00e9gb\u00edr\u00f3s\u00e1g \u00e1ltal ind\u00edtott k\u00e9nyszert\u00f6rl\u00e9sek sz\u00e1ma pedig a tavalyi 15 ezerr\u0151l 30 ezer f\u00f6l\u00e9 ugrott.<br \/>\n    A k\u00e9nyszert\u00f6rl\u00e9sek gyarapod\u00e1sa miatt a felsz\u00e1mol\u00e1sok sz\u00e1ma is emelkedett: a 2013-as rekord alacsony felsz\u00e1mol\u00e1st hoz\u00f3 \u00e9v ut\u00e1n tavaly 32 sz\u00e1zal\u00e9kkal 18 ezerre emelkedett az ilyen elj\u00e1r\u00e1sok sz\u00e1ma.<br \/>\n    Az Opten c\u00e9gfluktu\u00e1ci\u00f3s indexe (CFI), &#8211; amely egy adott id\u0151szakban t\u00f6r\u00f6lt \u00e9s alap\u00edtott c\u00e9gek sz\u00e1m\u00e1t viszony\u00edtja az id\u0151szak elej\u00e9n rendben m\u0171k\u00f6d\u0151k\u00e9hez &#8211; 2014-ben a cs\u00f6kken\u0151 c\u00e9galap\u00edt\u00e1si sz\u00e1m ellen\u00e9re 13 sz\u00e1zal\u00e9k f\u00f6l\u00e9 emelkedett. Megyei bont\u00e1sban tavaly a legstabilabb megy\u00e9k k\u00f6z\u00e9 tartozott Pest (Budapest n\u00e9lk\u00fcl), Tolna \u00e9s Vas megye, a legnagyobb fluktu\u00e1ci\u00f3 pedig Fej\u00e9r, N\u00f3gr\u00e1d \u00e9s Szabolcs-Szatm\u00e1r-Bereg megy\u00e9kben volt.     \u00c1gazati kitekint\u00e9sben tov\u00e1bbra is a infokommunik\u00e1ci\u00f3s szektor valamint a kutat\u00f3, tan\u00e1csad\u00f3 c\u00e9gek voltak stabilak, m\u00edg a kiemelked\u0151en magas fluktu\u00e1ci\u00f3 volt az \u00e9p\u00edt\u0151iparban \u00e9s a vend\u00e9gl\u00e1t\u00e1sban &#8211; \u00edrja az Opten.(MTI)<\/p>\n","protected":false},"excerpt":{"rendered":"<p>T\u00f6bb mint 41 ezer c\u00e9g sz\u0171nt meg Magyarorsz\u00e1gon tavaly, csaknem 25 sz\u00e1zal\u00e9kkal t\u00f6bb mint 2013-ban &#8211; k\u00f6z\u00f6lte az Opten c\u00e9ginform\u00e1ci\u00f3s szolg\u00e1ltat\u00f3 az MTI-vel.<\/p>\n","protected":false},"author":1,"featured_media":0,"comment_status":"open","ping_status":"closed","sticky":false,"template":"","format":"standard","meta":[],"categories":[19],"tags":[],"_links":{"self":[{"href":"https:\/\/gazdasagportal.hu\/index.php\/wp-json\/wp\/v2\/posts\/53923"}],"collection":[{"href":"https:\/\/gazdasagportal.hu\/index.php\/wp-json\/wp\/v2\/posts"}],"about":[{"href":"https:\/\/gazdasagportal.hu\/index.php\/wp-json\/wp\/v2\/types\/post"}],"author":[{"embeddable":true,"href":"https:\/\/gazdasagportal.hu\/index.php\/wp-json\/wp\/v2\/users\/1"}],"replies":[{"embeddable":true,"href":"https:\/\/gazdasagportal.hu\/index.php\/wp-json\/wp\/v2\/comments?post=53923"}],"version-history":[{"count":1,"href":"https:\/\/gazdasagportal.hu\/index.php\/wp-json\/wp\/v2\/posts\/53923\/revisions"}],"predecessor-version":[{"id":53924,"href":"https:\/\/gazdasagportal.hu\/index.php\/wp-json\/wp\/v2\/posts\/53923\/revisions\/53924"}],"wp:attachment":[{"href":"https:\/\/gazdasagportal.hu\/index.php\/wp-json\/wp\/v2\/media?parent=53923"}],"wp:term":[{"taxonomy":"category","embeddable":true,"href":"https:\/\/gazdasagportal.hu\/index.php\/wp-json\/wp\/v2\/categories?post=53923"},{"taxonomy":"post_tag","embeddable":true,"href":"https:\/\/gazdasagportal.hu\/index.php\/wp-json\/wp\/v2\/tags?post=53923"}],"curies":[{"name":"wp","href":"https:\/\/api.w.org\/{rel}","templated":true}]}}