{"id":53808,"date":"2014-12-31T02:12:32","date_gmt":"2014-12-31T01:12:32","guid":{"rendered":"http:\/\/stockportal.hu\/?p=53808"},"modified":"2014-12-30T21:14:41","modified_gmt":"2014-12-30T20:14:41","slug":"evertekelo-orosz-foldgaz-koolaj-gazdasagi-bajok-es-tarsadalmi-feszultseg","status":"publish","type":"post","link":"https:\/\/gazdasagportal.hu\/index.php\/evertekelo-orosz-foldgaz-koolaj-gazdasagi-bajok-es-tarsadalmi-feszultseg\/","title":{"rendered":"\u00c9v\u00e9rt\u00e9kel\u0151 &#8211; Orosz f\u00f6ldg\u00e1z, k\u0151olaj, gazdas\u00e1gi bajok \u00e9s t\u00e1rsadalmi fesz\u00fclts\u00e9g"},"content":{"rendered":"<p><strong>Vlagyimir Putyin orosz \u00e1llamf\u0151 harmadik eln\u00f6ks\u00e9g\u00e9nek m\u00e1sodik \u00e9v\u00e9t v\u00e9gigk\u00eds\u00e9rte az orosz-ukr\u00e1n &#8222;g\u00e1zh\u00e1bor\u00fa&#8221;. Ukrajna t\u00f6bb milli\u00e1rd doll\u00e1ros ad\u00f3ss\u00e1ga miatt a Gazprom j\u00fanius k\u00f6zep\u00e9n besz\u00fcntette, majd az \u0151sszel fel\u00faj\u00edtotta az energiahordoz\u00f3 sz\u00e1ll\u00edt\u00e1s\u00e1t Kijevnek.<\/strong><!--more--><\/p>\n<div class=\"ads-in-post1\"><div id=\"gazdasagportal.hu_fullbanner_wideboard\"><\/div>\r\n<\/div>\n<p>    Ek\u00f6zben g\u0151zer\u0151vel folytak az egyeztet\u00e9sek Moszkva \u00e9s a D\u00e9li \u00c1ramlat megval\u00f3s\u00edt\u00e1s\u00e1ban \u00e9rdekelt balk\u00e1ni \u00e9s k\u00f6z\u00e9p- \u00e9s kelet-k\u00f6z\u00e9p-eur\u00f3pai orsz\u00e1gok &#8211; ezen bel\u00fcl Magyarorsz\u00e1g -, valamint Moszkva \u00e9s az Eur\u00f3pai Uni\u00f3 k\u00f6z\u00f6tt. A beruh\u00e1z\u00e1st tavaly december elej\u00e9n m\u00e9g l\u00e1tv\u00e1nyos k\u00fcls\u0151s\u00e9gek k\u00f6zepette ind\u00edtotta el Putyin a Fekete-tenger partj\u00e1n l\u00e9v\u0151 Anap\u00e1ban, majd egy \u00e9vre r\u00e1 a t\u00f6r\u00f6korsz\u00e1gi Ankar\u00e1ban ugyancsak \u0151 jelentette be a projekt lez\u00e1r\u00e1s\u00e1t Br\u00fcsszel &#8222;akad\u00e9koskod\u00e1sa&#8221;, a harmadik energiacsomag szab\u00e1lyainak betartat\u00e1sa, \u00e9s a bolg\u00e1r enged\u00e9ly k\u00e9sleked\u00e9se miatt. Moszkva imm\u00e1r T\u00f6r\u00f6korsz\u00e1g fel\u00e9 tervezi ir\u00e1ny\u00edtani az orosz g\u00e1zt sz\u00e1ll\u00edt\u00f3 vezet\u00e9ket, ahol egy, a Balk\u00e1nt \u00e9s K\u00f6z\u00e9p-Eur\u00f3p\u00e1t ell\u00e1t\u00f3 g\u00e1zeloszt\u00f3t l\u00e9tes\u00edten\u00e9nek.<br \/>\n     A k\u0151olaj vil\u00e1gpiaci \u00e1r\u00e1ra alapozott orosz gazdas\u00e1g teljes\u00edtm\u00e9nye a hivatalos statisztika szerint 0,8 sz\u00e1zal\u00e9kkal n\u0151tt az id\u00e9n, szak\u00e9rt\u0151k ugyanakkor a gazdas\u00e1g pang\u00e1s\u00e1r\u00f3l besz\u00e9ltek. F\u00fcggetlen szak\u00e9rt\u0151k sora, k\u00f6z\u00f6tt\u00fck Alekszej Kudrin volt orosz p\u00e9nz\u00fcgyminiszter is v\u00e1ls\u00e1gk\u00e9nt jellemezte a folyamatokat. Ut\u00f3bbi t\u00f6bb \u00e9vig tart\u00f3 gazdas\u00e1gi visszaes\u00e9sre sz\u00e1m\u00edt Oroszorsz\u00e1gban.<br \/>\n    A rubelnek az \u00e9v m\u00e1sodik fel\u00e9ben kezd\u0151d\u00f6tt, folyamatosan negat\u00edv rekordokat d\u00f6nt\u0151 \u00e9rt\u00e9kcs\u00f6kken\u00e9se december k\u00f6zep\u00e9n rendk\u00edv\u00fcli \u00e1rfolyamzuhan\u00e1sba v\u00e1ltott \u00e1t. December 16-\u00e1n, amely fekete keddk\u00e9nt vonult be az orosz p\u00e9nzpiac \u00e9s valutakereskedelem t\u00f6rt\u00e9net\u00e9be, egy eur\u00f3 t\u00f6bb mint 100 rubelt, egy doll\u00e1r pedig t\u00f6bb mint 80 rubelt \u00e9rt.<br \/>\n    Ebben az \u00e9vben 120-130 milli\u00e1rd doll\u00e1r m\u00e9rt\u00e9kben \u00e1ramlott ki a t\u0151ke Oroszorsz\u00e1gb\u00f3l. A lakoss\u00e1g re\u00e1lj\u00f6vedelme janu\u00e1rt\u00f3l novemberig nem n\u0151tt, hanem 0,2 sz\u00e1zal\u00e9kkal cs\u00f6kkent az el\u0151z\u0151 \u00e9v azonos id\u0151szak\u00e1hoz k\u00e9pest. A p\u00e9nz\u00fcgyminiszt\u00e9rium az idei infl\u00e1ci\u00f3t 11,5 sz\u00e1zal\u00e9kosra v\u00e1rja.<br \/>\n    Az orosz eln\u00f6k hagyom\u00e1nyos \u00e9vz\u00e1r\u00f3-\u00e9v\u00e9rt\u00e9kel\u0151 nemzetk\u00f6zi sajt\u00f3t\u00e1j\u00e9koztat\u00f3j\u00e1n mindezek &#8211; a rubel m\u00e9lyrep\u00fcl\u00e9se \u00e9s a gazdas\u00e1gi visszaes\u00e9sr\u0151l sz\u00f3l\u00f3 szak\u00e9rt\u0151i v\u00e1rakoz\u00e1sok &#8211; ellen\u00e9re nyugalomra intett, \u00e9s k\u00fcls\u0151 okokkal, a k\u0151olaj vil\u00e1gpiaci \u00e1r\u00e1nak es\u00e9s\u00e9vel \u00e9s a Nyugatnak Oroszorsz\u00e1gra gyakorolt nyom\u00e1s\u00e1val magyar\u00e1zta a v\u00e1ls\u00e1got. Kijelentette, hogy legfeljebb k\u00e9t neh\u00e9z \u00e9v v\u00e1r az orsz\u00e1gra. Hangs\u00falyozta, hogy a korm\u00e1ny teljes\u00edti szoci\u00e1lis \u00edg\u00e9reteit. A szem\u00e9lyes felel\u0151ss\u00e9g\u00e9t is felvet\u0151 k\u00e9rd\u00e9sekre \u00fagy v\u00e1laszolt, hogy nem tart palotaforradalomt\u00f3l.<br \/>\n    F\u00fcggetlen orosz elemz\u0151k \u00fagy l\u00e1tj\u00e1k, hogy mindez a hatalmi eliten bel\u00fcl eredm\u00e9nyezhet b\u00e1rmilyen v\u00e1ltoz\u00e1st vagy szakad\u00e1st. Szerint\u00fck nem v\u00e1rhat\u00f3, hogy a lakoss\u00e1g kivonul az utc\u00e1ra, m\u00e9g a meg\u00e9lhet\u00e9si neh\u00e9zs\u00e9gek er\u0151s\u00f6d\u00e9se miatt sem. A gazdas\u00e1gi gondok n\u00f6veked\u00e9s\u00e9vel ugyanis mind t\u00f6bben f\u00fcggenek majd a hatalomt\u00f3l. T\u00e1rsadalomkutat\u00f3k \u00fagy l\u00e1tj\u00e1k, hogy a lakoss\u00e1got a kijevi f\u0151t\u00e9ren t\u00f6rt\u00e9ntekt\u0151l, a hal\u00e1los \u00e1ldozatokkal j\u00e1r\u00f3, er\u0151szakba torkollott t\u00fcntet\u00e9sekt\u0151l val\u00f3 f\u00e9lelem is visszariasztja a hatalomellenes tiltakoz\u00e1st\u00f3l.<br \/>\n    El\u00e9rt\u00e9k c\u00e9ljukat az orosz hatalmat rendszeresen b\u00edr\u00e1l\u00f3, a tiltakoz\u00f3 akci\u00f3kat vezet\u0151 politikusok elleni b\u00fcntet\u0151elj\u00e1r\u00e1sok, a Kreml Ukrajna-politik\u00e1j\u00e1val szembehelyezked\u0151 k\u00f6z\u00e9leti szem\u00e9lyis\u00e9gek, politikusok lej\u00e1rat\u00e1sa is. Az orosz \u00e1llamf\u0151 \u00e9v\u00e9rt\u00e9kel\u0151 sajt\u00f3\u00e9rtekezlet\u00e9n tagadta, hogy a Kreml \u00e1llna az orosz hatalommal szembehelyezked\u0151k kirekeszt\u00e9se \u00e9s megb\u00e9lyegz\u00e9se m\u00f6g\u00f6tt. Az \u00e1llami propagandag\u00e9pezet \u00e9s a hatalom ideol\u00f3gusai \u00e1ltal \u00f6t\u00f6dik hadoszlopnak nevezett m\u00e1sk\u00e9nt gondolkod\u00f3k elleni legs\u00falyosabb v\u00e1d, hogy nem hazafiakk\u00e9nt viselkednek, hanem a k\u00fclf\u00f6ldi \u00e1llamok eszk\u00f6zek\u00e9nt k\u00fclf\u00f6ldi \u00e9rdekeket szolg\u00e1lnak, mert ellenzik a Kreml Ukrajna-politik\u00e1j\u00e1t.<br \/>\n    Id\u00e9n sem sz\u0171nt meg az orosz hat\u00f3s\u00e1gok nyom\u00e1sgyakorl\u00e1sa a hatalomt\u00f3l f\u00fcggetlen nem korm\u00e1nyzati szervezetekre (NGO). A legnagyobb visszhangot az igazs\u00e1g\u00fcgyi t\u00e1rc\u00e1nak a tekint\u00e9lyes Memorial nev\u0171 szervezet betilt\u00e1s\u00e1ra ir\u00e1nyul\u00f3 t\u00f6rekv\u00e9se v\u00e1ltotta ki.<br \/>\n    A Nyugattal ki\u00e9lez\u0151d\u00f6tt fesz\u00fclts\u00e9g k\u00f6zepette Oroszorsz\u00e1g a F\u00fcggetlen \u00c1llamok Sz\u00f6vets\u00e9g\u00e9n bel\u00fcl, valamint Kelet fel\u00e9, els\u0151sorban K\u00edn\u00e1val er\u0151s\u00edtette politikai, \u00e9s gazdas\u00e1gi, partneri kapcsolatait. J\u00f6v\u0151 janu\u00e1r elsej\u00e9n l\u00e9p m\u0171k\u00f6d\u00e9sbe az Eur\u00e1zsiai Gazdas\u00e1gi Sz\u00f6vets\u00e9g, amelyhez \u00d6rm\u00e9nyorsz\u00e1g \u00e9s Kirgiziszt\u00e1n is csatlakozik.<br \/>\n     Az \u00e9v v\u00e9g\u00e9re megsz\u00fcletett az orosz katonai doktr\u00edna \u00faj v\u00e1ltozata, amely az ukrajnai konfliktust \u00e9s a NATO keleti b\u0151v\u00edt\u00e9s\u00e9t az orsz\u00e1g biztons\u00e1g\u00e1t fenyeget\u0151 vesz\u00e9lyk\u00e9nt hat\u00e1rozza meg. A katonapolitika alapvet\u0151en v\u00e9delmi jelleg\u00e9t azonban nem v\u00e1ltoztatt\u00e1k meg.(MTI)<\/p>\n","protected":false},"excerpt":{"rendered":"<p>Vlagyimir Putyin orosz \u00e1llamf\u0151 harmadik eln\u00f6ks\u00e9g\u00e9nek m\u00e1sodik \u00e9v\u00e9t v\u00e9gigk\u00eds\u00e9rte az orosz-ukr\u00e1n &#8222;g\u00e1zh\u00e1bor\u00fa&#8221;. Ukrajna t\u00f6bb milli\u00e1rd doll\u00e1ros ad\u00f3ss\u00e1ga miatt a Gazprom j\u00fanius k\u00f6zep\u00e9n besz\u00fcntette, majd az \u0151sszel fel\u00faj\u00edtotta az energiahordoz\u00f3 sz\u00e1ll\u00edt\u00e1s\u00e1t Kijevnek.<\/p>\n","protected":false},"author":1,"featured_media":0,"comment_status":"open","ping_status":"closed","sticky":false,"template":"","format":"standard","meta":[],"categories":[12],"tags":[],"_links":{"self":[{"href":"https:\/\/gazdasagportal.hu\/index.php\/wp-json\/wp\/v2\/posts\/53808"}],"collection":[{"href":"https:\/\/gazdasagportal.hu\/index.php\/wp-json\/wp\/v2\/posts"}],"about":[{"href":"https:\/\/gazdasagportal.hu\/index.php\/wp-json\/wp\/v2\/types\/post"}],"author":[{"embeddable":true,"href":"https:\/\/gazdasagportal.hu\/index.php\/wp-json\/wp\/v2\/users\/1"}],"replies":[{"embeddable":true,"href":"https:\/\/gazdasagportal.hu\/index.php\/wp-json\/wp\/v2\/comments?post=53808"}],"version-history":[{"count":1,"href":"https:\/\/gazdasagportal.hu\/index.php\/wp-json\/wp\/v2\/posts\/53808\/revisions"}],"predecessor-version":[{"id":53809,"href":"https:\/\/gazdasagportal.hu\/index.php\/wp-json\/wp\/v2\/posts\/53808\/revisions\/53809"}],"wp:attachment":[{"href":"https:\/\/gazdasagportal.hu\/index.php\/wp-json\/wp\/v2\/media?parent=53808"}],"wp:term":[{"taxonomy":"category","embeddable":true,"href":"https:\/\/gazdasagportal.hu\/index.php\/wp-json\/wp\/v2\/categories?post=53808"},{"taxonomy":"post_tag","embeddable":true,"href":"https:\/\/gazdasagportal.hu\/index.php\/wp-json\/wp\/v2\/tags?post=53808"}],"curies":[{"name":"wp","href":"https:\/\/api.w.org\/{rel}","templated":true}]}}