{"id":53806,"date":"2014-12-31T01:11:19","date_gmt":"2014-12-31T00:11:19","guid":{"rendered":"http:\/\/stockportal.hu\/?p=53806"},"modified":"2014-12-30T21:12:08","modified_gmt":"2014-12-30T20:12:08","slug":"evertekelo-2014-az-elmult-ev-az-egyiptomi-forradalom-tuzprobaja-volt","status":"publish","type":"post","link":"https:\/\/gazdasagportal.hu\/index.php\/evertekelo-2014-az-elmult-ev-az-egyiptomi-forradalom-tuzprobaja-volt\/","title":{"rendered":"\u00c9v\u00e9rt\u00e9kel\u0151 2014 &#8211; Az elm\u00falt \u00e9v az egyiptomi forradalom t\u0171zpr\u00f3b\u00e1ja volt"},"content":{"rendered":"<p><strong>Egyiptom elm\u00falt egy \u00e9ve a 2011-es felkel\u00e9st k\u00f6vet\u0151 k\u00e9t rendszerv\u00e1lt\u00e1s k\u00eds\u00e9rte demokratiz\u00e1l\u00f3d\u00e1s jegy\u00e9ben telt, amelynek sikeres lez\u00e1r\u00e1s\u00e1t sokan a t\u00f6bb mint f\u00e9l \u00e9vsz\u00e1zados egyp\u00e1rti uralomnak v\u00e9get vet\u0151 forradalom t\u0171zpr\u00f3b\u00e1j\u00e1nak tekintik.<\/strong><!--more--><\/p>\n<div class=\"ads-in-post1\"><div id=\"gazdasagportal.hu_fullbanner_wideboard\"><\/div>\r\n<\/div>\n<p>    Mohamed Murszi iszlamista eln\u00f6k tavaly j\u00falius 3-ai megbuktat\u00e1s\u00e1nak napj\u00e1n Abdel-Fatt\u00e1h esz-Sz\u00edszi akkori hadsereg-f\u0151parancsnok a kamer\u00e1k el\u00e9 l\u00e9pve ismertette a politikai v\u00e1ls\u00e1gb\u00f3l kivezet\u0151 &#8222;\u00fatitervet&#8221;, amelynek h\u00e1rom szakasz\u00e1b\u00f3l az eredeti elk\u00e9pzel\u00e9sekkel ellent\u00e9tben v\u00e9g\u00fcl csak kett\u0151 val\u00f3sult meg 2014-ben.<br \/>\n    Egy janu\u00e1ri n\u00e9pszavaz\u00e1son elfogadt\u00e1k az iszlamist\u00e1k \u00e1ltal megfogalmazott alkotm\u00e1ny egy m\u00f3dos\u00edtott v\u00e1ltozat\u00e1t, m\u00e1jusban pedig eln\u00f6kv\u00e1laszt\u00e1st tartottak, amely a Murszi elmozd\u00edt\u00e1s\u00e1t levez\u00e9nyl\u0151 Sz\u00edszi els\u00f6pr\u0151 gy\u0151zelm\u00e9vel v\u00e9gz\u0151d\u00f6tt. A m\u00e9g 2012 j\u00fanius\u00e1ban feloszlatott parlament vissza\u00e1ll\u00edt\u00e1sa azonban tov\u00e1bbra is v\u00e1rat mag\u00e1ra; parlamenti v\u00e1laszt\u00e1sok t\u00f6bbsz\u00f6ri halaszt\u00e1s ut\u00e1n el\u0151rel\u00e1that\u00f3an csak tavasszal lesznek.<br \/>\n    Sz\u00edszi, akinek hangj\u00e1t a legt\u00f6bb egyiptomi tavaly j\u00falius 3-\u00e1n hallotta el\u0151sz\u00f6r, id\u0151k\u00f6zben az \u00e9szak-afrikai orsz\u00e1g er\u0151skez\u0171 vezet\u0151j\u00e9v\u00e9 n\u0151tte ki mag\u00e1t. A rajong\u00f3 t\u00f6megek \u00e1ltal kultikus figur\u00e1v\u00e1 emelt \u00fajdons\u00fclt politikus hatalomra ker\u00fcl\u00e9se ugyanakkor sokakat fokoz\u00f3d\u00f3 ellen\u00e9rz\u00e9ssel t\u00f6lt el.<br \/>\n    Ez ut\u00f3bbiak att\u00f3l tartanak, hogy a Hoszni Mubarak eln\u00f6ks\u00e9g\u00e9nek utols\u00f3 \u00e9veiben a katonai titkosszolg\u00e1lat f\u0151n\u00f6kek\u00e9nt szolg\u00e1l\u00f3, majd a felkel\u00e9s ut\u00e1ni tizennyolc h\u00f3napot ir\u00e1ny\u00edt\u00f3 legfels\u0151bb katonai tan\u00e1csba bev\u00e1lasztott Sz\u00edszi nem m\u00e1s, mint a fegyveres er\u0151k t\u00f6retlen hatalm\u00e1nak z\u00e1loga, ami szerint\u00fck gy\u00f6keresen ellentmond a korrupci\u00f3 \u00e9s a rend\u0151ri er\u0151szak miatt kirobbant 2011-es forradalom alapelveinek.<br \/>\n    Beiktat\u00e1sakor tartott besz\u00e9d\u00e9ben az \u00faj \u00e1llamf\u0151 egyik f\u0151 c\u00e9ljak\u00e9nt az orsz\u00e1g k\u00f6zbiztons\u00e1g\u00e1nak megszil\u00e1rd\u00edt\u00e1s\u00e1t emelte ki. A tavalyi hatalomv\u00e1lt\u00e1skor meghirdetett, az\u00f3ta is szakadatlan iramban foly\u00f3 terrorellenes hadj\u00e1rat azonban az ellenz\u00e9k szerint a kritikus hangok elhallgattat\u00e1s\u00e1t is szolg\u00e1lja.<br \/>\n    A Murszi m\u00f6g\u00f6tt \u00e1ll\u00f3, id\u0151k\u00f6zben betiltott Muzulm\u00e1n Testv\u00e9ris\u00e9g t\u00f6bb mint ezer tagj\u00e1t hal\u00e1lra \u00edt\u00e9lt\u00e9k, de az iszlamista szervezet szimpatiz\u00e1nsaival megt\u00f6lt\u00f6tt b\u00f6rt\u00f6n\u00f6kbe vetett\u00e9k a vil\u00e1gi ellenz\u00e9k sz\u00e1mos neves alakj\u00e1t is. Sokakat k\u00f6z\u00fcl\u00fck egy tavaly sz\u00fcletett jogszab\u00e1ly megs\u00e9rt\u00e9se miatt \u00edt\u00e9ltek el, amely a t\u00fcntet\u00e9sek megtart\u00e1s\u00e1t szigor\u00fa felt\u00e9telekhez \u00e9s hat\u00f3s\u00e1gi enged\u00e9lyekhez k\u00f6ti.<br \/>\n    A megszor\u00edt\u00f3 int\u00e9zked\u00e9sek egyik tov\u00e1bbi p\u00e9ld\u00e1ja az a novemberben hozott eln\u00f6ki hat\u00e1rozat, amelynek \u00e9rtelm\u00e9ben a &#8222;l\u00e9tfontoss\u00e1g\u00fa&#8221; \u00e1llami l\u00e9tes\u00edtm\u00e9nyeket &#8211; p\u00e9ld\u00e1ul a k\u00f6ztereket &#8211; megt\u00e1mad\u00f3 civileket katonai t\u00f6rv\u00e9nysz\u00e9k el\u00e9 \u00e1ll\u00edtj\u00e1k.<br \/>\n    A korm\u00e1nyellenes demonstr\u00e1ci\u00f3k jelent\u0151s korl\u00e1toz\u00e1s\u00e1nak b\u00edr\u00e1l\u00f3i egyebek mellett arra eml\u00e9keztetnek, hogy a jelenlegi hatalom is a Murszi megbuktat\u00e1s\u00e1t megel\u0151z\u0151 t\u00f6meges t\u00fcntet\u00e9sekb\u0151l mer\u00edti legitimit\u00e1s\u00e1t, amelyeket a nyilv\u00e1noss\u00e1g az\u00f3ta forradalomk\u00e9nt \u00fcnnepel.<br \/>\n    Sokan a 2011-es v\u00edvm\u00e1nyok v\u00e9gs\u0151 kudarcak\u00e9nt \u00e9lt\u00e9k meg Mubarak november 29-\u00e9n felment\u00e9ssel z\u00e1rult per\u00e9t, amelyben azt vizsg\u00e1lt\u00e1k, hogy a volt eln\u00f6k elrendelte-e t\u00f6bb sz\u00e1z t\u00fcntet\u0151 meggyilkol\u00e1s\u00e1t a h\u00e1rom \u00e9vtizedes uralm\u00e1nak v\u00e9g\u00e9hez vezet\u0151 felkel\u00e9s sor\u00e1n. Az \u00edt\u00e9let kihirdet\u00e9se ut\u00e1n a t\u00fcntet\u0151k \u00f6ssze\u00fctk\u00f6z\u00e9sbe ker\u00fcltek a rend\u0151r\u00f6kkel, akik el\u0151sz\u00f6r k\u00f6nnyg\u00e1zzal \u00e9s v\u00edz\u00e1gy\u00fakkal, majd s\u00f6r\u00e9tes l\u0151fegyverekkel l\u00e9ptek fel a legal\u00e1bb ezer &#8211; egyes forr\u00e1sok szerint h\u00e1romezer &#8211;  emberrel szemben. Legkevesebb k\u00e9t demonstr\u00e1l\u00f3 \u00e9let\u00e9t vesztette, \u00e9s tucatnyian megsebes\u00fcltek. A f\u0151\u00fcgy\u00e9szs\u00e9g id\u0151k\u00f6zben bejelentette, hogy megt\u00e1madja az \u00edt\u00e9letet.<br \/>\n    A kem\u00e9nykez\u0171 politika kritik\u00e1it Sz\u00edszi rendre azzal utas\u00edtja vissza, hogy a t\u00e9rs\u00e9gben tev\u00e9kenyked\u0151 sz\u00e9ls\u0151s\u00e9ges iszlamist\u00e1k fokoz\u00f3d\u00f3 t\u00e9rnyer\u00e9s\u00e9vel szemben b\u00e1styak\u00e9nt \u00e1ll\u00f3 Egyiptom meging\u00e1sa eset\u00e9n az \u00e9szak-afrikai orsz\u00e1g is gyorsan a f\u00e9lkatonai szervezetek uralta L\u00edbia sors\u00e1ra jutna.<br \/>\n    Az ut\u00f3bbi \u00e9vek viszontags\u00e1gait megs\u00ednyl\u0151 egyiptomiak nagy r\u00e9sze mellett Kair\u00f3 nyugati partnerei is j\u00f3 szemmel n\u00e9zik a stabiliz\u00e1l\u00f3d\u00e1s el\u0151rehalad\u00e1s\u00e1t. Az arab vil\u00e1gban j\u00e1tszott t\u00f6rt\u00e9nelmi szerepe \u00e9s f\u00f6ldrajzi fekv\u00e9se miatt Egyiptom megker\u00fclhetetlen politikai \u00e9s gazdas\u00e1gi t\u00e9nyez\u0151nek sz\u00e1m\u00edt a k\u00f6zel-keleti \u00e9s az \u00e9szak-afrikai t\u00e9rs\u00e9gben.<br \/>\n    Kair\u00f3 n\u00e9lk\u00fcl\u00f6zhetetlen k\u00f6zvet\u00edt\u0151 szerepet j\u00e1tszott a j\u00falius 28-\u00e1n kirobbant \u00f6tvennapos g\u00e1zai h\u00e1bor\u00fanak v\u00e9get vet\u0151 t\u00e1rgyal\u00e1sokon, \u00e9s tagja az Iszl\u00e1m \u00c1llam dzsihadista szervezet ellen augusztusban alakult, Washington \u00e1ltal vezetett nemzetk\u00f6zi katonai \u00f6sszefog\u00e1snak.<br \/>\n    Sz\u00edszi hossz\u00fa \u00e9let\u0171 eln\u00f6ks\u00e9g\u00e9nek felt\u00e9tele a 2011-es forradalmat k\u00f6vet\u0151 gazdas\u00e1gi zuhan\u00f3rep\u00fcl\u00e9sb\u0151l val\u00f3 sikeres kil\u00e1bal\u00e1s. Az ennek \u00e9rdek\u00e9ben indult \u00e1llami nagyberuh\u00e1z\u00e1sok k\u00f6z\u00fcl a legjelent\u0151sebb a Szuezi-csatorna augusztusban kezd\u0151d\u00f6tt fel\u00faj\u00edt\u00e1sa.<br \/>\n    A 145 \u00e9vvel ezel\u0151tt \u00e9p\u00fclt v\u00edzi utat 35 kilom\u00e9teres szakaszon kisz\u00e9les\u00edtik, egy tov\u00e1bbi r\u00e9sz\u00e9t pedig 35 kilom\u00e9ter hosszan p\u00e1rhuzamos meder ki\u00e1s\u00e1s\u00e1val tehermentes\u00edtik, ami a tervek szerint t\u00edz \u00e9v alatt mintegy 150 sz\u00e1zal\u00e9kkal megn\u00f6veli a 35,7 milli\u00e1rd egyiptomi fontos (csaknem 1200 milli\u00e1rd forint) \u00e9ves bev\u00e9telt. Sz\u00edszi egy \u00e9vet adott a munk\u00e1latokra.(MTI)<\/p>\n","protected":false},"excerpt":{"rendered":"<p>Egyiptom elm\u00falt egy \u00e9ve a 2011-es felkel\u00e9st k\u00f6vet\u0151 k\u00e9t rendszerv\u00e1lt\u00e1s k\u00eds\u00e9rte demokratiz\u00e1l\u00f3d\u00e1s jegy\u00e9ben telt, amelynek sikeres lez\u00e1r\u00e1s\u00e1t sokan a t\u00f6bb mint f\u00e9l \u00e9vsz\u00e1zados egyp\u00e1rti uralomnak v\u00e9get vet\u0151 forradalom t\u0171zpr\u00f3b\u00e1j\u00e1nak tekintik.<\/p>\n","protected":false},"author":1,"featured_media":0,"comment_status":"open","ping_status":"closed","sticky":false,"template":"","format":"standard","meta":[],"categories":[17],"tags":[],"_links":{"self":[{"href":"https:\/\/gazdasagportal.hu\/index.php\/wp-json\/wp\/v2\/posts\/53806"}],"collection":[{"href":"https:\/\/gazdasagportal.hu\/index.php\/wp-json\/wp\/v2\/posts"}],"about":[{"href":"https:\/\/gazdasagportal.hu\/index.php\/wp-json\/wp\/v2\/types\/post"}],"author":[{"embeddable":true,"href":"https:\/\/gazdasagportal.hu\/index.php\/wp-json\/wp\/v2\/users\/1"}],"replies":[{"embeddable":true,"href":"https:\/\/gazdasagportal.hu\/index.php\/wp-json\/wp\/v2\/comments?post=53806"}],"version-history":[{"count":1,"href":"https:\/\/gazdasagportal.hu\/index.php\/wp-json\/wp\/v2\/posts\/53806\/revisions"}],"predecessor-version":[{"id":53807,"href":"https:\/\/gazdasagportal.hu\/index.php\/wp-json\/wp\/v2\/posts\/53806\/revisions\/53807"}],"wp:attachment":[{"href":"https:\/\/gazdasagportal.hu\/index.php\/wp-json\/wp\/v2\/media?parent=53806"}],"wp:term":[{"taxonomy":"category","embeddable":true,"href":"https:\/\/gazdasagportal.hu\/index.php\/wp-json\/wp\/v2\/categories?post=53806"},{"taxonomy":"post_tag","embeddable":true,"href":"https:\/\/gazdasagportal.hu\/index.php\/wp-json\/wp\/v2\/tags?post=53806"}],"curies":[{"name":"wp","href":"https:\/\/api.w.org\/{rel}","templated":true}]}}