{"id":53693,"date":"2014-12-29T13:12:22","date_gmt":"2014-12-29T12:12:22","guid":{"rendered":"http:\/\/stockportal.hu\/?p=53693"},"modified":"2014-12-29T13:12:22","modified_gmt":"2014-12-29T12:12:22","slug":"alairtak-a-jovo-evi-bermegallapodas-a-minimalber-105-ezer-forint-lesz","status":"publish","type":"post","link":"https:\/\/gazdasagportal.hu\/index.php\/alairtak-a-jovo-evi-bermegallapodas-a-minimalber-105-ezer-forint-lesz\/","title":{"rendered":"Al\u00e1\u00edrt\u00e1k a j\u00f6v\u0151 \u00e9vi b\u00e9rmeg\u00e1llapod\u00e1s, a minim\u00e1lb\u00e9r 105 ezer forint lesz"},"content":{"rendered":"<p><strong>J\u00f6v\u0151re 105 ezer forint lesz a minim\u00e1lb\u00e9r, a\u00a0\u00a0garant\u00e1lt b\u00e9rminimum \u00f6sszege 122 ezer forint, a v\u00e1llalkoz\u00e1si szf\u00e9r\u00e1nak aj\u00e1nlott b\u00e9remel\u00e9s m\u00e9rt\u00e9ke pedig\u00a0\u00a03-4 sz\u00e1zal\u00e9k. A j\u00f6v\u0151 \u00e9vi b\u00e9rmeg\u00e1llapod\u00e1st meg\u00e1llapod\u00e1st a korm\u00e1ny nev\u00e9ben Varga Mih\u00e1ly nemzetgazdas\u00e1gi miniszter \u00edrta al\u00e1 a munkaad\u00f3i \u00e9s munkav\u00e1llal\u00f3i \u00e9rdekk\u00e9pviseletek vezet\u0151ivel h\u00e9tf\u0151n.<\/strong><br \/>\n<strong><!--more--><\/strong><\/p>\n<p>\u00a0\u00a0\u00a0\u00a0Varga Mih\u00e1ly hangs\u00falyozta, hogy a meg\u00e1llapod\u00e1sok alapj\u00e1n r\u00f6videsen konzult\u00e1ci\u00f3t kezdenek a Versenyszf\u00e9ra \u00e9s a Korm\u00e1ny \u00c1lland\u00f3 Konzult\u00e1ci\u00f3s F\u00f3rum\u00e1nak (VKF) keretei k\u00f6z\u00f6tt a munka t\u00f6rv\u00e9nyk\u00f6nyve eddigi tapasztalatair\u00f3l, a szoci\u00e1lis partnerek m\u00f3dos\u00edt\u00e1si javaslatair\u00f3l, a sztr\u00e1jkt\u00f6rv\u00e9ny problematikus pontjair\u00f3l, valamint a k\u00fcl\u00f6n\u00f6sen nagym\u00e9rt\u00e9k\u0171 fizikai, pszichikai terhel\u00e9st okoz\u00f3 k\u00f6r\u00fclm\u00e9nyek k\u00f6z\u00f6tt dolgoz\u00f3k helyzet\u00e9nek jav\u00edt\u00e1s\u00e1r\u00f3l.(MTI)<\/p>\n","protected":false},"excerpt":{"rendered":"<p>J\u00f6v\u0151re 105 ezer forint lesz a minim\u00e1lb\u00e9r, a\u00a0\u00a0garant\u00e1lt b\u00e9rminimum \u00f6sszege 122 ezer forint, a v\u00e1llalkoz\u00e1si szf\u00e9r\u00e1nak aj\u00e1nlott b\u00e9remel\u00e9s m\u00e9rt\u00e9ke pedig\u00a0\u00a03-4 sz\u00e1zal\u00e9k. A j\u00f6v\u0151 \u00e9vi b\u00e9rmeg\u00e1llapod\u00e1st meg\u00e1llapod\u00e1st a korm\u00e1ny nev\u00e9ben Varga Mih\u00e1ly nemzetgazdas\u00e1gi miniszter \u00edrta al\u00e1 a munkaad\u00f3i \u00e9s munkav\u00e1llal\u00f3i \u00e9rdekk\u00e9pviseletek vezet\u0151ivel h\u00e9tf\u0151n.<\/p>\n","protected":false},"author":1,"featured_media":0,"comment_status":"open","ping_status":"closed","sticky":false,"template":"","format":"standard","meta":[],"categories":[19],"tags":[],"_links":{"self":[{"href":"https:\/\/gazdasagportal.hu\/index.php\/wp-json\/wp\/v2\/posts\/53693"}],"collection":[{"href":"https:\/\/gazdasagportal.hu\/index.php\/wp-json\/wp\/v2\/posts"}],"about":[{"href":"https:\/\/gazdasagportal.hu\/index.php\/wp-json\/wp\/v2\/types\/post"}],"author":[{"embeddable":true,"href":"https:\/\/gazdasagportal.hu\/index.php\/wp-json\/wp\/v2\/users\/1"}],"replies":[{"embeddable":true,"href":"https:\/\/gazdasagportal.hu\/index.php\/wp-json\/wp\/v2\/comments?post=53693"}],"version-history":[{"count":1,"href":"https:\/\/gazdasagportal.hu\/index.php\/wp-json\/wp\/v2\/posts\/53693\/revisions"}],"predecessor-version":[{"id":53694,"href":"https:\/\/gazdasagportal.hu\/index.php\/wp-json\/wp\/v2\/posts\/53693\/revisions\/53694"}],"wp:attachment":[{"href":"https:\/\/gazdasagportal.hu\/index.php\/wp-json\/wp\/v2\/media?parent=53693"}],"wp:term":[{"taxonomy":"category","embeddable":true,"href":"https:\/\/gazdasagportal.hu\/index.php\/wp-json\/wp\/v2\/categories?post=53693"},{"taxonomy":"post_tag","embeddable":true,"href":"https:\/\/gazdasagportal.hu\/index.php\/wp-json\/wp\/v2\/tags?post=53693"}],"curies":[{"name":"wp","href":"https:\/\/api.w.org\/{rel}","templated":true}]}}