{"id":53687,"date":"2014-12-29T10:49:35","date_gmt":"2014-12-29T09:49:35","guid":{"rendered":"http:\/\/stockportal.hu\/?p=53687"},"modified":"2014-12-29T08:20:18","modified_gmt":"2014-12-29T07:20:18","slug":"rogan-orszagvedelmi-akcioterv-keszul","status":"publish","type":"post","link":"https:\/\/gazdasagportal.hu\/index.php\/rogan-orszagvedelmi-akcioterv-keszul\/","title":{"rendered":"Rog\u00e1n: orsz\u00e1gv\u00e9delmi akci\u00f3terv k\u00e9sz\u00fcl"},"content":{"rendered":"<p><strong>Orsz\u00e1gv\u00e9delmi akci\u00f3terv, orsz\u00e1gfejleszt\u00e9si koncepci\u00f3 \u00e9s egys\u00e9ges csal\u00e1dt\u00e1mogat\u00e1si terv megalkot\u00e1s\u00e1ra k\u00e9sz\u00fcl a Fidesz-KDNP-frakci\u00f3 j\u00f6v\u0151 \u00e9vi \u00e9vadnyit\u00f3 \u00fcl\u00e9s\u00e9n &#8211; mondta Rog\u00e1n Antal, a Fidesz frakci\u00f3vezet\u0151je az MTI-nek adott interj\u00faj\u00e1ban. A politikus arr\u00f3l is besz\u00e9lt, az Egyes\u00fclt \u00c1llamok &#8222;nyom\u00e1sgyakorl\u00e1sa&#8221; m\u00f6g\u00f6tt az EU \u00e9s Amerika k\u00f6z\u00f6tti szabadkereskedelmi egyezm\u00e9ny \u00fcgye \u00e1llhat. Kifog\u00e1solta egy\u00fattal, hogy a sajt\u00f3ban zajlanak a Fidesz bels\u0151 vit\u00e1i.<br \/>\n<\/strong><!--more--><\/p>\n<div class=\"ads-in-post1\"><div id=\"gazdasagportal.hu_fullbanner_wideboard\"><\/div>\r\n<\/div>\n    Rog\u00e1n Antal 2015 egyik fontos feladat\u00e1nak nevezte egy \u00fagynevezett orsz\u00e1gv\u00e9delmi akci\u00f3terv kidolgoz\u00e1s\u00e1t, mert &#8222;amikor ma Magyarorsz\u00e1got k\u00fcls\u0151 t\u00e1mad\u00e1sok \u00e9rik&#8221;, a korm\u00e1ny \u00e9s a parlament n\u00e9mileg v\u00e9dtelen ezekkel szemben. Az ilyen t\u00e1mad\u00e1sokra p\u00e9ldak\u00e9nt eml\u00edtette azt a &#8222;provok\u00e1ci\u00f3t&#8221;, amikor az \u00f6nkorm\u00e1nyzati v\u00e1laszt\u00e1s el\u0151tt harmadik orsz\u00e1gbeli \u00e1llampolg\u00e1rok fajv\u00e9d\u0151 konferenci\u00e1t akartak szervezni Magyarorsz\u00e1gon, amit alig siker\u00fclt megakad\u00e1lyozni. Azt is idesorolta, hogy sok Magyarorsz\u00e1gon zajl\u00f3 gazdas\u00e1gi tev\u00e9kenys\u00e9g nem gyarap\u00edtja a k\u00f6zvagyont, a haszon ugyanis automatikusan k\u00fclf\u00f6ldre ker\u00fcl. Ez\u00e9rt felvetette, hogy jogszab\u00e1ly mondja ki: az itt megtermelt bev\u00e9tel min\u00e9l nagyobb r\u00e9szben Magyarorsz\u00e1gon ad\u00f3zzon.<br \/>\n    Arra a k\u00e9rd\u00e9sre, hogy az orsz\u00e1gv\u00e9delmi akci\u00f3terv tartalmaz-e majd v\u00e1laszl\u00e9p\u00e9st az amerikai kitilt\u00e1si \u00fcgyre, azt felelte: ez is az egyik eleme lehet, de nem a legfontosabb.<br \/>\n    A korm\u00e1nyp\u00e1rtok \u00e9v eleji kihelyezett frakci\u00f3\u00fcl\u00e9s\u00e9n egy egys\u00e9ges csal\u00e1dt\u00e1mogat\u00e1si terv kidolgoz\u00e1sa is napirenden lesz &#8211; folytatta -, hogy \u00f6sszefoglalj\u00e1k a k\u00f6vetkez\u0151 3 \u00e9v f\u0151 csal\u00e1dpolitikai int\u00e9zked\u00e9seit, benne a m\u00e1r ismert l\u00e9p\u00e9sekkel, a k\u00e9tgyermekes csal\u00e1dok ad\u00f3kedvezm\u00e9ny\u00e9nek megdupl\u00e1z\u00e1s\u00e1val \u00e9s a lak\u00e1st\u00e1mogat\u00e1sok kib\u0151v\u00edt\u00e9s\u00e9vel.<br \/>\n    Emellett egy orsz\u00e1gfejleszt\u00e9si koncepci\u00f3r\u00f3l is t\u00e1rgyal majd a Fidesz-KDNP a Kelet-Magyarorsz\u00e1gra tervezett \u00e9vadnyit\u00f3 tan\u00e1cskoz\u00e1s\u00e1n, mivel a 2014-20 k\u00f6z\u00f6tti EU-t\u00e1mogat\u00e1sok 60 sz\u00e1zal\u00e9k\u00e1b\u00f3l a gazdas\u00e1got fogj\u00e1k fejleszteni annak \u00e9rdek\u00e9ben, hogy er\u0151s hazai termel\u0151 szektor legyen min\u00e9l er\u0151sebb magyar besz\u00e1ll\u00edt\u00f3i h\u00e1tt\u00e9rrel &#8211; k\u00f6z\u00f6lte a frakci\u00f3vezet\u0151.<br \/>\n    Hozz\u00e1tette, a frakci\u00f3\u00fcl\u00e9sen emellett biztosan t\u00e9ma lesz a bankok elsz\u00e1moltat\u00e1s\u00e1nak, a devizahitelek forintos\u00edt\u00e1s\u00e1nak k\u00e9rd\u00e9se, valamint a rezsics\u00f6kkent\u00e9s tart\u00f3ss\u00e1 t\u00e9tele, vagyis a k\u00f6ztulajdonban l\u00e9v\u0151 rezsiszolg\u00e1ltat\u00f3 fel\u00e1ll\u00edt\u00e1sa.<br \/>\n    Azt is fontos k\u00e9rd\u00e9snek tartja emellett, hogy a most m\u00e1r t\u00f6bbs\u00e9g\u00e9ben magyar tulajdon\u00fa bankrendszerrel \u00e9s a devizahitelek kivezet\u00e9s\u00e9vel 2016-t\u00f3l megny\u00edlhat a lehet\u0151s\u00e9ge egy \u00faj t\u00edpus\u00fa, sz\u00e9les k\u00f6r\u0171, forintalap\u00fa v\u00e1llalati \u00e9s lakoss\u00e1gi hitelez\u00e9snek.<br \/>\n    2014-et \u00e9rt\u00e9kelve Rog\u00e1n Antal \u00faj jelens\u00e9gnek nevezte, hogy m\u00e1r nemcsak ellenz\u00e9ki p\u00e1rtok \u00e9s szervezetek \u00e1llnak a Fidesszel szemben, hanem &#8222;k\u00fcls\u0151 er\u0151k&#8221; is &#8211; gazdas\u00e1gi \u00e9rdekcsoportok \u00e9s m\u00e1s korm\u00e1nyok -, amelyek jobban szerettek volna egy m\u00e1sik magyar korm\u00e1nyt. Mivel ezt nem siker\u00fclt el\u00e9rni, tette hozz\u00e1, most megk\u00eds\u00e9rlik lev\u00e1ltani a kabinetet, m\u00e9gpedig &#8222;nem v\u00e1laszt\u00e1si m\u00f3dszerekkel&#8221;. \u00cdgy v\u00e1lt az elm\u00falt h\u00f3napok t\u00fcntet\u00e9seinek t\u00f6bb szervez\u0151je is &#8222;nagyhatalmi vagy gazdas\u00e1gi \u00e9rdekcsoportok j\u00e1t\u00e9kszer\u00e9v\u00e9&#8221;, rajtuk kereszt\u00fcl akarnak nyom\u00e1st gyakorolni a korm\u00e1nyra &#8211; mondta.<br \/>\n    A nyom\u00e1sgyakorl\u00e1s m\u00f6g\u00f6tt szerinte az EU \u00e9s az Egyes\u00fclt \u00c1llamok k\u00f6z\u00f6tti szabadkereskedelmi egyezm\u00e9ny terve \u00e1ll, amelynek el\u0151nyeir\u0151l \u00e9s h\u00e1tr\u00e1nyair\u00f3l &#8222;\u0151szint\u00e9n kellene besz\u00e9lni&#8221;, a meg\u00e1llapod\u00e1st nem lehet &#8222;r\u00e1er\u0151ltetni&#8221; K\u00f6z\u00e9p-Eur\u00f3p\u00e1ra. \u00dagy l\u00e1tszik azonban &#8211; folytatta -, az Egyes\u00fclt \u00c1llamok nagyk\u00f6vets\u00e9gei nem akarnak ny\u00edlt vit\u00e1t, &#8222;ki akarj\u00e1k er\u0151szakolni&#8221; a meg\u00e1llapod\u00e1s ratifik\u00e1l\u00e1s\u00e1t minden eur\u00f3pai \u00e1llamban. A magyar parlamentben, az LMP javaslat\u00e1ra, viszont biztosan lesz vitanap febru\u00e1rban az egyezm\u00e9nyr\u0151l &#8211; tette hozz\u00e1.<br \/>\n    Szavai szerint egy rossz szabadkereskedelmi egyezm\u00e9ny ugyanolyan k\u00f6vetkezm\u00e9nyekkel j\u00e1rna Magyarorsz\u00e1gnak, mint egy rossz IMF-meg\u00e1llapod\u00e1s. Hozz\u00e1tette ugyanakkor, a tervezett egyezm\u00e9nynek vannak el\u0151ny\u00f6s pontjai, hiszen hozz\u00e1f\u00e9rhet\u0151v\u00e9 teszi az amerikai piacot az exportk\u00e9pes magyar v\u00e1llalatok sz\u00e1m\u00e1ra, &#8222;csak \u00fcgyelni kell arra, hogy az egyezm\u00e9ny potenci\u00e1lis el\u0151nyeit ne nyomj\u00e1k agyon a v\u00e1rhat\u00f3 h\u00e1tr\u00e1nyok&#8221;.<br \/>\n    A Fidesz-KDNP n\u00e9pszer\u0171s\u00e9gveszt\u00e9s\u00e9r\u0151l Rog\u00e1n Antal azt mondta, nem \u00e9rte meglepet\u00e9s a frakci\u00f3t, mert v\u00e1laszt\u00e1si siker ut\u00e1n mindig ezzel j\u00e1r egy\u00fctt a korm\u00e1nyz\u00e1s. &#8222;Nem a 2014. novemberi vagy decemberi k\u00f6zv\u00e9lem\u00e9ny-kutat\u00e1si adatok alapj\u00e1n kell majd 2018-ban v\u00e1laszt\u00e1sokat nyerni&#8221; &#8211; fogalmazott, nem tagadva ugyanakkor, voltak olyan int\u00e9zked\u00e9sek, amelyek vit\u00e1t v\u00e1ltottak ki a frakci\u00f3ban. P\u00e9ldak\u00e9nt hozta az internetad\u00f3 v\u00e9g\u00fcl elvetett terv\u00e9t, amelyet m\u00e1s el\u0151k\u00e9sz\u00edt\u00e9ssel az emberek szerinte meg\u00e9rtettek volna. &#8222;Ez egy jogos kritika az ad\u00f3elk\u00e9pzel\u00e9st el\u0151k\u00e9sz\u00edt\u0151k ir\u00e1ny\u00e1ba&#8221; &#8211; jelezte.<br \/>\n    K\u00f6z\u00f6lte, az aut\u00f3p\u00e1lyad\u00edjak \u00faj rendszere szint\u00e9n vit\u00e1t v\u00e1ltott ki a k\u00e9pvisel\u0151csoportban, mert hi\u00e1nyolt\u00e1k a szakmai el\u0151k\u00e9sz\u00edt\u0151 megbesz\u00e9l\u00e9seket. A frakci\u00f3vezet\u0151 azonban jelezte a frakci\u00f3tagoknak: &#8222;az el\u0151z\u0151 3 \u00e9vben h\u00e1romszor is besz\u00e9lt\u00fcnk err\u0151l a t\u00e9m\u00e1r\u00f3l&#8221;, \u00e9s az \u00e9rintett polg\u00e1rmesterekkel is volt egyeztet\u00e9s az elm\u00falt hetekben. A javaslatok egy r\u00e9sz\u00e9t el is fogadta a korm\u00e1ny, \u00edgy a Megyeri h\u00edd ingyenes lesz &#8211; jegyezte meg.<br \/>\n    A Fidesz vezet\u0151 politikusai k\u00f6zti vit\u00e1kr\u00f3l Rog\u00e1n Antal \u00fagy v\u00e9lekedett: bels\u0151 n\u00e9zetelt\u00e9r\u00e9sek mindig voltak a Fideszben is, de ezeknek megvoltak \u00e9s ma is megvannak a f\u00f3rumai, &#8222;\u00f6r\u00fcln\u00e9k neki, ha ezeket haszn\u00e1ln\u00e1 mindenki&#8221;, &#8222;a csal\u00e1don bel\u00fcli vit\u00e1kat csal\u00e1don bel\u00fcl is kell tartani&#8221;.<br \/>\n    Szerinte ma, amikor szem\u00e9lyes, sok igazs\u00e1gtalans\u00e1got tartalmaz\u00f3 t\u00e1mad\u00e1sok \u00e9rnek fideszes politikusokat az ellenz\u00e9k r\u00e9sz\u00e9r\u0151l, mindenkinek el kell d\u00f6ntenie a korm\u00e1nyp\u00e1rtban, hogy a t\u00f6bbiek v\u00e9delm\u00e9re kel vagy nyilv\u00e1nosan kritiz\u00e1lja \u0151ket. &#8222;A Fidesz szempontj\u00e1b\u00f3l hossz\u00fa t\u00e1v\u00fa el\u0151nye annak van, ha a vit\u00e1inkat bels\u0151 f\u00f3rumokon rendezz\u00fck le&#8221; &#8211; ism\u00e9telte meg, hozz\u00e1f\u0171zve: Orb\u00e1n Viktor p\u00e1rteln\u00f6k-korm\u00e1nyf\u0151 is mindig erre t\u00f6rekedett, \u00edgy siker\u00fclhetett a 2010-es \u00e9s a 2014-es k\u00e9tharmados v\u00e1laszt\u00e1si gy\u0151zelem is, ez\u00e9rt &#8222;tal\u00e1n \u00e9rdemes lenne ezeket a tanuls\u00e1gokat megsz\u00edvlelni&#8221;.(MTI)<\/p>\n","protected":false},"excerpt":{"rendered":"<p>Orsz\u00e1gv\u00e9delmi akci\u00f3terv, orsz\u00e1gfejleszt\u00e9si koncepci\u00f3 \u00e9s egys\u00e9ges csal\u00e1dt\u00e1mogat\u00e1si terv megalkot\u00e1s\u00e1ra k\u00e9sz\u00fcl a Fidesz-KDNP-frakci\u00f3 j\u00f6v\u0151 \u00e9vi \u00e9vadnyit\u00f3 \u00fcl\u00e9s\u00e9n &#8211; mondta Rog\u00e1n Antal, a Fidesz frakci\u00f3vezet\u0151je az MTI-nek adott interj\u00faj\u00e1ban. A politikus arr\u00f3l is besz\u00e9lt, az Egyes\u00fclt \u00c1llamok &#8222;nyom\u00e1sgyakorl\u00e1sa&#8221; m\u00f6g\u00f6tt az EU \u00e9s Amerika k\u00f6z\u00f6tti szabadkereskedelmi egyezm\u00e9ny \u00fcgye \u00e1llhat. Kifog\u00e1solta egy\u00fattal, hogy a sajt\u00f3ban zajlanak a Fidesz bels\u0151 &#8230;<\/p>\n","protected":false},"author":1,"featured_media":0,"comment_status":"open","ping_status":"closed","sticky":false,"template":"","format":"standard","meta":[],"categories":[19],"tags":[],"_links":{"self":[{"href":"https:\/\/gazdasagportal.hu\/index.php\/wp-json\/wp\/v2\/posts\/53687"}],"collection":[{"href":"https:\/\/gazdasagportal.hu\/index.php\/wp-json\/wp\/v2\/posts"}],"about":[{"href":"https:\/\/gazdasagportal.hu\/index.php\/wp-json\/wp\/v2\/types\/post"}],"author":[{"embeddable":true,"href":"https:\/\/gazdasagportal.hu\/index.php\/wp-json\/wp\/v2\/users\/1"}],"replies":[{"embeddable":true,"href":"https:\/\/gazdasagportal.hu\/index.php\/wp-json\/wp\/v2\/comments?post=53687"}],"version-history":[{"count":1,"href":"https:\/\/gazdasagportal.hu\/index.php\/wp-json\/wp\/v2\/posts\/53687\/revisions"}],"predecessor-version":[{"id":53688,"href":"https:\/\/gazdasagportal.hu\/index.php\/wp-json\/wp\/v2\/posts\/53687\/revisions\/53688"}],"wp:attachment":[{"href":"https:\/\/gazdasagportal.hu\/index.php\/wp-json\/wp\/v2\/media?parent=53687"}],"wp:term":[{"taxonomy":"category","embeddable":true,"href":"https:\/\/gazdasagportal.hu\/index.php\/wp-json\/wp\/v2\/categories?post=53687"},{"taxonomy":"post_tag","embeddable":true,"href":"https:\/\/gazdasagportal.hu\/index.php\/wp-json\/wp\/v2\/tags?post=53687"}],"curies":[{"name":"wp","href":"https:\/\/api.w.org\/{rel}","templated":true}]}}