{"id":53685,"date":"2014-12-29T10:11:54","date_gmt":"2014-12-29T09:11:54","guid":{"rendered":"http:\/\/stockportal.hu\/?p=53685"},"modified":"2014-12-29T07:52:47","modified_gmt":"2014-12-29T06:52:47","slug":"szakerto-a-kancellari-es-az-elnoki-kepet-otvozi-angela-merkel","status":"publish","type":"post","link":"https:\/\/gazdasagportal.hu\/index.php\/szakerto-a-kancellari-es-az-elnoki-kepet-otvozi-angela-merkel\/","title":{"rendered":"Szak\u00e9rt\u0151: a kancell\u00e1ri \u00e9s az eln\u00f6ki k\u00e9pet \u00f6tv\u00f6zi Angela Merkel"},"content":{"rendered":"<p><strong>T\u00f6bb t\u00e9nyez\u0151je is van a n\u00e9met kancell\u00e1r szokatlanul stabil \u00e9s t\u00f6retlen n\u00e9pszer\u0171s\u00e9g\u00e9nek &#8211; nyilatkozta az MTI-nek Hettyey Andr\u00e1s, a Nemzeti K\u00f6zszolg\u00e1lati Egyetem adjunktusa, aki ezzel kapcsolatban azt emelte ki, hogy Angela Merkel a n\u00e9metek sz\u00e1m\u00e1ra \u00f6tv\u00f6zi a kancell\u00e1ri \u00e9s az eln\u00f6ki k\u00e9pet. A N\u00e9metorsz\u00e1g-szak\u00e9rt\u0151 kit\u00e9rt Merkel k\u00f6zelg\u0151 magyarorsz\u00e1gi l\u00e1togat\u00e1s\u00e1ra, \u00fagy \u00e9rt\u00e9kelve, hogy az nem lesz k\u00f6nny\u0171 vizit, a kapcsolatok azonban stabil alapon nyugszanak.<\/strong><!--more--><\/p>\n<div class=\"ads-in-post1\"><div id=\"gazdasagportal.hu_fullbanner_wideboard\"><\/div>\r\n<\/div>\n<p>     A kancell\u00e1r imm\u00e1r kilenc \u00e9ve van hatalmon, \u00e9s p\u00e1rtja, a n\u00e9met Kereszt\u00e9nydemokrata Uni\u00f3 (CDU) decemberi kongresszus\u00e1n nyolcadszor v\u00e1lasztott\u00e1k meg eln\u00f6knek. \u00c9vek \u00f3ta N\u00e9metorsz\u00e1g kimagasl\u00f3an legn\u00e9pszer\u0171bb politikusa, nemzetk\u00f6zi elismerts\u00e9g\u00e9t pedig j\u00f3l jelzi, hogy a The Times a napokban az \u00e9v ember\u00e9nek v\u00e1lasztotta.<br \/>\n    Angela Merkel v\u00e1ltozatlanul &#8222;sz\u00e1rnyal\u00f3&#8221; t\u00e1mogatotts\u00e1g\u00e1t Hettyey Andr\u00e1s mindenekel\u0151tt azzal indokolta, hogy egy szem\u00e9lyben \u00f6tv\u00f6zi a kancell\u00e1ri \u00e9s az eln\u00f6ki k\u00e9pet. \u00dagy korm\u00e1nyoz, hogy nem csup\u00e1n kancell\u00e1rnak t\u0171nik, hanem fell\u00e9p\u00e9s\u00e9ben, konszenzuskeres\u00e9s\u00e9ben egyidej\u0171leg k\u00f6zt\u00e1rsas\u00e1gi eln\u00f6ki st\u00edlust is mutat.<br \/>\n    A v\u00e1laszt\u00f3k sz\u00e1m\u00e1ra azt az \u00e9rzetet kelti, hogy fel\u00fclemelkedik a kicsinyes p\u00e1rt\u00e9rdekeken, \u00e9s val\u00f3ban csak az emberek \u00e9rdekeit tartja szem el\u0151tt. N\u00e9pszer\u0171s\u00e9g\u00e9hez hozz\u00e1j\u00e1rul az is, hogy mind a kereszt\u00e9nydemokrat\u00e1k, mind a szoci\u00e1ldemokrat\u00e1k, mind a liber\u00e1lisok &#8222;kott\u00e1j\u00e1b\u00f3l&#8221; k\u00e9pes j\u00e1tszani. Mik\u00f6zben ism\u00e9t egy konzervat\u00edv-szoci\u00e1ldemokrata nagykoal\u00edci\u00f3 \u00e9l\u00e9n korm\u00e1nyoz, az emberek nagy r\u00e9sze nem kereszt\u00e9nydemokrata, hanem p\u00e1rtokt\u00f3l f\u00fcggetlen kancell\u00e1rk\u00e9nt tekint r\u00e1 &#8211; mondta a szak\u00e9rt\u0151.<br \/>\n    Negyedsz\u00e1zaddal az \u00fajraegyes\u00fcl\u00e9s ut\u00e1n jelent\u0151sen \u00e1trajzol\u00f3dott a n\u00e9met politikai t\u00e9rk\u00e9p, amire 2014 tette fel a pontot. Hettyey Andr\u00e1s &#8222;t\u00f6rt\u00e9nelminek&#8221; nevezte, hogy egy tartom\u00e1nyban &#8211; T\u00fcringi\u00e1ban &#8211; els\u0151 \u00edzben a n\u00e9met egyes\u00fcl\u00e9s ut\u00e1n egy posztkommunista politikus ker\u00fclt az egykori keletn\u00e9met kommunista ut\u00f3dp\u00e1rtb\u00f3l lett Baloldal p\u00e1rtj\u00e1b\u00f3l, a szoci\u00e1ldemokrat\u00e1kb\u00f3l \u00e9s a Z\u00f6ldekb\u0151l \u00e1ll\u00f3 helyi korm\u00e1ny \u00e9l\u00e9re.<br \/>\n    &#8222;Azt azonban l\u00e1tni kell, hogy ez egy keletn\u00e9met saj\u00e1toss\u00e1g&#8221; &#8211; h\u00edvta fel a figyelmet a szak\u00e9rt\u0151, utalva arra, hogy a Baloldal p\u00e1rtja mindig n\u00e9pszer\u0171bb a keletn\u00e9met szavaz\u00f3k \u00e9s f\u0151leg azok k\u00f6r\u00e9ben, akik a rendszerv\u00e1lt\u00e1s \u00e9s az egyes\u00fcl\u00e9s veszteseinek \u00e9rzik magukat.<br \/>\n    &#8222;Mindebb\u0151l nem k\u00f6vetkeztetn\u00e9k arra, hogy a Baloldal vezette t\u00fcringiai h\u00e1rmas koal\u00edci\u00f3 N\u00e9metorsz\u00e1g nyugati fel\u00e9ben is modell\u00e9rt\u00e9k\u0171 lesz&#8221; &#8211; jelentette ki Hettyey Andr\u00e1s, aki az idei esztend\u0151 m\u00e1sik n\u00e9met politikai \u00fajdons\u00e1g\u00e1nak az euroszkeptikus Alternat\u00edva N\u00e9metorsz\u00e1gnak (AfD) nev\u0171 p\u00e1rt tov\u00e1bbi er\u0151s\u00f6d\u00e9s\u00e9t nevezte.<br \/>\n    Az AfD &#8211; mint eml\u00e9keztetett &#8211; a 2013. szeptemberi parlamenti v\u00e1laszt\u00e1sokon csak egy hajsz\u00e1llal maradt el att\u00f3l, hogy beker\u00fclj\u00f6n a Bundestagba, az\u00f3ta azonban n\u00f6vekedett t\u00e1mogatotts\u00e1ga a n\u00e9met lakoss\u00e1g k\u00f6r\u00e9ben. A f\u0151leg EU-, de legf\u0151k\u00e9pp eur\u00f3ellenes p\u00e1rt els\u0151sorban azok k\u00f6r\u00e9ben n\u00e9pszer\u0171, akik szkeptikusak az eur\u00f3val szemben \u00e9s ellenzik, hogy N\u00e9metorsz\u00e1g az &#8222;\u00f6nhib\u00e1jukb\u00f3l&#8221; neh\u00e9zs\u00e9gekkel k\u00fcszk\u00f6d\u0151 uni\u00f3s tag\u00e1llamoknak ny\u00fajt t\u00e1mogat\u00e1st.<br \/>\n    A p\u00e1rt els\u0151sorban ezeket az embereket tudja megsz\u00f3l\u00edtani, val\u00f3sz\u00edn\u0171tlen azonban, hogy jelenlegi t\u00e1mogatotts\u00e1g\u00e1t tudja n\u00f6velni. Mindezek alapj\u00e1n Hettyey Andr\u00e1s \u00fagy v\u00e9lekedett: b\u00e1r a 2017-es v\u00e1laszt\u00e1sokra semmilyen koal\u00edci\u00f3s k\u00e9pletet nem lehet kiz\u00e1rni, a korm\u00e1nyalak\u00edt\u00e1sban a konzervat\u00edvok \u00e9s a szoci\u00e1ldemokrat\u00e1k mellett val\u00f3sz\u00edn\u0171leg csak a Z\u00f6ldek j\u00e1tszhatnak majd meghat\u00e1roz\u00f3 szerepet.<br \/>\n    2014 N\u00e9metorsz\u00e1g\u00e1nak &#8222;legizgalmasabb t\u00f6rt\u00e9n\u00e9sek\u00e9nt&#8221; a szak\u00e9rt\u0151 azt emelte ki, hogy egy \u00e9ven bel\u00fcl gy\u00f6keres fordulatot vett Angela Merkel politik\u00e1ja Vlagyimir Putyinnal, illetve Oroszorsz\u00e1ggal szemben.<br \/>\n    A kancell\u00e1r az \u00e1ltala k\u00e9pviselt \u00e9rt\u00e9kek, illetve a n\u00e9met \u00e9rdekek k\u00f6z\u00fcl az \u00e9rt\u00e9kek mellett tette le a garast &#8211; fogalmazott a szak\u00e9rt\u0151, utalva Merkel reag\u00e1l\u00e1s\u00e1ra az ukr\u00e1n v\u00e1ls\u00e1ggal kapcsolatos orosz magatart\u00e1sra. Hozz\u00e1tette ugyanakkor, hogy n\u00e9zete szerint az \u00e9rt\u00e9kek \u00e9s az \u00e9rdekek nem z\u00e1rj\u00e1k ki egym\u00e1st.<br \/>\n    Hossz\u00fa t\u00e1von ugyanis a kritikus Oroszorsz\u00e1g-strat\u00e9gi\u00e1val N\u00e9metorsz\u00e1g jobban j\u00e1r, mintha megpr\u00f3b\u00e1ln\u00e1 megb\u00e9k\u00edteni Moszkv\u00e1t. &#8222;\u00dagy gondolom, hogy a szankci\u00f3k, a gazdas\u00e1gi neh\u00e9zs\u00e9gek eddigi politik\u00e1j\u00e1nak \u00e1tgondol\u00e1s\u00e1ra fogj\u00e1k k\u00e9sztetni Putyint&#8221; &#8211; jelentette ki Hettyey Andr\u00e1s, aki szerint sikeres volt mind az EU, mind a mag\u00e1ngazdas\u00e1gi szerepl\u0151k Oroszorsz\u00e1ggal szembeni szankci\u00f3s politik\u00e1ja, illetve \u00e1ltal\u00e1noss\u00e1gban N\u00e9metorsz\u00e1g ezzel \u00f6sszef\u00fcgg\u0151 Oroszorsz\u00e1g-politik\u00e1ja.<br \/>\n    Ugyanakkor nem szabad megfeledkezni arr\u00f3l sem, hogy Angela Merkel pontosan tudja: folytatni kell a kommunik\u00e1ci\u00f3t \u00e9s nyitva kell hagyni a megb\u00e9k\u00e9l\u00e9shez vezet\u0151 ajt\u00f3t. Erre utal, hogy mind a mai napig hetente t\u00f6bbsz\u00f6r is telefonon t\u00e1rgyal Vlagyimir Putyinnal &#8211; tette hozz\u00e1.<br \/>\n    A n\u00e9met-magyar kapcsolatokr\u00f3l sz\u00f3lva a szak\u00e9rt\u0151 utalt Angela Merkel k\u00f6zelg\u0151 magyarorsz\u00e1gi l\u00e1togat\u00e1sra, \u00fagy \u00e9rt\u00e9kelve, hogy az nem \u00edg\u00e9rkezik k\u00f6nny\u0171nek.<br \/>\n    &#8222;K\u00e9ts\u00e9gtelen, hogy a k\u00e9toldal\u00fa kapcsolatokban egy sor fesz\u00fclts\u00e9g is felhalmoz\u00f3dott, els\u0151sorban a n\u00e9met agg\u00e1lyok miatt&#8221; &#8211; fogalmazott Hettyey Andr\u00e1s, aki szerint biztos, hogy ez is a l\u00e1togat\u00e1s h\u00e1tter\u00e9ben \u00e1ll.<br \/>\n    K\u00f6zismert, hogy Angela Merkel \u00e9s \u00e1ltal\u00e1noss\u00e1gban a n\u00e9met k\u00fclpolitika z\u00e1rt ajt\u00f3k m\u00f6g\u00f6tt hat\u00e1rozottan ki\u00e1ll saj\u00e1t \u00e9rdekei\u00e9rt, a n\u00e9met politika, a n\u00e9met gazdas\u00e1g, adott esetben bizonyos lobbicsoportok \u00e9rdekei\u00e9rt &#8211; eml\u00e9keztetett.<br \/>\n     &#8222;Bizonyos, hogy a napirenden sok minden szerepel majd, amir\u0151l a nyilv\u00e1noss\u00e1g nem fog tudni&#8221; &#8211; v\u00e9lekedett Hettyey Andr\u00e1s, aki ugyanakkor meghat\u00e1roz\u00f3nak nevezte azt, hogy a n\u00e9met-magyar viszonynak nagyon stabil alapja van, m\u00e9gpedig a gazdas\u00e1gi \u00e9s kultur\u00e1lis kapcsolatok. Ezzel \u00f6sszef\u00fcgg\u00e9sben mindenekel\u0151tt a kereskedelmi kapcsolatokra, a n\u00e9met befektet\u00e9sekre \u00e9s az Andr\u00e1ssy Egyetem m\u0171k\u00f6d\u00e9s\u00e9re utalt.<br \/>\n    &#8222;Am\u00edg megvan ez a stabil alap, addig nagyon nagy katasztr\u00f3f\u00e1nak kellene t\u00f6rt\u00e9nni ahhoz, hogy megromoljanak a k\u00e9toldal\u00fa kapcsolatok&#8221; &#8211; hangs\u00falyozta Hettyey Andr\u00e1s.(MTI)<\/p>\n","protected":false},"excerpt":{"rendered":"<p>T\u00f6bb t\u00e9nyez\u0151je is van a n\u00e9met kancell\u00e1r szokatlanul stabil \u00e9s t\u00f6retlen n\u00e9pszer\u0171s\u00e9g\u00e9nek &#8211; nyilatkozta az MTI-nek Hettyey Andr\u00e1s, a Nemzeti K\u00f6zszolg\u00e1lati Egyetem adjunktusa, aki ezzel kapcsolatban azt emelte ki, hogy Angela Merkel a n\u00e9metek sz\u00e1m\u00e1ra \u00f6tv\u00f6zi a kancell\u00e1ri \u00e9s az eln\u00f6ki k\u00e9pet. A N\u00e9metorsz\u00e1g-szak\u00e9rt\u0151 kit\u00e9rt Merkel k\u00f6zelg\u0151 magyarorsz\u00e1gi l\u00e1togat\u00e1s\u00e1ra, \u00fagy \u00e9rt\u00e9kelve, hogy az nem lesz &#8230;<\/p>\n","protected":false},"author":1,"featured_media":0,"comment_status":"open","ping_status":"closed","sticky":false,"template":"","format":"standard","meta":[],"categories":[12],"tags":[],"_links":{"self":[{"href":"https:\/\/gazdasagportal.hu\/index.php\/wp-json\/wp\/v2\/posts\/53685"}],"collection":[{"href":"https:\/\/gazdasagportal.hu\/index.php\/wp-json\/wp\/v2\/posts"}],"about":[{"href":"https:\/\/gazdasagportal.hu\/index.php\/wp-json\/wp\/v2\/types\/post"}],"author":[{"embeddable":true,"href":"https:\/\/gazdasagportal.hu\/index.php\/wp-json\/wp\/v2\/users\/1"}],"replies":[{"embeddable":true,"href":"https:\/\/gazdasagportal.hu\/index.php\/wp-json\/wp\/v2\/comments?post=53685"}],"version-history":[{"count":1,"href":"https:\/\/gazdasagportal.hu\/index.php\/wp-json\/wp\/v2\/posts\/53685\/revisions"}],"predecessor-version":[{"id":53686,"href":"https:\/\/gazdasagportal.hu\/index.php\/wp-json\/wp\/v2\/posts\/53685\/revisions\/53686"}],"wp:attachment":[{"href":"https:\/\/gazdasagportal.hu\/index.php\/wp-json\/wp\/v2\/media?parent=53685"}],"wp:term":[{"taxonomy":"category","embeddable":true,"href":"https:\/\/gazdasagportal.hu\/index.php\/wp-json\/wp\/v2\/categories?post=53685"},{"taxonomy":"post_tag","embeddable":true,"href":"https:\/\/gazdasagportal.hu\/index.php\/wp-json\/wp\/v2\/tags?post=53685"}],"curies":[{"name":"wp","href":"https:\/\/api.w.org\/{rel}","templated":true}]}}