{"id":53671,"date":"2014-12-29T04:53:44","date_gmt":"2014-12-29T03:53:44","guid":{"rendered":"http:\/\/stockportal.hu\/?p=53671"},"modified":"2014-12-28T23:04:40","modified_gmt":"2014-12-28T22:04:40","slug":"terrorveszely-miatt-visszavontak-a-diszorseget-a-brit-kiralyi-palotak-nyilvanos-orhelyeirol","status":"publish","type":"post","link":"https:\/\/gazdasagportal.hu\/index.php\/terrorveszely-miatt-visszavontak-a-diszorseget-a-brit-kiralyi-palotak-nyilvanos-orhelyeirol\/","title":{"rendered":"Terrorvesz\u00e9ly miatt visszavont\u00e1k a d\u00edsz\u0151rs\u00e9get a brit kir\u00e1lyi palot\u00e1k nyilv\u00e1nos \u0151rhelyeir\u0151l"},"content":{"rendered":"<p><strong>Terrort\u00e1mad\u00e1s vesz\u00e9lye miatt visszavont\u00e1k, illetve egyes helysz\u00edneken biztons\u00e1gosabb \u0151rhelyekre telep\u00edtett\u00e9k \u00e1t a brit monarchia int\u00e9zm\u00e9nyei el\u0151tt posztol\u00f3 d\u00edsz\u0151rs\u00e9gek tagjait.<\/strong><!--more--><\/p>\n<div class=\"ads-in-post1\"><div id=\"gazdasagportal.hu_fullbanner_wideboard\"><\/div>\r\n<\/div>\n<p>    A legf\u0151bb londoni turistal\u00e1tv\u00e1nyoss\u00e1gok k\u00f6z\u00e9 tartoz\u00f3 d\u00edsz\u0151rs\u00e9geket a brit hadsereg regul\u00e1ris alakulatainak katon\u00e1i adj\u00e1k, \u00e1m a Mail on Sunday c\u00edm\u0171 konzervat\u00edv vas\u00e1rnapi brit lap forr\u00e1sai szerint a hat\u00f3s\u00e1gok megtiltott\u00e1k, hogy a katon\u00e1k egyed\u00fcl l\u00e1ssanak el ilyen \u0151rszolg\u00e1latot, \u00e9s a d\u00edsz\u0151rs\u00e9g tagjaira fegyveres rend\u0151r\u00f6k vigy\u00e1znak.<br \/>\n    A brit elh\u00e1r\u00edt\u00e1s a lap szerint els\u0151sorban att\u00f3l tart, hogy egy &#8222;mag\u00e1nyos farkas&#8221;, vagyis a biztons\u00e1gi szolg\u00e1latok \u00e1ltal nem ismert, egyed\u00fcl cselekv\u0151 terrorista t\u00e1madhat a nyilv\u00e1nos helyeken v\u00e9dtelen\u00fcl &#8211; legt\u00f6bbsz\u00f6r l\u0151fegyver n\u00e9lk\u00fcl, csak karddal felszerelkezve &#8211; \u00e1ll\u00f3, d\u00edsz\u0151rs\u00e9get ad\u00f3 katon\u00e1kra.<br \/>\n    A kanadai f\u0151v\u00e1rosban, Ottaw\u00e1ban k\u00e9t h\u00f3napja gyilkolt meg egy fegyveres egy d\u00edsz\u0151rs\u00e9gben \u00e1ll\u00f3 katon\u00e1t, \u00e9s Londonban is volt m\u00e1r katonagyilkoss\u00e1g: a 25 \u00e9ves Lee Rigbyt &#8211; aki 17 \u00e9ves kora \u00f3ta szolg\u00e1lt a brit hadseregben, \u00e9s megj\u00e1rta az afganiszt\u00e1ni frontot is &#8211; tavaly m\u00e1jusban k\u00e9t nig\u00e9riai sz\u00e1rmaz\u00e1s\u00fa terrorista a d\u00e9lkelet-londoni Woolwich ker\u00fclet laktany\u00e1j\u00e1nak k\u00f6zvetlen k\u00f6zel\u00e9ben k\u00e9sekkel, h\u00fasv\u00e1g\u00f3 b\u00e1rdokkal \u00f6sszekaszabolta \u00e9s megpr\u00f3b\u00e1lta lefejezni.<br \/>\n    A mostani \u00f3vint\u00e9zked\u00e9seknek m\u00e1ris l\u00e1that\u00f3 jelei vannak. A brit tr\u00f3n\u00f6r\u00f6k\u00f6s, K\u00e1roly herceg hivatalos londoni rezidenci\u00e1j\u00e1ul szolg\u00e1l\u00f3 Clarence House d\u00edsz\u0151rs\u00e9g\u00e9t, amely eddig a kast\u00e9lyszer\u0171 \u00e9p\u00fclet r\u00e1cs\u00e1n k\u00edv\u00fcl, a j\u00e1rd\u00e1n l\u00e1tta el \u0151rszolg\u00e1lat\u00e1t, a r\u00e1cson bel\u00fclre telep\u00edtett\u00e9k \u00e1t. Elt\u0171ntek a d\u00edszes \u0151rb\u00f3d\u00e9k a szomsz\u00e9dos St. James-palota el\u0151l is, amely a kir\u00e1lyi csal\u00e1d t\u00f6bb tagj\u00e1nak, k\u00f6zt\u00fck Anna hercegn\u0151nek, II. Erzs\u00e9bet kir\u00e1lyn\u0151 le\u00e1ny\u00e1nak a hivatalos londoni rezidenci\u00e1ja.<br \/>\n    A kir\u00e1lyi lovas test\u0151rs\u00e9g laktany\u00e1ja, a Downing Street-i minisztereln\u00f6ki hivatalt\u00f3l nem messze emelked\u0151 Horse Guards Parade el\u0151tt tov\u00e1bbra is jelen vannak a turist\u00e1k k\u00f6r\u00e9ben rendk\u00edv\u00fcl n\u00e9pszer\u0171, l\u00f3h\u00e1ton kettes\u00e9vel \u0151rszolg\u00e1latot teljes\u00edt\u0151 katon\u00e1k, \u00e1m n\u00e9gy, \u00e1llig felfegyverkezett rend\u0151r is posztol k\u00f6zvetlen k\u00f6zel\u00fckben.<br \/>\n    E d\u00edsz\u0151rs\u00e9gek feladata form\u00e1lisan a kir\u00e1lyi csal\u00e1d tagjainak v\u00e9delme, de ezt a feladatot t\u00e9nylegesen a Scotland Yard k\u00fcl\u00f6nlegesen kik\u00e9pzett szem\u00e9lyv\u00e9delmi alakulat\u00e1nak fegyveres rend\u0151rei l\u00e1tj\u00e1k el.<br \/>\n    A brit korm\u00e1ny nemr\u00e9g a m\u00e1sodik legmagasabb fokozatra emelte a terrork\u00e9sz\u00fclts\u00e9gi szintet. David Cameron minisztereln\u00f6k az int\u00e9zked\u00e9st azzal indokolta, hogy k\u00f6zvetlen fenyeget\u00e9st jelent Nagy-Britannia nemzetbiztons\u00e1g\u00e1ra az Iszl\u00e1m \u00c1llam nev\u0171 sz\u00e9ls\u0151s\u00e9ges terrorcsoport tev\u00e9kenys\u00e9ge.<br \/>\n    Az \u00f6tfokozat\u00fa brit k\u00e9sz\u00fclts\u00e9gi rendszerben a kor\u00e1bbi &#8222;jelent\u0151s&#8221; helyett a &#8222;s\u00falyos&#8221; kock\u00e1zatra figyelmeztet\u0151 riaszt\u00e1si szint l\u00e9pett \u00e9rv\u00e9nybe. Ennek hivatalos meghat\u00e1roz\u00e1sa szerint &#8222;nagyon val\u00f3sz\u00edn\u0171&#8221;, hogy Nagy-Britanni\u00e1t terrort\u00e1mad\u00e1s \u00e9ri.<br \/>\n    A k\u00e9sz\u00fclts\u00e9gi list\u00e1n enn\u00e9l m\u00e1r csak egy magasabb riaszt\u00e1si fokozat van, a &#8222;kritikus&#8221;, amelyet akkor rendelnek el, ha a brit korm\u00e1ny k\u00fcsz\u00f6b\u00f6n\u00e1ll\u00f3 nagyszab\u00e1s\u00fa mer\u00e9nylet terveir\u0151l kap konkr\u00e9t \u00e9rtes\u00fcl\u00e9st.<br \/>\n(MTI)<\/p>\n","protected":false},"excerpt":{"rendered":"<p>Terrort\u00e1mad\u00e1s vesz\u00e9lye miatt visszavont\u00e1k, illetve egyes helysz\u00edneken biztons\u00e1gosabb \u0151rhelyekre telep\u00edtett\u00e9k \u00e1t a brit monarchia int\u00e9zm\u00e9nyei el\u0151tt posztol\u00f3 d\u00edsz\u0151rs\u00e9gek tagjait.<\/p>\n","protected":false},"author":1,"featured_media":0,"comment_status":"open","ping_status":"closed","sticky":false,"template":"","format":"standard","meta":[],"categories":[12],"tags":[],"_links":{"self":[{"href":"https:\/\/gazdasagportal.hu\/index.php\/wp-json\/wp\/v2\/posts\/53671"}],"collection":[{"href":"https:\/\/gazdasagportal.hu\/index.php\/wp-json\/wp\/v2\/posts"}],"about":[{"href":"https:\/\/gazdasagportal.hu\/index.php\/wp-json\/wp\/v2\/types\/post"}],"author":[{"embeddable":true,"href":"https:\/\/gazdasagportal.hu\/index.php\/wp-json\/wp\/v2\/users\/1"}],"replies":[{"embeddable":true,"href":"https:\/\/gazdasagportal.hu\/index.php\/wp-json\/wp\/v2\/comments?post=53671"}],"version-history":[{"count":1,"href":"https:\/\/gazdasagportal.hu\/index.php\/wp-json\/wp\/v2\/posts\/53671\/revisions"}],"predecessor-version":[{"id":53672,"href":"https:\/\/gazdasagportal.hu\/index.php\/wp-json\/wp\/v2\/posts\/53671\/revisions\/53672"}],"wp:attachment":[{"href":"https:\/\/gazdasagportal.hu\/index.php\/wp-json\/wp\/v2\/media?parent=53671"}],"wp:term":[{"taxonomy":"category","embeddable":true,"href":"https:\/\/gazdasagportal.hu\/index.php\/wp-json\/wp\/v2\/categories?post=53671"},{"taxonomy":"post_tag","embeddable":true,"href":"https:\/\/gazdasagportal.hu\/index.php\/wp-json\/wp\/v2\/tags?post=53671"}],"curies":[{"name":"wp","href":"https:\/\/api.w.org\/{rel}","templated":true}]}}