{"id":53669,"date":"2014-12-29T04:32:37","date_gmt":"2014-12-29T03:32:37","guid":{"rendered":"http:\/\/stockportal.hu\/?p=53669"},"modified":"2014-12-28T23:03:29","modified_gmt":"2014-12-28T22:03:29","slug":"onkentes-kasszak-atvilagitas-hianyaban-jovore-nincs-kifizetes","status":"publish","type":"post","link":"https:\/\/gazdasagportal.hu\/index.php\/onkentes-kasszak-atvilagitas-hianyaban-jovore-nincs-kifizetes\/","title":{"rendered":"\u00d6nk\u00e9ntes kassz\u00e1k: \u00e1tvil\u00e1g\u00edt\u00e1s hi\u00e1ny\u00e1ban j\u00f6v\u0151re nincs kifizet\u00e9s"},"content":{"rendered":"<p><strong>Az \u00f6nk\u00e9ntes nyugd\u00edj-, eg\u00e9szs\u00e9g- \u00e9s \u00f6nseg\u00e9lyez\u0151 p\u00e9nzt\u00e1rak janu\u00e1rt\u00f3l k\u00f6telesek megtagadni azon tagjaik \u00fcgyleti megb\u00edz\u00e1sait, akikn\u00e9l az \u00fcgyf\u00e9l-\u00e1tvil\u00e1g\u00edt\u00e1s eredm\u00e9nyei nem \u00e1llnak teljes k\u00f6r\u0171en rendelkez\u00e9s\u00fckre.<\/strong><!--more--><\/p>\n<div class=\"ads-in-post1\"><div id=\"gazdasagportal.hu_fullbanner_wideboard\"><\/div>\r\n<\/div>\n<p>    A p\u00e9nzmos\u00e1s elleni t\u00f6rv\u00e9ny szerint 2014. december 31. ut\u00e1n a jogszab\u00e1lyban meghat\u00e1rozott szolg\u00e1ltat\u00f3k &#8211; k\u00f6zt\u00fck az \u00f6nk\u00e9ntes nyugd\u00edj-, eg\u00e9szs\u00e9g- \u00e9s \u00f6nseg\u00e9lyez\u0151 p\u00e9nzt\u00e1rak &#8211; k\u00f6telesek megtagadni azon tagjaik \u00fcgyleti megb\u00edz\u00e1sait, akikn\u00e9l az \u00fcgyf\u00e9l-\u00e1tvil\u00e1g\u00edt\u00e1s eredm\u00e9nyei az id\u00e9n \u00e9v v\u00e9g\u00e9ig nem \u00e1llnak teljes k\u00f6r\u0171en rendelkez\u00e9s\u00fckre.<br \/>\n    Emiatt azonban nem sz\u00fcks\u00e9ges most megrohanni a p\u00e9nzt\u00e1rakat. A Magyar Nemzeti Bank (MNB) ugyanis egy \u00e1ll\u00e1sfoglal\u00e1s\u00e1ban r\u00f6gz\u00edtette: a 2014. december 31-i hat\u00e1rid\u0151 nem &#8222;jogveszt\u0151&#8221;, amint az \u00e1tvil\u00e1g\u00edt\u00e1s megt\u00f6rt\u00e9nik, a p\u00e9nzt\u00e1r ism\u00e9t teljes k\u00f6r\u0171 szolg\u00e1ltat\u00e1st ny\u00fajthat az \u00e9rintett \u00fcgyf\u00e9l sz\u00e1m\u00e1ra.<br \/>\n    Az \u00fcgyf\u00e9l-\u00e1tvil\u00e1g\u00edt\u00e1s sor\u00e1n a tagoknak szem\u00e9lyesen kell igazolniuk &#8211; szem\u00e9lyi igazolv\u00e1nyuk \u00e9s lakc\u00edmk\u00e1rty\u00e1juk bemutat\u00e1s\u00e1val &#8211; p\u00e9nzt\u00e1rukn\u00e1l szem\u00e9lyazonoss\u00e1gukat, amely r\u00f6gz\u00edti azonos\u00edt\u00f3 adataikat. Az el\u0151\u00edr\u00e1sok azokat a p\u00e9nzt\u00e1rtagokat \u00e9rinthetik, akik 2013. j\u00falius 1. el\u0151tt l\u00e9ptek be a p\u00e9nzt\u00e1rba.<br \/>\n    Ha az \u00fcgyf\u00e9l-\u00e1tvil\u00e1g\u00edt\u00e1s nem t\u00f6rt\u00e9nik meg az \u00e9v v\u00e9g\u00e9ig, a p\u00e9nzt\u00e1rtag egy\u00e9ni sz\u00e1ml\u00e1j\u00e1ra \u00e9rkez\u0151 befizet\u00e9seket tov\u00e1bbra is j\u00f3v\u00e1\u00edrj\u00e1k, azok hozamot termelnek, \u00e9s a tag addig felhalmozott t\u0151k\u00e9je, illetve hozamai sem vesznek el. Akin\u00e9l azonban ez hi\u00e1nyzik, janu\u00e1rt\u00f3l nem tud p\u00e9ld\u00e1ul eg\u00e9szs\u00e9gp\u00e9nzt\u00e1ri k\u00e1rty\u00e1val fizetni, \u00f6nseg\u00e9lyez\u0151 p\u00e9nzt\u00e1ri szolg\u00e1ltat\u00e1st ig\u00e9nybe venni, illetve &#8211; ha ezt ig\u00e9nyeln\u00e9 &#8211; nem veheti fel nyugd\u00edjp\u00e9nzt\u00e1ri hozamait.<br \/>\n    A p\u00e9nzt\u00e1rtagoknak a kassza felkeres\u00e9se el\u0151tt c\u00e9lszer\u0171 t\u00e1j\u00e9koz\u00f3dniuk arr\u00f3l, hogy eset\u00fckben rendelkez\u00e9sre \u00e1llnak-e teljes k\u00f6r\u0171en az adatok. A p\u00e9nzt\u00e1rak ugyanis m\u00e1r kor\u00e1bban elv\u00e9gezhett\u00e9k az \u00fcgyf\u00e9l-\u00e1tvil\u00e1g\u00edt\u00e1st vagy megkaphatt\u00e1k m\u00e1s szolg\u00e1ltat\u00f3kt\u00f3l a sz\u00fcks\u00e9ges inform\u00e1ci\u00f3kat.(MTI)<\/p>\n","protected":false},"excerpt":{"rendered":"<p>Az \u00f6nk\u00e9ntes nyugd\u00edj-, eg\u00e9szs\u00e9g- \u00e9s \u00f6nseg\u00e9lyez\u0151 p\u00e9nzt\u00e1rak janu\u00e1rt\u00f3l k\u00f6telesek megtagadni azon tagjaik \u00fcgyleti megb\u00edz\u00e1sait, akikn\u00e9l az \u00fcgyf\u00e9l-\u00e1tvil\u00e1g\u00edt\u00e1s eredm\u00e9nyei nem \u00e1llnak teljes k\u00f6r\u0171en rendelkez\u00e9s\u00fckre.<\/p>\n","protected":false},"author":1,"featured_media":0,"comment_status":"open","ping_status":"closed","sticky":false,"template":"","format":"standard","meta":[],"categories":[19],"tags":[],"_links":{"self":[{"href":"https:\/\/gazdasagportal.hu\/index.php\/wp-json\/wp\/v2\/posts\/53669"}],"collection":[{"href":"https:\/\/gazdasagportal.hu\/index.php\/wp-json\/wp\/v2\/posts"}],"about":[{"href":"https:\/\/gazdasagportal.hu\/index.php\/wp-json\/wp\/v2\/types\/post"}],"author":[{"embeddable":true,"href":"https:\/\/gazdasagportal.hu\/index.php\/wp-json\/wp\/v2\/users\/1"}],"replies":[{"embeddable":true,"href":"https:\/\/gazdasagportal.hu\/index.php\/wp-json\/wp\/v2\/comments?post=53669"}],"version-history":[{"count":1,"href":"https:\/\/gazdasagportal.hu\/index.php\/wp-json\/wp\/v2\/posts\/53669\/revisions"}],"predecessor-version":[{"id":53670,"href":"https:\/\/gazdasagportal.hu\/index.php\/wp-json\/wp\/v2\/posts\/53669\/revisions\/53670"}],"wp:attachment":[{"href":"https:\/\/gazdasagportal.hu\/index.php\/wp-json\/wp\/v2\/media?parent=53669"}],"wp:term":[{"taxonomy":"category","embeddable":true,"href":"https:\/\/gazdasagportal.hu\/index.php\/wp-json\/wp\/v2\/categories?post=53669"},{"taxonomy":"post_tag","embeddable":true,"href":"https:\/\/gazdasagportal.hu\/index.php\/wp-json\/wp\/v2\/tags?post=53669"}],"curies":[{"name":"wp","href":"https:\/\/api.w.org\/{rel}","templated":true}]}}