{"id":53667,"date":"2014-12-29T00:59:41","date_gmt":"2014-12-28T23:59:41","guid":{"rendered":"http:\/\/stockportal.hu\/?p=53667"},"modified":"2014-12-28T23:01:12","modified_gmt":"2014-12-28T22:01:12","slug":"havazas-nyolc-megyere-hetfore-is-masodfoku-figyelmeztetest-adtak-ki-a-hofuvas-miatt","status":"publish","type":"post","link":"https:\/\/gazdasagportal.hu\/index.php\/havazas-nyolc-megyere-hetfore-is-masodfoku-figyelmeztetest-adtak-ki-a-hofuvas-miatt\/","title":{"rendered":"Havaz\u00e1s \u2013 Nyolc megy\u00e9re h\u00e9tf\u0151re is m\u00e1sodfok\u00fa figyelmeztet\u00e9st adtak ki a h\u00f3f\u00fav\u00e1s miatt"},"content":{"rendered":"<p><strong>Nyolc megy\u00e9re h\u00e9tf\u0151re is narancss\u00e1rga, vagyis m\u00e1sodfok\u00fa figyelmeztet\u00e9st adott ki a meteorol\u00f3giai szolg\u00e1lat.<\/strong><!--more--><\/p>\n<div class=\"ads-in-post1\"><div id=\"gazdasagportal.hu_fullbanner_wideboard\"><\/div>\r\n<\/div>\n<p>    Az Orsz\u00e1gos Meteorol\u00f3giai Szolg\u00e1lat az MTI-hez vas\u00e1rnap este eljuttatott vesz\u00e9lyjelz\u00e9s\u00e9ben kiemeli: Baranya, B\u00e1cs-Kiskun, Csongr\u00e1d, Gy\u0151r-Moson-Sopron, Somogy, Tolna, Vas \u00e9s Zala megy\u00e9re h\u00e9tf\u0151re is m\u00e1sodfok\u00fa figyelmeztet\u00e9st adtak ki a h\u00f3f\u00fav\u00e1s miatt. Ezeken a ter\u00fcleteken tov\u00e1bbra is k\u00e9sz\u00fclni kell arra, hogy a friss h\u00f3val fedett ter\u00fcleteken a viharos sz\u00e9l magas h\u00f3torlaszokat emelhet.<br \/>\n    B\u00e9k\u00e9s, Fej\u00e9r, Kom\u00e1rom-Esztergom \u00e9s Veszpr\u00e9m megy\u00e9re ugyancsak a h\u00f3f\u00fav\u00e1s vesz\u00e9lye miatt els\u0151fok\u00fa figyelmeztet\u00e9st adtak ki.<br \/>\n    Emellett tizenk\u00e9t megy\u00e9re &#8211; B\u00e9k\u00e9s, Borsod-Aba\u00faj-Zempl\u00e9n, Fej\u00e9r, Gy\u0151r-Moson-Sopron, Hajd\u00fa-Bihar, Heves, J\u00e1sz-Nagykun-Szolnok, Somogy, Szabolcs-Szatm\u00e1r-Bereg, Vas, Veszpr\u00e9m \u00e9s Zala \u2013 a viharos sz\u00e9l miatt is els\u0151fok\u00fa figyelmeztet\u00e9st adtak ki. Ezeken a ter\u00fcleteken a leger\u0151sebb sz\u00e9ll\u00f6k\u00e9sek az \u00f3r\u00e1nk\u00e9nti 70 kilom\u00e9teres sebess\u00e9get is meghaladhatj\u00e1k.<br \/>\n    A meteorol\u00f3giai szolg\u00e1lat azt \u00edrta: h\u00e9tf\u0151 napk\u00f6zben valamelyest m\u00e9rs\u00e9kl\u0151dik a sz\u00e9l.<br \/>\n    Az el\u0151rejelz\u00e9s szerint h\u00e9tf\u0151n n\u00e9h\u00e1ny \u00f3r\u00e1ra orsz\u00e1gszerte kis\u00fct a nap, de t\u00f6bb helyen fut\u00f3 h\u00f3z\u00e1porok lehetnek, helyenk\u00e9nt heves havaz\u00e1s is el\u0151fordulhat. A legalacsonyabb h\u0151m\u00e9rs\u00e9klet m\u00ednusz 10 \u00e9s m\u00ednusz 4 Celsius-fok k\u00f6z\u00f6tt alakul. A legmagasabb h\u0151m\u00e9rs\u00e9klet m\u00ednusz 1 fok k\u00f6r\u00fcl val\u00f3sz\u00edn\u0171.(MTI)<\/p>\n","protected":false},"excerpt":{"rendered":"<p>Nyolc megy\u00e9re h\u00e9tf\u0151re is narancss\u00e1rga, vagyis m\u00e1sodfok\u00fa figyelmeztet\u00e9st adott ki a meteorol\u00f3giai szolg\u00e1lat.<\/p>\n","protected":false},"author":1,"featured_media":0,"comment_status":"open","ping_status":"closed","sticky":false,"template":"","format":"standard","meta":[],"categories":[4,151],"tags":[],"_links":{"self":[{"href":"https:\/\/gazdasagportal.hu\/index.php\/wp-json\/wp\/v2\/posts\/53667"}],"collection":[{"href":"https:\/\/gazdasagportal.hu\/index.php\/wp-json\/wp\/v2\/posts"}],"about":[{"href":"https:\/\/gazdasagportal.hu\/index.php\/wp-json\/wp\/v2\/types\/post"}],"author":[{"embeddable":true,"href":"https:\/\/gazdasagportal.hu\/index.php\/wp-json\/wp\/v2\/users\/1"}],"replies":[{"embeddable":true,"href":"https:\/\/gazdasagportal.hu\/index.php\/wp-json\/wp\/v2\/comments?post=53667"}],"version-history":[{"count":1,"href":"https:\/\/gazdasagportal.hu\/index.php\/wp-json\/wp\/v2\/posts\/53667\/revisions"}],"predecessor-version":[{"id":53668,"href":"https:\/\/gazdasagportal.hu\/index.php\/wp-json\/wp\/v2\/posts\/53667\/revisions\/53668"}],"wp:attachment":[{"href":"https:\/\/gazdasagportal.hu\/index.php\/wp-json\/wp\/v2\/media?parent=53667"}],"wp:term":[{"taxonomy":"category","embeddable":true,"href":"https:\/\/gazdasagportal.hu\/index.php\/wp-json\/wp\/v2\/categories?post=53667"},{"taxonomy":"post_tag","embeddable":true,"href":"https:\/\/gazdasagportal.hu\/index.php\/wp-json\/wp\/v2\/tags?post=53667"}],"curies":[{"name":"wp","href":"https:\/\/api.w.org\/{rel}","templated":true}]}}