{"id":53621,"date":"2014-12-27T18:19:37","date_gmt":"2014-12-27T17:19:37","guid":{"rendered":"http:\/\/stockportal.hu\/?p=53621"},"modified":"2014-12-27T18:19:37","modified_gmt":"2014-12-27T17:19:37","slug":"tobb-megyere-masodfoku-figyelmeztetest-adtak-ki-a-havazas-es-a-hofuvas-veszelye-miatt","status":"publish","type":"post","link":"https:\/\/gazdasagportal.hu\/index.php\/tobb-megyere-masodfoku-figyelmeztetest-adtak-ki-a-havazas-es-a-hofuvas-veszelye-miatt\/","title":{"rendered":"T\u00f6bb megy\u00e9re m\u00e1sodfok\u00fa figyelmeztet\u00e9st adtak ki a havaz\u00e1s \u00e9s a h\u00f3f\u00fav\u00e1s vesz\u00e9lye miatt"},"content":{"rendered":"<p><strong>Vas\u00e1rnapra t\u00f6bb megy\u00e9re narancss\u00e1rga, vagyis m\u00e1sodfok\u00fa figyelmeztet\u00e9st adott ki a havaz\u00e1s, valamint a h\u00f3f\u00fav\u00e1s vesz\u00e9lye miatt az Orsz\u00e1gos Meteorol\u00f3giai Szolg\u00e1lat. Az MTI-hez szombaton eljuttatott k\u00f6zlem\u00e9ny\u00fckben kiemelt\u00e9k: az \u00e9v utols\u00f3 vas\u00e1rnapj\u00e1n kem\u00e9ny t\u00e9li id\u0151 v\u00e1rhat\u00f3, de h\u00e9tf\u0151n is komoly gondokat okozhat m\u00e9g a h\u00f3f\u00fav\u00e1s.<\/strong><!--more--><\/p>\n<div class=\"ads-in-post1\"><div id=\"gazdasagportal.hu_fullbanner_wideboard\"><\/div>\r\n<\/div>\n<p>    A meteorol\u00f3giai szolg\u00e1lat vesz\u00e9lyjelz\u00e9se szerint a havaz\u00e1s miatt m\u00e1sodfok\u00fa figyelmeztet\u00e9st adtak ki Baranya, Somogy, Vas \u00e9s Zala megy\u00e9re, mivel ezeken a ter\u00fcleteken egy nap alatt ak\u00e1r 20 centim\u00e9tern\u00e9l is t\u00f6bb h\u00f3 hullhat.<br \/>\n    A h\u00f3f\u00fav\u00e1s vesz\u00e9lye miatt Baranya, B\u00e1cs-Kiskun, Somogy, Tolna, Vas \u00e9s Zala megy\u00e9re adt\u00e1k ki a figyelmeztet\u00e9st. Ezeken a ter\u00fcleteken arra is k\u00e9sz\u00fclni kell, hogy a friss h\u00f3val fedett ter\u00fcleteken a viharos sz\u00e9l magas h\u00f3torlaszokat emelhet.<br \/>\n    Emellett a havaz\u00e1s miatt B\u00e1cs-Kiskun, B\u00e9k\u00e9s, Csongr\u00e1d, Fej\u00e9r, Gy\u0151r-Moson-Sopron, Kom\u00e1rom-Esztergom, Tolna \u00e9s Veszpr\u00e9m megy\u00e9re, a h\u00f3f\u00fav\u00e1s miatt B\u00e9k\u00e9s, Csongr\u00e1d, Fej\u00e9r, Gy\u0151r-Moson-Sopron, Kom\u00e1rom-Esztergom \u00e9s Veszpr\u00e9m megy\u00e9re, a viharos sz\u00e9l miatt Borsod-Aba\u00faj-Zempl\u00e9n, Vas \u00e9s Zala megy\u00e9re adtak ki els\u0151fok\u00fa figyelmeztet\u00e9st.<br \/>\n    Mint kifejtett\u00e9k, szombat este el\u0151sz\u00f6r a Dun\u00e1nt\u00fal nyugati, \u00e9szaknyugati megy\u00e9iben kezd\u0151dik el havaz\u00e1s, mely az \u00e9jszaka folyam\u00e1n a Dun\u00e1nt\u00fal t\u00f6bbi r\u00e9sz\u00e9re, a k\u00f6z\u00e9ps\u0151 \u00e9s a d\u00e9li orsz\u00e1gr\u00e9szre is \u00e1tterjed. A f\u0151v\u00e1ros t\u00e9rs\u00e9g\u00e9ben \u00e9s az att\u00f3l \u00e9szakra fekv\u0151 ter\u00fcleteken id\u0151szakos, gyenge h\u00f3es\u00e9s a legval\u00f3sz\u00edn\u0171bb. Vas\u00e1rnap d\u00e9lut\u00e1nt\u00f3l \u00e9szak fel\u0151l sz\u0171nni kezd a havaz\u00e1s, az \u00e9szak-alf\u00f6ldi r\u00e9gi\u00f3ban, \u00e9s az \u00c9szaki-k\u00f6z\u00e9phegys\u00e9g keleti fel\u00e9n ink\u00e1bb csak sz\u00e1lling\u00f3zhat a h\u00f3.<br \/>\n    A szombati el\u0151rejelz\u00e9s szerint vas\u00e1rnap estig a Dun\u00e1nt\u00fal nyugati \u00e9s d\u00e9li megy\u00e9iben v\u00e1rhat\u00f3 a legt\u00f6bb, ak\u00e1r 20 centim\u00e9tert is meghalad\u00f3 h\u00f3. A Dun\u00e1nt\u00fal t\u00f6bbi r\u00e9sz\u00e9n \u00e9s a D\u00e9l-Alf\u00f6ld\u00f6n 5-15 centim\u00e9ternyi h\u00f3ra lehet sz\u00e1m\u00edtani. A f\u0151v\u00e1ros t\u00e1gabb k\u00f6rnyezet\u00e9ben n\u00e9h\u00e1ny centim\u00e9ter hullhat. Az orsz\u00e1g t\u00f6bbi r\u00e9sz\u00e9n (\u00e9szakkeleti harmad\u00e1n) nem v\u00e1rhat\u00f3 sz\u00e1mottev\u0151 h\u00f3r\u00e9teg.<br \/>\n    A meteorol\u00f3giai szolg\u00e1lat azt \u00edrta: a Dun\u00e1nt\u00fal nyugati, \u00e9szaknyugati r\u00e9sz\u00e9n m\u00e1r szombat est\u00e9t\u0151l lehetnek kisebb h\u00f3f\u00fav\u00e1sok. Vas\u00e1rnap reggelre pedig sokfel\u00e9 meger\u0151s\u00f6dik, d\u00e9lut\u00e1nt\u00f3l t\u00f6bbfel\u00e9 vihaross\u00e1 fokoz\u00f3dik a sz\u00e9l. A leger\u0151sebb sz\u00e9ll\u00f6k\u00e9sek az Alpokalj\u00e1n \u00e9s \u00e9szakkeleten el\u00e9rhetik a 70 kilom\u00e9ter\/\u00f3r\u00e1s er\u0151ss\u00e9get &#8211; tett\u00e9k hozz\u00e1, kiemelve: emiatt a vastagabb h\u00f3val bor\u00edtott nyugati \u00e9s d\u00e9li megy\u00e9kben komolyabb h\u00f3f\u00fav\u00e1sra kell sz\u00e1m\u00edtani, de a sz\u00e9l azokon a ter\u00fcleteken is hordhatja a havat, ahol csak kisebb, p\u00e1r centim\u00e9teres r\u00e9teg alakul ki.<br \/>\n    H\u00e9tf\u0151n a k\u00f6z\u00e9ps\u0151 orsz\u00e1gr\u00e9szben er\u0151s, m\u00e1sutt viharos lesz az \u00e9szaki sz\u00e9l, de nagy ter\u00fcletre kiterjed\u0151, jelent\u0151s havaz\u00e1s m\u00e1r nem val\u00f3sz\u00edn\u0171. A nagyobb ter\u00fcleten vihaross\u00e1 fokoz\u00f3d\u00f3 sz\u00e9l miatt a h\u00f3f\u00fav\u00e1s ak\u00e1r a vas\u00e1rnapin\u00e1l nagyobb gondot okozhat &#8211; hangs\u00falyozt\u00e1k.<br \/>\n    A jelenlegi el\u0151rejelz\u00e9s szerint vas\u00e1rnap a legalacsonyabb h\u0151m\u00e9rs\u00e9klet m\u00ednusz 8 \u00e9s m\u00ednusz 1, a legmagasabb h\u0151m\u00e9rs\u00e9klet m\u00ednusz 2 \u00e9s plusz 3 Celsius-fok k\u00f6z\u00f6tt val\u00f3sz\u00edn\u0171.(MTI)<\/p>\n","protected":false},"excerpt":{"rendered":"<p>Vas\u00e1rnapra t\u00f6bb megy\u00e9re narancss\u00e1rga, vagyis m\u00e1sodfok\u00fa figyelmeztet\u00e9st adott ki a havaz\u00e1s, valamint a h\u00f3f\u00fav\u00e1s vesz\u00e9lye miatt az Orsz\u00e1gos Meteorol\u00f3giai Szolg\u00e1lat. Az MTI-hez szombaton eljuttatott k\u00f6zlem\u00e9ny\u00fckben kiemelt\u00e9k: az \u00e9v utols\u00f3 vas\u00e1rnapj\u00e1n kem\u00e9ny t\u00e9li id\u0151 v\u00e1rhat\u00f3, de h\u00e9tf\u0151n is komoly gondokat okozhat m\u00e9g a h\u00f3f\u00fav\u00e1s.<\/p>\n","protected":false},"author":1,"featured_media":0,"comment_status":"open","ping_status":"closed","sticky":false,"template":"","format":"standard","meta":[],"categories":[4,151],"tags":[],"_links":{"self":[{"href":"https:\/\/gazdasagportal.hu\/index.php\/wp-json\/wp\/v2\/posts\/53621"}],"collection":[{"href":"https:\/\/gazdasagportal.hu\/index.php\/wp-json\/wp\/v2\/posts"}],"about":[{"href":"https:\/\/gazdasagportal.hu\/index.php\/wp-json\/wp\/v2\/types\/post"}],"author":[{"embeddable":true,"href":"https:\/\/gazdasagportal.hu\/index.php\/wp-json\/wp\/v2\/users\/1"}],"replies":[{"embeddable":true,"href":"https:\/\/gazdasagportal.hu\/index.php\/wp-json\/wp\/v2\/comments?post=53621"}],"version-history":[{"count":1,"href":"https:\/\/gazdasagportal.hu\/index.php\/wp-json\/wp\/v2\/posts\/53621\/revisions"}],"predecessor-version":[{"id":53622,"href":"https:\/\/gazdasagportal.hu\/index.php\/wp-json\/wp\/v2\/posts\/53621\/revisions\/53622"}],"wp:attachment":[{"href":"https:\/\/gazdasagportal.hu\/index.php\/wp-json\/wp\/v2\/media?parent=53621"}],"wp:term":[{"taxonomy":"category","embeddable":true,"href":"https:\/\/gazdasagportal.hu\/index.php\/wp-json\/wp\/v2\/categories?post=53621"},{"taxonomy":"post_tag","embeddable":true,"href":"https:\/\/gazdasagportal.hu\/index.php\/wp-json\/wp\/v2\/tags?post=53621"}],"curies":[{"name":"wp","href":"https:\/\/api.w.org\/{rel}","templated":true}]}}