{"id":53611,"date":"2014-12-27T11:07:10","date_gmt":"2014-12-27T10:07:10","guid":{"rendered":"http:\/\/stockportal.hu\/?p=53611"},"modified":"2014-12-27T11:07:10","modified_gmt":"2014-12-27T10:07:10","slug":"teliesebb-utviszonyokra-kell-szamitani-nehany-megyeben","status":"publish","type":"post","link":"https:\/\/gazdasagportal.hu\/index.php\/teliesebb-utviszonyokra-kell-szamitani-nehany-megyeben\/","title":{"rendered":"T\u00e9liesebb \u00fatviszonyokra kell sz\u00e1m\u00edtani n\u00e9h\u00e1ny megy\u00e9ben"},"content":{"rendered":"<p><strong>T\u00e9liesebb \u00fatviszonyokra kell sz\u00e1m\u00edtaniuk a k\u00f6zleked\u0151knek Vas, Zala, Hajd\u00fa-Bihar \u00e9s Szabolcs-Szatm\u00e1r-Bereg megye egyes r\u00e9szein, ahol a hajnali \u00f3r\u00e1k \u00f3ta t\u00f6bb centim\u00e9ternyi h\u00f3 hullott le &#8211; k\u00f6z\u00f6lte a Magyar K\u00f6z\u00fat Nonprofit Zrt. szombaton az MTI-vel.<\/strong><!--more--><\/p>\n<div class=\"ads-in-post1\"><div id=\"gazdasagportal.hu_fullbanner_wideboard\"><\/div>\r\n<\/div>\n<p>    T\u00e9liesebb \u00fatviszonyokra kell sz\u00e1m\u00edtani a K\u00f6rmend, Zalaegerszeg \u00e9s Keszthely k\u00f6rny\u00e9ki alacsonyabb forgalm\u00fa mell\u00e9kutakon, illetve keleten Ny\u00edrb\u00e1tor t\u00e9rs\u00e9g\u00e9ben, szint\u00e9n az als\u00f3bbrend\u0171 utakon. Kisk\u0151r\u00f6s k\u00f6rny\u00e9k\u00e9n deresed\u00e9s miatt el\u0151fordulhatnak m\u00e9g s\u00edkosabb mell\u00e9k\u00fati szakaszok &#8211; olvashat\u00f3 az MTI-hez eljuttatott k\u00f6zlem\u00e9nyben.<br \/>\n    Ezekben a t\u00e9rs\u00e9gekben a t\u00e1rsas\u00e1g t\u00f6bb tucat munkag\u00e9pe dolgozik a s\u00edkoss\u00e1gmentes\u00edt\u00e9sen &#8211; \u00edrt\u00e1k.<br \/>\n    A gyorsforgalmi, valamint a f\u0151utak a Dun\u00e1nt\u00fal nagy r\u00e9sz\u00e9n, valamint a k\u00f6z\u00e9ps\u0151 \u00e9s a keleti orsz\u00e1gr\u00e9szben t\u00f6bbfel\u00e9 nedvesek.(MTI)<\/p>\n","protected":false},"excerpt":{"rendered":"<p>T\u00e9liesebb \u00fatviszonyokra kell sz\u00e1m\u00edtaniuk a k\u00f6zleked\u0151knek Vas, Zala, Hajd\u00fa-Bihar \u00e9s Szabolcs-Szatm\u00e1r-Bereg megye egyes r\u00e9szein, ahol a hajnali \u00f3r\u00e1k \u00f3ta t\u00f6bb centim\u00e9ternyi h\u00f3 hullott le &#8211; k\u00f6z\u00f6lte a Magyar K\u00f6z\u00fat Nonprofit Zrt. szombaton az MTI-vel.<\/p>\n","protected":false},"author":1,"featured_media":0,"comment_status":"open","ping_status":"closed","sticky":false,"template":"","format":"standard","meta":[],"categories":[4,151],"tags":[],"_links":{"self":[{"href":"https:\/\/gazdasagportal.hu\/index.php\/wp-json\/wp\/v2\/posts\/53611"}],"collection":[{"href":"https:\/\/gazdasagportal.hu\/index.php\/wp-json\/wp\/v2\/posts"}],"about":[{"href":"https:\/\/gazdasagportal.hu\/index.php\/wp-json\/wp\/v2\/types\/post"}],"author":[{"embeddable":true,"href":"https:\/\/gazdasagportal.hu\/index.php\/wp-json\/wp\/v2\/users\/1"}],"replies":[{"embeddable":true,"href":"https:\/\/gazdasagportal.hu\/index.php\/wp-json\/wp\/v2\/comments?post=53611"}],"version-history":[{"count":1,"href":"https:\/\/gazdasagportal.hu\/index.php\/wp-json\/wp\/v2\/posts\/53611\/revisions"}],"predecessor-version":[{"id":53612,"href":"https:\/\/gazdasagportal.hu\/index.php\/wp-json\/wp\/v2\/posts\/53611\/revisions\/53612"}],"wp:attachment":[{"href":"https:\/\/gazdasagportal.hu\/index.php\/wp-json\/wp\/v2\/media?parent=53611"}],"wp:term":[{"taxonomy":"category","embeddable":true,"href":"https:\/\/gazdasagportal.hu\/index.php\/wp-json\/wp\/v2\/categories?post=53611"},{"taxonomy":"post_tag","embeddable":true,"href":"https:\/\/gazdasagportal.hu\/index.php\/wp-json\/wp\/v2\/tags?post=53611"}],"curies":[{"name":"wp","href":"https:\/\/api.w.org\/{rel}","templated":true}]}}