{"id":53607,"date":"2014-12-27T05:10:00","date_gmt":"2014-12-27T04:10:00","guid":{"rendered":"http:\/\/stockportal.hu\/?p=53607"},"modified":"2014-12-26T22:10:46","modified_gmt":"2014-12-26T21:10:46","slug":"telies-utviszonyokra-kell-keszulni","status":"publish","type":"post","link":"https:\/\/gazdasagportal.hu\/index.php\/telies-utviszonyokra-kell-keszulni\/","title":{"rendered":"T\u00e9lies \u00fatviszonyokra kell k\u00e9sz\u00fclni"},"content":{"rendered":"<p><strong>Az Orsz\u00e1gos Meteorol\u00f3giai Szolg\u00e1lat el\u0151rejelz\u00e9se szerint a h\u00e9t v\u00e9g\u00e9n t\u00e9liesre fordul az id\u0151, nemcsak leh\u0171l\u00e9s, havaz\u00e1s is v\u00e1rhat\u00f3, egyes helyeken jelent\u0151s mennyis\u00e9g is hullhat. Az Orsz\u00e1gos Katasztr\u00f3fav\u00e9delmi F\u0151igazgat\u00f3s\u00e1g (OKF) \u00e9s a Magyar K\u00f6z\u00fat Nonprofit Zrt. egyar\u00e1nt a h\u00e9tv\u00e9g\u00e9n v\u00e1rhat\u00f3 t\u00e9lies \u00fatviszonyokra h\u00edvta fel a figyelmet az MTI-hez p\u00e9nteken eljuttatott k\u00f6zlem\u00e9nyben.<\/strong><!--more--><\/p>\n<div class=\"ads-in-post1\"><div id=\"gazdasagportal.hu_fullbanner_wideboard\"><\/div>\r\n<\/div>\n<p>Az OKF k\u00f6zl\u00e9se szerint a k\u00f6vetkez\u0151 napokban er\u0151s leh\u0171l\u00e9s v\u00e1rhat\u00f3, hideg, szeles id\u0151 lesz, t\u00f6bb helyen havaz\u00e1ssal. Szombaton eleinte csak n\u00e9hol lehet h\u00f3z\u00e1por, majd d\u00e9lut\u00e1nt\u00f3l nyugat fel\u0151l m\u00e1r havaz\u00e1s kezd\u0151dhet. Vas\u00e1rnap t\u00f6bb helyen val\u00f3sz\u00edn\u0171 havaz\u00e1s, legkisebb es\u00e9llyel \u00e9szakkeleten \u00e9s a f\u0151v\u00e1ros t\u00e9rs\u00e9g\u00e9ben.<br \/>\nA legt\u00f6bb h\u00f3 a D\u00e9l-Dun\u00e1nt\u00falon \u00edg\u00e9rkezik, ott 10-15 centim\u00e9ter vastag h\u00f3r\u00e9teg is kialakulhat. A jelenlegi sz\u00e1m\u00edt\u00e1sok alapj\u00e1n m\u00e1sutt ink\u00e1bb 10 centim\u00e9tern\u00e9l kevesebb h\u00f3 val\u00f3sz\u00edn\u0171, a f\u0151v\u00e1ros t\u00e9rs\u00e9g\u00e9ben, az \u00c9szaki-k\u00f6z\u00e9phegys\u00e9gben \u00e9s az \u00c9szak-Alf\u00f6ld\u00f6n legfeljebb n\u00e9h\u00e1ny centim\u00e9ternyi h\u00f3 hullhat. Vas\u00e1rnap \u00e9s h\u00e9tf\u0151 d\u00e9lel\u0151tt viharos (ak\u00e1r 70 kilom\u00e9ter\/\u00f3ra) er\u0151ss\u00e9g\u0171 lehet a sz\u00e9l, amely els\u0151sorban a h\u00f3es\u00e9s \u00e1ltal \u00e9rintett dun\u00e1nt\u00fali t\u00e1jakon, valamint a Tisz\u00e1nt\u00fal d\u00e9li fel\u00e9ben okozhat h\u00f3f\u00fav\u00e1st.<br \/>\nA k\u00f6z\u00fatkezel\u0151 a k\u00f6zlem\u00e9ny\u00e9ben azt \u00edrta: a t\u00e1rsas\u00e1g m\u00e1r november 10-e \u00f3ta t\u00e9li \u00fczemm\u00f3dban dolgozik, \u00e9s b\u00e1r az elm\u00falt hetekben nem volt igaz\u00e1n t\u00e9li id\u0151j\u00e1r\u00e1s, sok helyen az \u00e9jszakai \u00e9s a reggeli \u00f3r\u00e1kban is v\u00e9geztek s\u00edkoss\u00e1gmentes\u00edt\u00e9st, illetve n\u00e9h\u00e1ny havas napon h\u00f3eltakar\u00edt\u00e1st, legink\u00e1bb az orsz\u00e1g \u00e9szaki, magasabban fekv\u0151 ter\u00fcletein. \u00cdgy az elm\u00falt m\u00e1sf\u00e9l h\u00f3napban is t\u00f6bb ezer tonna \u00fatsz\u00f3r\u00f3 s\u00f3t haszn\u00e1ltak fel a t\u00f6bb mint 31 ezer kilom\u00e9teres orsz\u00e1gos k\u00f6z\u00fath\u00e1l\u00f3zaton.<br \/>\nAz OKF azt k\u00e9ri, hogy mindenki k\u00f6vesse az id\u0151j\u00e1r\u00e1si el\u0151rejelz\u00e9seket az Orsz\u00e1gos Meteorol\u00f3giai Szolg\u00e1lat honlapj\u00e1n (www.met.hu), valamint a katasztr\u00f3fav\u00e9delem Facebook oldal\u00e1n, illetve honlapj\u00e1n k\u00f6zz\u00e9tett inform\u00e1ci\u00f3kat. Az okostelefonnal, t\u00e1blag\u00e9ppel rendelkez\u0151knek azt is javasolj\u00e1k, hogy telep\u00edts\u00e9k a katasztr\u00f3fav\u00e9delem &#8222;V\u00c9SZ&#8221; alkalmaz\u00e1s\u00e1t (http:\/\/vesz.katasztrofavedelem.hu).<br \/>\nA k\u00f6z\u00fatkezel\u0151 is azt k\u00e9ri, hogy indul\u00e1s el\u0151tt mindenki t\u00e1j\u00e9koz\u00f3djon az aktu\u00e1lis \u00fatviszonyokr\u00f3l, a www.utinform.hu oldalon, illetve a k\u00f6z\u00fatkezel\u0151 hivatalos Facebook (www.facebook.com\/magyarkozut) \u00e9s Twitter (www.twitter.com\/magyarkozut) oldalon.<\/p>\n<p>(MTI)<\/p><div id=\"gazda-907632641\" class=\"gazda-tartalomban gazda-entity-placement\"><script async src=\"https:\/\/pagead2.googlesyndication.com\/pagead\/js\/adsbygoogle.js\"><\/script>\r\n<ins class=\"adsbygoogle\"\r\n     style=\"display:block\"\r\n     data-ad-format=\"fluid\"\r\n     data-ad-layout-key=\"-6t+ed+2i-1n-4w\"\r\n     data-ad-client=\"ca-pub-1959107119989764\"\r\n     data-ad-slot=\"4008251320\"><\/ins>\r\n<script>\r\n     (adsbygoogle = window.adsbygoogle || []).push({});\r\n<\/script><\/div>\n","protected":false},"excerpt":{"rendered":"<p>Az Orsz\u00e1gos Meteorol\u00f3giai Szolg\u00e1lat el\u0151rejelz\u00e9se szerint a h\u00e9t v\u00e9g\u00e9n t\u00e9liesre fordul az id\u0151, nemcsak leh\u0171l\u00e9s, havaz\u00e1s is v\u00e1rhat\u00f3, egyes helyeken jelent\u0151s mennyis\u00e9g is hullhat. Az Orsz\u00e1gos Katasztr\u00f3fav\u00e9delmi F\u0151igazgat\u00f3s\u00e1g (OKF) \u00e9s a Magyar K\u00f6z\u00fat Nonprofit Zrt. egyar\u00e1nt a h\u00e9tv\u00e9g\u00e9n v\u00e1rhat\u00f3 t\u00e9lies \u00fatviszonyokra h\u00edvta fel a figyelmet az MTI-hez p\u00e9nteken eljuttatott k\u00f6zlem\u00e9nyben.<\/p>\n","protected":false},"author":1,"featured_media":0,"comment_status":"open","ping_status":"closed","sticky":false,"template":"","format":"standard","meta":[],"categories":[4],"tags":[],"_links":{"self":[{"href":"https:\/\/gazdasagportal.hu\/index.php\/wp-json\/wp\/v2\/posts\/53607"}],"collection":[{"href":"https:\/\/gazdasagportal.hu\/index.php\/wp-json\/wp\/v2\/posts"}],"about":[{"href":"https:\/\/gazdasagportal.hu\/index.php\/wp-json\/wp\/v2\/types\/post"}],"author":[{"embeddable":true,"href":"https:\/\/gazdasagportal.hu\/index.php\/wp-json\/wp\/v2\/users\/1"}],"replies":[{"embeddable":true,"href":"https:\/\/gazdasagportal.hu\/index.php\/wp-json\/wp\/v2\/comments?post=53607"}],"version-history":[{"count":1,"href":"https:\/\/gazdasagportal.hu\/index.php\/wp-json\/wp\/v2\/posts\/53607\/revisions"}],"predecessor-version":[{"id":53608,"href":"https:\/\/gazdasagportal.hu\/index.php\/wp-json\/wp\/v2\/posts\/53607\/revisions\/53608"}],"wp:attachment":[{"href":"https:\/\/gazdasagportal.hu\/index.php\/wp-json\/wp\/v2\/media?parent=53607"}],"wp:term":[{"taxonomy":"category","embeddable":true,"href":"https:\/\/gazdasagportal.hu\/index.php\/wp-json\/wp\/v2\/categories?post=53607"},{"taxonomy":"post_tag","embeddable":true,"href":"https:\/\/gazdasagportal.hu\/index.php\/wp-json\/wp\/v2\/tags?post=53607"}],"curies":[{"name":"wp","href":"https:\/\/api.w.org\/{rel}","templated":true}]}}