{"id":53603,"date":"2014-12-27T04:37:52","date_gmt":"2014-12-27T03:37:52","guid":{"rendered":"http:\/\/stockportal.hu\/?p=53603"},"modified":"2014-12-26T21:32:35","modified_gmt":"2014-12-26T20:32:35","slug":"havazas-varhato-az-elkovetkezo-napokban-csaknem-az-egesz-romaniaban","status":"publish","type":"post","link":"https:\/\/gazdasagportal.hu\/index.php\/havazas-varhato-az-elkovetkezo-napokban-csaknem-az-egesz-romaniaban\/","title":{"rendered":"Havaz\u00e1s v\u00e1rhat\u00f3 az elk\u00f6vetkez\u0151 napokban csaknem az eg\u00e9sz Rom\u00e1ni\u00e1ban"},"content":{"rendered":"<p><strong>A rom\u00e1niai Orsz\u00e1gos Meteorol\u00f3giai Szolg\u00e1lat (ANM) els\u0151 fok\u00fa (s\u00e1rga jelz\u00e9s\u0171) figyelmeztet\u00e9se szerint p\u00e9ntek est\u00e9t\u0151l havaz\u00e1s kezd\u0151dik csaknem az eg\u00e9sz orsz\u00e1gban.<\/strong><!--more--><\/p>\n<div class=\"ads-in-post1\"><div id=\"gazdasagportal.hu_fullbanner_wideboard\"><\/div>\r\n<\/div>\n<p>    A figyelmeztet\u00e9s szerint a p\u00e9ntek est\u00e9t\u0151l szombat estig tart\u00f3 havaz\u00e1sban helyenk\u00e9nt 20 centim\u00e9tert meghalad\u00f3 h\u00f3r\u00e9teg is kialakulhat. Rom\u00e1nia d\u00e9li, d\u00e9lkeleti megy\u00e9iben havas es\u0151, \u00f3nos es\u0151 is el\u0151fordulhat. Az \u00f3r\u00e1nk\u00e9nt 45-55 kilom\u00e9teres sebess\u00e9ggel f\u00fav\u00f3 sz\u00e9l h\u00f3torlaszokat alak\u00edthat ki az utakon.<br \/>\n    A figyelmeztet\u00e9s Erd\u00e9lyben a K\u00e1rp\u00e1tokkal szomsz\u00e9dos megy\u00e9kre, \u00edgy a sz\u00e9kelyf\u00f6ldi Hargita \u00e9s Kov\u00e1szna megy\u00e9re, valamint Maros megye egy r\u00e9sz\u00e9re, illetve Hunyad, Feh\u00e9r, Szeben \u00e9s Brass\u00f3 megy\u00e9kre terjed ki. Rom\u00e1nia nyugati \u00e9s \u00e9szaki peremvid\u00e9ke, p\u00e9ld\u00e1ul a magyar-rom\u00e1n \u00e1llamhat\u00e1rral szomsz\u00e9dos rom\u00e1niai megy\u00e9k nem esnek a figyelmeztet\u00e9s hat\u00e1lya al\u00e1.<br \/>\n    A meteorol\u00f3giai szolg\u00e1lat egy m\u00e1sik \u2013 szint\u00e9n p\u00e9nteken kibocs\u00e1tott \u2013 els\u0151 fok\u00fa (s\u00e1rga jelz\u00e9s\u0171) figyelmeztet\u00e9se szerint vas\u00e1rnap est\u00e9t\u0151l h\u00e9tf\u0151 estig a havaz\u00e1s \u00fajabb hull\u00e1ma \u00e9ri el Rom\u00e1ni\u00e1t, mely \u00fajabb, jelent\u0151s vastags\u00e1g\u00fa h\u00f3r\u00e9teget hagyhat maga ut\u00e1n csaknem az eg\u00e9sz orsz\u00e1gban. A havaz\u00e1s ez\u00fattal is az \u00e9szak-erd\u00e9lyi megy\u00e9ket ker\u00fcli el. E m\u00e1sodik figyelmeztet\u00e9sb\u0151l csup\u00e1n Bihar, Szatm\u00e1r, Szil\u00e1gy, Kolozs, M\u00e1ramaros, Beszterce \u00e9s Maros megye maradt ki.(MTI)<\/p>\n","protected":false},"excerpt":{"rendered":"<p>A rom\u00e1niai Orsz\u00e1gos Meteorol\u00f3giai Szolg\u00e1lat (ANM) els\u0151 fok\u00fa (s\u00e1rga jelz\u00e9s\u0171) figyelmeztet\u00e9se szerint p\u00e9ntek est\u00e9t\u0151l havaz\u00e1s kezd\u0151dik csaknem az eg\u00e9sz orsz\u00e1gban.<\/p>\n","protected":false},"author":1,"featured_media":0,"comment_status":"open","ping_status":"closed","sticky":false,"template":"","format":"standard","meta":[],"categories":[12],"tags":[],"_links":{"self":[{"href":"https:\/\/gazdasagportal.hu\/index.php\/wp-json\/wp\/v2\/posts\/53603"}],"collection":[{"href":"https:\/\/gazdasagportal.hu\/index.php\/wp-json\/wp\/v2\/posts"}],"about":[{"href":"https:\/\/gazdasagportal.hu\/index.php\/wp-json\/wp\/v2\/types\/post"}],"author":[{"embeddable":true,"href":"https:\/\/gazdasagportal.hu\/index.php\/wp-json\/wp\/v2\/users\/1"}],"replies":[{"embeddable":true,"href":"https:\/\/gazdasagportal.hu\/index.php\/wp-json\/wp\/v2\/comments?post=53603"}],"version-history":[{"count":1,"href":"https:\/\/gazdasagportal.hu\/index.php\/wp-json\/wp\/v2\/posts\/53603\/revisions"}],"predecessor-version":[{"id":53604,"href":"https:\/\/gazdasagportal.hu\/index.php\/wp-json\/wp\/v2\/posts\/53603\/revisions\/53604"}],"wp:attachment":[{"href":"https:\/\/gazdasagportal.hu\/index.php\/wp-json\/wp\/v2\/media?parent=53603"}],"wp:term":[{"taxonomy":"category","embeddable":true,"href":"https:\/\/gazdasagportal.hu\/index.php\/wp-json\/wp\/v2\/categories?post=53603"},{"taxonomy":"post_tag","embeddable":true,"href":"https:\/\/gazdasagportal.hu\/index.php\/wp-json\/wp\/v2\/tags?post=53603"}],"curies":[{"name":"wp","href":"https:\/\/api.w.org\/{rel}","templated":true}]}}