{"id":53595,"date":"2014-12-26T16:49:06","date_gmt":"2014-12-26T15:49:06","guid":{"rendered":"http:\/\/stockportal.hu\/?p=53595"},"modified":"2014-12-26T11:00:32","modified_gmt":"2014-12-26T10:00:32","slug":"az-evosz-elnoke-hianyolja-a-befektetoket-az-epitoipar-megrendeloi-kozul","status":"publish","type":"post","link":"https:\/\/gazdasagportal.hu\/index.php\/az-evosz-elnoke-hianyolja-a-befektetoket-az-epitoipar-megrendeloi-kozul\/","title":{"rendered":"Az \u00c9VOSZ eln\u00f6ke hi\u00e1nyolja a befektet\u0151ket az \u00e9p\u00edt\u0151ipar megrendel\u0151i k\u00f6z\u00fcl"},"content":{"rendered":"<p><strong>A tavalyi \u00e9v ut\u00e1n id\u00e9n is k\u00e9tsz\u00e1mjegy\u0171 n\u00f6veked\u00e9s v\u00e1rhat\u00f3 az \u00e9p\u00edt\u0151iparban, els\u0151sorban az infrastruktur\u00e1lis beruh\u00e1z\u00e1soknak k\u00f6sz\u00f6nhet\u0151en, az \u00c9p\u00edt\u00e9si V\u00e1llalkoz\u00f3k Orsz\u00e1gos Szaksz\u00f6vets\u00e9g\u00e9nek (\u00c9VOSZ) eln\u00f6ke ugyanakkor a j\u00f6v\u0151 \u00e9vi kil\u00e1t\u00e1sokat bizonytalanabbnak tartja, \u00e9s hi\u00e1nyolja a priv\u00e1t befektet\u0151ket a magas\u00e9p\u00edt\u00e9s megrendel\u0151i k\u00f6z\u00fcl.<\/strong><!--more--><\/p>\n<div class=\"ads-in-post1\"><div id=\"gazdasagportal.hu_fullbanner_wideboard\"><\/div>\r\n<\/div>\n<p>    Tolnay Tibor az MTI-nek adott \u00e9v\u00e9rt\u00e9kel\u0151ben a hivatalos statisztikai adatokat id\u00e9zve eml\u00e9keztetett arra, hogy az \u00e9p\u00edt\u0151ipar 2006-ban m\u00e9g 2360 milli\u00e1rd forintnyi \u00e9rt\u00e9ket \u00e1ll\u00edtott el\u0151, ez a m\u00falt \u00e9vben m\u00e1r csak 1774 milli\u00e1rd forint volt, b\u00e1r ez is 10 sz\u00e1zal\u00e9kkal t\u00f6bb a 2012. \u00e9vin\u00e9l. A brutt\u00f3 hazai term\u00e9khez (GDP) m\u00e9rten &#8211; ugyanebben az id\u0151szakban &#8211; 5,1 sz\u00e1zal\u00e9kr\u00f3l mintegy 4 sz\u00e1zal\u00e9kra esett a teljes\u00edtm\u00e9ny. Hozz\u00e1tette: az \u00e1gazatban foglalkoztatottak sz\u00e1ma ugyanakkor a 8,2 sz\u00e1zal\u00e9kos ar\u00e1nyr\u00f3l 6,3 sz\u00e1zal\u00e9kra cs\u00f6kkent nemzetgazdas\u00e1gi szinten.<br \/>\n    V\u00e9lem\u00e9nye szerint az idei &#8211; a szakma \u00e1ltal 15 sz\u00e1zal\u00e9kosra v\u00e1rt &#8211; n\u00f6veked\u00e9st az magyar\u00e1zza, hogy a tavaly \u00e9v v\u00e9g\u00e9vel z\u00e1rult, de tov\u00e1bbi k\u00e9t \u00e9vig m\u00e9g a t\u00e1mogat\u00e1sokat elsz\u00e1molhat\u00f3v\u00e1 tev\u0151 uni\u00f3s k\u00f6lts\u00e9gvet\u00e9si id\u0151szak miatt felgyorsultak a kifizet\u00e9sek \u00e9s a felhalmoz\u00f3dott forr\u00e1sok t\u00f6bb \u00e9p\u00edt\u00e9st gener\u00e1ltak. Ezek z\u00f6me azonban infrastruktur\u00e1lis jelleg\u0171 &#8211; \u00fat- \u00e9s vas\u00fat\u00e9p\u00edt\u00e9s, csatorn\u00e1z\u00e1s, hullad\u00e9klerak\u00f3 &#8211; \u00e9s kev\u00e9sb\u00e9 \u00e9rinti az \u00e9p\u00fcleteket l\u00e9trehoz\u00f3 magas\u00e9p\u00edt\u00e9st &#8211; jegyezte meg az eln\u00f6k. Az uni\u00f3s forr\u00e1soknak a Minisztereln\u00f6ks\u00e9g al\u00e1 rendel\u00e9se &#8211; k\u00f6zpontos\u00edt\u00e1sa &#8211; jav\u00edtotta a t\u00e1mogat\u00e1sok elk\u00f6lt\u00e9si ar\u00e1ny\u00e1t &#8211; jegyezte meg.<br \/>\n    A KSH legut\u00f3bbi \u00e9p\u00edt\u0151ipari jelent\u00e9se &#8211; amely okt\u00f3berig elemzi az idei \u00e9vet &#8211; 6,5 sz\u00e1zal\u00e9kos magas\u00e9p\u00edt\u00e9si teljes\u00edtm\u00e9ny-cs\u00f6kken\u00e9st mutat. Ezt ellens\u00falyozz\u00e1k az eml\u00edtett &#8222;egy\u00e9b \u00e9p\u00edtm\u00e9nyek&#8221;, amelyekn\u00e9l viszont 35,2 sz\u00e1zal\u00e9k volt a n\u00f6veked\u00e9s. A kett\u0151 ered\u0151je adja ki a 15,8 sz\u00e1zal\u00e9kos n\u00f6veked\u00e9st. A j\u00f6v\u0151re n\u00e9zve azonban sokat mond az az adat, hogy az \u00faj szerz\u0151d\u00e9sek az \u00e9p\u00fcletek \u00e9p\u00edt\u00e9s\u00e9n\u00e9l 10,9 sz\u00e1zal\u00e9kkal cs\u00f6kkentek egy \u00e9v alatt, m\u00edg az egy\u00e9b \u00e9p\u00edtm\u00e9nyek szerz\u0151d\u00e9s\u00e1llom\u00e1nya 16,8 sz\u00e1zal\u00e9kkal n\u00f6vekedett. A magas\u00e9p\u00edt\u0151 ipar addig nem tud n\u00f6vekedni, am\u00edg a befektet\u0151k nem rendelnek \u00faj irod\u00e1kat \u00e9s ipari l\u00e9tes\u00edtm\u00e9nyeket &#8211; jegyezte meg.<br \/>\n    A korm\u00e1ny a k\u00f6vetkez\u0151, 2020-ig tart\u00f3 uni\u00f3s k\u00f6lts\u00e9gvet\u00e9si id\u0151szakra 7500 milli\u00e1rd forint t\u00e1mogat\u00e1ssal sz\u00e1mol, amelynek 60 sz\u00e1zal\u00e9k\u00e1t gazdas\u00e1gfejleszt\u00e9sre ford\u00edtan\u00e1. Hogy ebb\u0151l mennyi lesz az \u00e9p\u00edt\u00e9s, azt Tolnay Tibor szerint ma m\u00e9g nem lehet megbecs\u00fclni. Az \u00c9VOSZ &#8211; a Magyar M\u00e9rn\u00f6ki Kamar\u00e1val egy\u00fctt &#8211; mindenesetre azt szorgalmazza, hogy azokat az \u00e9p\u00fcleteket, amelyeket a korm\u00e1ny mindenk\u00e9ppen l\u00e9tre akar hozni az uni\u00f3s forr\u00e1sokb\u00f3l, m\u00e1r most kezdj\u00e9k el megtervezni. \u00cdgy amikor az uni\u00f3s appar\u00e1tus igent mond a projektekre, kezd\u0151dhet az \u00e9p\u00edt\u00e9s.<br \/>\n    Ez az\u00e9rt lenne fontos, mivel az el\u0151z\u0151 uni\u00f3s k\u00f6lts\u00e9gvet\u00e9si ciklus ind\u00edt\u00e1s\u00e1t is \u00e9vekig tart\u00f3 kiv\u00e1r\u00e1s jellemezte. J\u00f6v\u0151re m\u00e9g tart az elsz\u00e1mol\u00e1si id\u0151szak, \u00edgy ez a helyzet, ha az ideihez k\u00e9pest cs\u00f6kkentve is, de jav\u00edtja az \u00e9p\u00edt\u0151ipar helyzet\u00e9t. Viszont ha nem indulnak el a j\u00f6v\u0151 \u00e9v m\u00e1sodik fel\u00e9ben az \u00faj projektek, akkor 2016-ban ez \u00e9rz\u0151dni fog az \u00e9p\u00edt\u0151ipar teljes\u00edtm\u00e9ny\u00e9ben.<br \/>\n    Tolnay Tibor az \u00e1gazat egyik nagy probl\u00e9m\u00e1j\u00e1nak a rendelkez\u00e9sre \u00e1ll\u00f3 k\u00e9pzett munkaer\u0151 szempontj\u00e1b\u00f3l azt tartja, hogy aki keresett szakm\u00e1val rendelkezett \u00e9s mobil volt, az m\u00e1r &#8211; egy\u00e9ni munkav\u00e1llal\u00f3k\u00e9nt &#8211; elhagyta az orsz\u00e1got. Ha most var\u00e1zs\u00fct\u00e9sre be\u00fctne az \u00e9p\u00edt\u0151ipari konjunkt\u00fara, nem lenne kivel \u00e9p\u00edtkezni &#8211; v\u00e9lte.<br \/>\n    Az ehhez kapcsol\u00f3d\u00f3 m\u00e1sik probl\u00e9ma, a korm\u00e1ny \u00e1ltal elhat\u00e1rozott du\u00e1lis szakk\u00e9pz\u00e9ssel van &#8211; mutatott r\u00e1 az eln\u00f6k. A kor\u00e1bbi rendszerben a nagyv\u00e1llalatok m\u0171k\u00f6dtettek tanm\u0171helyeket \u00e9s p\u00e9ld\u00e1ul a harmadikos k\u0151m\u0171vesek m\u00e1r brig\u00e1dban dolgoztak. Ma azonban a tipikus f\u0151v\u00e1llalkoz\u00f3 c\u00e9g egy\u00e1ltal\u00e1n nem foglalkoztat fizikai munk\u00e1sokat, a t\u00e9nyleges \u00e9p\u00edt\u00e9st alv\u00e1llalkoz\u00f3k v\u00e9gzik. \u00cdgy a f\u0151v\u00e1llalkoz\u00f3 eleve alkalmatlan a k\u00e9pz\u00e9sre, az alv\u00e1llalkoz\u00f3k pedig \u00e1ltal\u00e1ban kisebb t\u00e1rsas\u00e1gok, amelyeknek sem p\u00e9nz\u00fck, sem appar\u00e1tusuk nincs erre.<br \/>\n    A magyar \u00e9p\u00edt\u0151ipar teljes\u00edtm\u00e9ny\u00e9t az eur\u00f3paival \u00f6sszehasonl\u00edtva az \u00c9VOSZ eln\u00f6ke elmondta: a tavalyi 5 milli\u00e1rd eur\u00f3s magyar teljes\u00edtm\u00e9ny azonos a szlov\u00e1kkal, Bulg\u00e1ria 6 milli\u00e1rd, Csehorsz\u00e1g 17 milli\u00e1rd, m\u00edg Ausztria 33 milli\u00e1rd eur\u00f3 \u00e9rt\u00e9ket produk\u00e1lt.(MTI)<\/p>\n","protected":false},"excerpt":{"rendered":"<p>A tavalyi \u00e9v ut\u00e1n id\u00e9n is k\u00e9tsz\u00e1mjegy\u0171 n\u00f6veked\u00e9s v\u00e1rhat\u00f3 az \u00e9p\u00edt\u0151iparban, els\u0151sorban az infrastruktur\u00e1lis beruh\u00e1z\u00e1soknak k\u00f6sz\u00f6nhet\u0151en, az \u00c9p\u00edt\u00e9si V\u00e1llalkoz\u00f3k Orsz\u00e1gos Szaksz\u00f6vets\u00e9g\u00e9nek (\u00c9VOSZ) eln\u00f6ke ugyanakkor a j\u00f6v\u0151 \u00e9vi kil\u00e1t\u00e1sokat bizonytalanabbnak tartja, \u00e9s hi\u00e1nyolja a priv\u00e1t befektet\u0151ket a magas\u00e9p\u00edt\u00e9s megrendel\u0151i k\u00f6z\u00fcl.<\/p>\n","protected":false},"author":1,"featured_media":0,"comment_status":"open","ping_status":"closed","sticky":false,"template":"","format":"standard","meta":[],"categories":[19],"tags":[],"_links":{"self":[{"href":"https:\/\/gazdasagportal.hu\/index.php\/wp-json\/wp\/v2\/posts\/53595"}],"collection":[{"href":"https:\/\/gazdasagportal.hu\/index.php\/wp-json\/wp\/v2\/posts"}],"about":[{"href":"https:\/\/gazdasagportal.hu\/index.php\/wp-json\/wp\/v2\/types\/post"}],"author":[{"embeddable":true,"href":"https:\/\/gazdasagportal.hu\/index.php\/wp-json\/wp\/v2\/users\/1"}],"replies":[{"embeddable":true,"href":"https:\/\/gazdasagportal.hu\/index.php\/wp-json\/wp\/v2\/comments?post=53595"}],"version-history":[{"count":1,"href":"https:\/\/gazdasagportal.hu\/index.php\/wp-json\/wp\/v2\/posts\/53595\/revisions"}],"predecessor-version":[{"id":53596,"href":"https:\/\/gazdasagportal.hu\/index.php\/wp-json\/wp\/v2\/posts\/53595\/revisions\/53596"}],"wp:attachment":[{"href":"https:\/\/gazdasagportal.hu\/index.php\/wp-json\/wp\/v2\/media?parent=53595"}],"wp:term":[{"taxonomy":"category","embeddable":true,"href":"https:\/\/gazdasagportal.hu\/index.php\/wp-json\/wp\/v2\/categories?post=53595"},{"taxonomy":"post_tag","embeddable":true,"href":"https:\/\/gazdasagportal.hu\/index.php\/wp-json\/wp\/v2\/tags?post=53595"}],"curies":[{"name":"wp","href":"https:\/\/api.w.org\/{rel}","templated":true}]}}