{"id":53593,"date":"2014-12-26T14:57:51","date_gmt":"2014-12-26T13:57:51","guid":{"rendered":"http:\/\/stockportal.hu\/?p=53593"},"modified":"2014-12-26T10:59:02","modified_gmt":"2014-12-26T09:59:02","slug":"a-politikai-generaciovaltas-eve-volt-az-idei-olaszorszagban","status":"publish","type":"post","link":"https:\/\/gazdasagportal.hu\/index.php\/a-politikai-generaciovaltas-eve-volt-az-idei-olaszorszagban\/","title":{"rendered":"A politikai gener\u00e1ci\u00f3v\u00e1lt\u00e1s \u00e9ve volt az idei Olaszorsz\u00e1gban"},"content":{"rendered":"<p><strong>A 39 \u00e9ves Matteo Renzi minisztereln\u00f6ki kinevez\u00e9s\u00e9vel kezd\u0151d\u00f6tt \u00e9s a 89 \u00e9ves \u00e1llamf\u0151 Giorgio Napolitano t\u00e1voz\u00e1s\u00e1nak bejelent\u00e9s\u00e9vel \u00e9r v\u00e9get a 2014-es \u00e9v Olaszorsz\u00e1gban, amely a v\u00e1lt\u00e1s esztendej\u00e9nek sz\u00e1m\u00edtott mind a politik\u00e1ban, mind a t\u00e1rsadalmi fesz\u00fclts\u00e9gt\u0151l k\u00eds\u00e9rt gazdas\u00e1gi d\u00f6nt\u00e9sekben is.<\/strong><!--more--><\/p>\n<div class=\"ads-in-post1\"><div id=\"gazdasagportal.hu_fullbanner_wideboard\"><\/div>\r\n<\/div>\n<p>     Matteo Renzi sz\u00e1m\u00edt az \u00e9v politikus\u00e1nak Olaszorsz\u00e1gban, mivel majdnem kiz\u00e1r\u00f3lag r\u00f3la sz\u00f3lt az eg\u00e9sz 2014-es esztend\u0151. Minisztereln\u00f6kk\u00e9 val\u00f3 kinevez\u00e9se, az \u00e1ltala vezetett korm\u00e1ny reformprogramja, p\u00e1rtja, a Demokrata P\u00e1rt (PD) els\u00f6pr\u0151 gy\u0151zelme a m\u00e1jusi eur\u00f3pai parlamenti (EP) v\u00e1laszt\u00e1sokon, a politik\u00e1ja ellen rendezett t\u00fcntet\u00e9sek hat\u00e1rozt\u00e1k meg az ut\u00f3bbi tizenk\u00e9t h\u00f3nap olaszorsz\u00e1gi t\u00f6rt\u00e9n\u00e9seit. Elemz\u0151k szerint az idei esztend\u0151ben &#8211; j\u00f3l vagy rosszul, de &#8211; Matteo Renzi dikt\u00e1lta a temp\u00f3t, It\u00e1lia pedig igyekezett l\u00e9p\u00e9st tartani vele.<br \/>\n     2014 m\u00e9g Enrico Letta minisztereln\u00f6ks\u00e9g\u00e9vel kezd\u0151d\u00f6tt, de janu\u00e1rban Matteo Renzi, a PD \u00fajonnan megv\u00e1lasztott f\u0151titk\u00e1ra m\u00e1r reformokat k\u00f6vetelt \u00e9s v\u00e1laszt\u00e1si paktumot k\u00f6t\u00f6tt a jobbk\u00f6z\u00e9p ellenz\u00e9ket vezet\u0151 Silvio Berlusconival. Febru\u00e1r 22-\u00e9n Matteo Renzit nevezt\u00e9k ki a 63. olasz korm\u00e1ny minisztereln\u00f6k\u00e9nek. Renzivel a legfiatalabb olasz minisztereln\u00f6k \u00e9s a legfiatalabb olasz korm\u00e1ny ker\u00fclt hatalomra, m\u00e9gpedig v\u00e1laszt\u00e1sok n\u00e9lk\u00fcl. Pier Carlo Padoan p\u00e9nz\u00fcgyminiszter kiv\u00e9tel\u00e9vel a PD-miniszterek kev\u00e9ss\u00e9 ismert, fiatal politikusok lettek. Matteo Renzi a korm\u00e1nyp\u00e1rt PD-ben \u00e9s az eg\u00e9sz orsz\u00e1gban gener\u00e1ci\u00f3v\u00e1lt\u00e1st hirdetett meg a &#8222;megk\u00f6v\u00fclt, t\u00e9tlen, a b\u00fcr\u00f6kr\u00e1ci\u00e1t\u00f3l megb\u00e9n\u00edtott&#8221; olasz politika \u00e9s gazdas\u00e1g \u00fajraind\u00edt\u00e1s\u00e1ra. Legels\u0151 parlamenti besz\u00e9d\u00e9ben Matteo Renzi azonnali v\u00e1ltoz\u00e1st \u00edg\u00e9rt: sz\u00e1z napos programot munkapiaci-, ad\u00f3- \u00e9s igazs\u00e1g\u00fcgyi reformokkal.<br \/>\n    Az olaszok bizalmat adtak Renzinek: az EP-v\u00e1laszt\u00e1sokat a PD a p\u00e1rt t\u00f6rt\u00e9net\u00e9ben rekordnak sz\u00e1m\u00edt\u00f3 41,8 sz\u00e1zal\u00e9kkal nyerte megdupl\u00e1zva a Beppe Grillo vezette 5 Csillag Mozgalmat (M5S) \u00e9s harmadik helyre szor\u00edtva vissza a Silvio Berlusconi vezette Hajr\u00e1 Olaszorsz\u00e1got (FI). Matteo Renzi politikai egyeduralomra tett szert, amelyet a m\u00e9g a 77 \u00e9ves, ad\u00f3csal\u00e1s\u00e9rt el\u00edt\u00e9lt \u00e9s m\u00e1just\u00f3l k\u00f6zmunkav\u00e9gz\u00e9sre j\u00e1r\u00f3 Berlusconi sem tudott egyens\u00falyozni.<br \/>\n     Az EP-v\u00e1laszt\u00e1s eredm\u00e9ny\u00e9vel Matteo Renzi az EU-ba is &#8222;berobbant&#8221; a volt olasz k\u00fcl\u00fcgyminiszter Federica Mogherininek szerezve meg az EU k\u00fcl- \u00e9s biztons\u00e1gpolitikai f\u0151k\u00e9pvisel\u0151i sz\u00e9k\u00e9t. Az EU j\u00faliusban kezd\u0151d\u00f6tt soros olasz eln\u00f6kek\u00e9nt Matteo Renzi Eur\u00f3p\u00e1ban is v\u00e1lt\u00e1st s\u00fcrgetett: a szab\u00e1lyok merev betart\u00e1sa helyett rugalmass\u00e1got az olasz \u00e1llamh\u00e1ztart\u00e1si hi\u00e1ny cs\u00f6kkent\u00e9s\u00e9ben.<br \/>\n    Az Olaszorsz\u00e1gnak \u00e9s Eur\u00f3p\u00e1nak \u00edg\u00e9rt reformok eredm\u00e9nye \u00e9s gazdas\u00e1gi v\u00e1lt\u00e1s azonban k\u00e9sik: az olasz szakszervezetek ny\u00e1r \u00f3ta t\u00fcntetnek \u00e9s december 12-\u00e9n \u00e1ltal\u00e1nos sztr\u00e1jkot tartottak. Az els\u0151t egy balk\u00f6z\u00e9p korm\u00e1ny alatt. A 13 sz\u00e1zal\u00e9k f\u00f6l\u00e9 emelkedett munkan\u00e9lk\u00fclis\u00e9g \u00e9s a m\u00e1r hatmilli\u00f3 olaszt \u00e9rint\u0151 szeg\u00e9nys\u00e9g a t\u00e1rsadalmi fesz\u00fclts\u00e9gek er\u0151s\u00f6d\u00e9s\u00e9hez vezetett t\u00fcntet\u0151k \u00e9s rend\u0151r\u00f6k, valamint az olasz v\u00e1rosok peremker\u00fcleteiben olaszok \u00e9s bev\u00e1ndorl\u00f3k k\u00f6z\u00f6tti \u00f6sszecsap\u00e1sokkal. Matteo Renzi n\u00e9pszer\u0171s\u00e9ge j\u00faniusban meghaladta a hetven sz\u00e1zal\u00e9kot, novemberben 43-ra esett vissza. Korm\u00e1nya t\u00e1mogatotts\u00e1ga enn\u00e9l is alacsonyabb. A korm\u00e1ny gazdas\u00e1gi politik\u00e1ja miatt a PD baloldali sz\u00e1rnya p\u00e1rtszakad\u00e1ssal fenyeget, Renzi politikai vet\u00e9lyt\u00e1rs\u00e1v\u00e1 pedig a sz\u00e9ls\u0151s\u00e9ges \u00c9szaki Lig\u00e1t vezet\u0151 Matteo Salvini l\u00e9pett el\u0151.<br \/>\n    Az \u00e9v v\u00e9g\u00e9n v\u00e9get \u00e9r Olaszorsz\u00e1g soros uni\u00f3s eln\u00f6ks\u00e9ge is, Giorgio Napolitano \u00e1llamf\u0151 pedig meger\u0151s\u00edtette azon sz\u00e1nd\u00e9k\u00e1t, hogy k\u00f6zel nyolc \u00e9v ut\u00e1n &#8211; heteken bel\u00fcl &#8211; t\u00e1vozik tiszts\u00e9g\u00e9b\u0151l. Napolitan\u00f3val az olasz belpolitikai stabilit\u00e1s garanci\u00e1ja hagyja el a &#8222;sz\u00ednpadot&#8221; an\u00e9lk\u00fcl, hogy Olaszorsz\u00e1g tudn\u00e1 ki lesz k\u00e9pes hasonl\u00f3 politikai egyens\u00falyt biztos\u00edtani.<br \/>\n    Matteo Renzi a maga r\u00e9sz\u00e9r\u0151l 2018-ig akarja vezetni Olaszorsz\u00e1got. Az sem kiz\u00e1rt azonban, hogy a gazdas\u00e1gi neh\u00e9zs\u00e9gekre Renzi tavaszi parlamenti v\u00e1laszt\u00e1sokkal v\u00e1laszol abban b\u00edzva, hogy k\u00f6nny\u0171 gy\u0151zelmet arathat, \u00e9s tov\u00e1bbi \u00f6t \u00e9vig hivatalban maradhat. Ann\u00e1l is ink\u00e1bb mivel az EU szerint tavasszal \u00fajabb megszor\u00edt\u00e1si csomagra lesz sz\u00fcks\u00e9g It\u00e1li\u00e1ban. (MTI)<\/p>\n","protected":false},"excerpt":{"rendered":"<p>A 39 \u00e9ves Matteo Renzi minisztereln\u00f6ki kinevez\u00e9s\u00e9vel kezd\u0151d\u00f6tt \u00e9s a 89 \u00e9ves \u00e1llamf\u0151 Giorgio Napolitano t\u00e1voz\u00e1s\u00e1nak bejelent\u00e9s\u00e9vel \u00e9r v\u00e9get a 2014-es \u00e9v Olaszorsz\u00e1gban, amely a v\u00e1lt\u00e1s esztendej\u00e9nek sz\u00e1m\u00edtott mind a politik\u00e1ban, mind a t\u00e1rsadalmi fesz\u00fclts\u00e9gt\u0151l k\u00eds\u00e9rt gazdas\u00e1gi d\u00f6nt\u00e9sekben is.<\/p>\n","protected":false},"author":1,"featured_media":0,"comment_status":"open","ping_status":"closed","sticky":false,"template":"","format":"standard","meta":[],"categories":[12],"tags":[],"_links":{"self":[{"href":"https:\/\/gazdasagportal.hu\/index.php\/wp-json\/wp\/v2\/posts\/53593"}],"collection":[{"href":"https:\/\/gazdasagportal.hu\/index.php\/wp-json\/wp\/v2\/posts"}],"about":[{"href":"https:\/\/gazdasagportal.hu\/index.php\/wp-json\/wp\/v2\/types\/post"}],"author":[{"embeddable":true,"href":"https:\/\/gazdasagportal.hu\/index.php\/wp-json\/wp\/v2\/users\/1"}],"replies":[{"embeddable":true,"href":"https:\/\/gazdasagportal.hu\/index.php\/wp-json\/wp\/v2\/comments?post=53593"}],"version-history":[{"count":1,"href":"https:\/\/gazdasagportal.hu\/index.php\/wp-json\/wp\/v2\/posts\/53593\/revisions"}],"predecessor-version":[{"id":53594,"href":"https:\/\/gazdasagportal.hu\/index.php\/wp-json\/wp\/v2\/posts\/53593\/revisions\/53594"}],"wp:attachment":[{"href":"https:\/\/gazdasagportal.hu\/index.php\/wp-json\/wp\/v2\/media?parent=53593"}],"wp:term":[{"taxonomy":"category","embeddable":true,"href":"https:\/\/gazdasagportal.hu\/index.php\/wp-json\/wp\/v2\/categories?post=53593"},{"taxonomy":"post_tag","embeddable":true,"href":"https:\/\/gazdasagportal.hu\/index.php\/wp-json\/wp\/v2\/tags?post=53593"}],"curies":[{"name":"wp","href":"https:\/\/api.w.org\/{rel}","templated":true}]}}