{"id":53586,"date":"2014-12-26T10:21:14","date_gmt":"2014-12-26T09:21:14","guid":{"rendered":"http:\/\/stockportal.hu\/?p=53586"},"modified":"2014-12-26T09:52:12","modified_gmt":"2014-12-26T08:52:12","slug":"az-adoreform-es-a-munkanelkuliseg-elleni-harc-jellemezte-az-evet-ausztriaban","status":"publish","type":"post","link":"https:\/\/gazdasagportal.hu\/index.php\/az-adoreform-es-a-munkanelkuliseg-elleni-harc-jellemezte-az-evet-ausztriaban\/","title":{"rendered":"Az ad\u00f3reform \u00e9s a munkan\u00e9lk\u00fclis\u00e9g elleni harc jellemezte az \u00e9vet Ausztri\u00e1ban"},"content":{"rendered":"<p><strong>\u00dajonnan alakult korm\u00e1nykoal\u00edci\u00f3val kezdte meg a 2014-es \u00e9vet Ausztria, amelynek id\u00e9n az ad\u00f3reformot \u00f6vez\u0151 vit\u00e1kkal, az egyre n\u00f6vekv\u0151 sz\u00e1m\u00fa menek\u00fcltekkel \u00e9s munkan\u00e9lk\u00fclis\u00e9ggel kellett megk\u00fczdenie<\/strong><br \/>\n<!--more--><br \/>\n<div class=\"ads-in-post1\"><div id=\"gazdasagportal.hu_fullbanner_wideboard\"><\/div>\r\n<\/div>\n<p>Nyugati szomsz\u00e9dunkn\u00e1l tavaly decemberben szoci\u00e1ldemokrata-konzervat\u00edv nagykoal\u00edci\u00f3 alakult, miut\u00e1n a 2013. szeptemberi v\u00e1laszt\u00e1sokon mindk\u00e9t p\u00e1rt t\u00f6rt\u00e9nelmi m\u00e9lypontot \u00e9rt el, az Osztr\u00e1k Szoci\u00e1ldemokrata P\u00e1rt (SP\u00d6) a szavazatok 26,8 sz\u00e1zal\u00e9k\u00e1t, a konzervat\u00edv Osztr\u00e1k N\u00e9pp\u00e1rt (\u00d6VP) 24 sz\u00e1zal\u00e9kot kapott. A koal\u00edci\u00f3 f\u0151 tervei k\u00f6z\u00f6tt az ad\u00f3reform szerepel, amely komoly t\u00e1rsadalmi vit\u00e1k kiv\u00e1lt\u00f3ja Ausztri\u00e1ban. Az ad\u00f3reformmal foglalkoz\u00f3 bizotts\u00e1g decemberben kezdi el a pontos koncepci\u00f3 kidolgoz\u00e1s\u00e1t, a reformcsomagot legk\u00e9s\u0151bb j\u00f6v\u0151 \u00e9v j\u00fanius\u00e1ig terjeszti a parlament el\u00e9.<br \/>\nAz ad\u00f3vita miatt az \u0151szi \u00fcl\u00e9sszak kezdetekor minden posztj\u00e1r\u00f3l lemondott Michael Spindelegger osztr\u00e1k alkancell\u00e1r \u00e9s p\u00e9nz\u00fcgyminiszter, az \u00d6VP eln\u00f6ke. L\u00e9p\u00e9s\u00e9t azzal indokolta, hogy saj\u00e1t p\u00e1rtja sem t\u00e1mogatta \u0151t az ad\u00f3\u00fcgyi reform k\u00f6r\u00fcl kialakult koal\u00edci\u00f3s vit\u00e1ban. Ausztri\u00e1ban m\u00e1r a ny\u00e1ron nagy visszhangot v\u00e1ltott ki Spindelegger nyilatkozata, miszerint t\u00f6bb sz\u00e1z milli\u00f3 eur\u00f3 hi\u00e1nyzik az osztr\u00e1k k\u00f6lts\u00e9gvet\u00e9sb\u0151l. A p\u00e9nz\u00fcgyminiszter e kijelent\u00e9se ut\u00e1n l\u00e1zas v\u00e1daskod\u00e1s kezd\u0151d\u00f6tt Ausztri\u00e1ban, ami m\u00e9ly sebeket hagyott a koal\u00edci\u00f3s partnerekben. Az \u00faj p\u00e9nz\u00fcgyminiszter Hans J\u00f6rg Schelling lett, aki az Osztr\u00e1k T\u00e1rsadalombiztos\u00edt\u00f3k Sz\u00f6vets\u00e9g\u00e9nek vezet\u0151i \u00e9s az Osztr\u00e1k Gazdas\u00e1gi Kamara eln\u00f6ki tiszts\u00e9geit t\u00f6lt\u00f6tte be.<br \/>\n2015-ben jelent\u0151s m\u00e9rt\u00e9kben n\u0151tt a menek\u00fcltek sz\u00e1ma Ausztri\u00e1ban, a tavalyi t\u00f6bb mint 17 ezer k\u00e9relemhez k\u00e9pest id\u00e9n csaknem 25 ezer \u00e9rkezett be. A szak\u00e9rt\u0151k szerint ez a sz\u00e1m j\u00f6v\u0151re el\u00e9rheti a negyven ezret is. Legink\u00e1bb a sz\u00edriai konfliktus ut\u00e1n n\u00f6vekedett meg a menek\u00fcltek sz\u00e1ma, hiszen \u0151sszel m\u00e1r 3497-en \u00e9rkeztek Sz\u00edri\u00e1b\u00f3l Ausztri\u00e1ba, ez 332 sz\u00e1zal\u00e9kos n\u00f6veked\u00e9st jelent az el\u0151z\u0151 \u00e9vi l\u00e9tsz\u00e1m\u00e1hoz k\u00e9pest. Johanna Mikl-Leitner osztr\u00e1k bel\u00fcgyminiszter \u00e1ltal bemutatott menek\u00fclt\u00fcgyi reformkoncepci\u00f3 szerint a tartom\u00e1nyoknak egys\u00e9gesen ki kell venni r\u00e9sz\u00fcket a menek\u00fcltek befogad\u00e1s\u00e1b\u00f3l.<br \/>\nAz \u0151sz folyam\u00e1n sz\u00e1mos felt\u00e9telezett iszl\u00e1m sz\u00e9ls\u0151s\u00e9gesen \u00fct\u00f6ttek rajta t\u00f6bb osztr\u00e1k v\u00e1rosban. Az osztr\u00e1k h\u00edrszerz\u0151 szolg\u00e1latok becsl\u00e9se szerint eddig csaknem sz\u00e1zan mentek el Ausztri\u00e1b\u00f3l, hogy csatlakozzanak a sz\u00edriai iszlamista l\u00e1zad\u00f3khoz.<br \/>\nB\u00e9cs id\u00e9n is fontos egyeztet\u00e9sek helysz\u00edne volt, t\u00f6bbek k\u00f6z\u00f6tt az osztr\u00e1k f\u0151v\u00e1rosban tartott\u00e1k az ir\u00e1ni atomprogramr\u00f3l sz\u00f3l\u00f3 t\u00e1rgyal\u00e1sokat. Ir\u00e1n \u00e9s a hatok &#8211; az ENSZ Biztons\u00e1gi Tan\u00e1cs \u00f6t \u00e1lland\u00f3 tagja \u00e9s N\u00e9metorsz\u00e1g &#8211; nem jutottak v\u00e9gs\u0151 meg\u00e1llapod\u00e1sra a kor\u00e1bban kiszabott november 24-i hat\u00e1rid\u0151ig Teher\u00e1n vitatott atomprogramj\u00e1nak korl\u00e1toz\u00e1s\u00e1r\u00f3l \u00e9s nemzetk\u00f6zi fel\u00fcgyelet\u00e9r\u0151l, a felek h\u00e9t h\u00f3nappal, 2015. j\u00falius elsej\u00e9ig meghosszabb\u00edtott\u00e1k a t\u00e1rgyal\u00e1sok hat\u00e1ridej\u00e9t.<br \/>\nAusztria j\u00f6v\u0151re szolidabb n\u00f6veked\u00e9si adatokkal sz\u00e1mol, mint ahogyan az \u00e9v els\u0151 fel\u00e9ben l\u00e1tszott. M\u00edg az uni\u00f3ban cs\u00f6kkent a munkan\u00e9lk\u00fclis\u00e9g, Ausztri\u00e1ban id\u00e9n 4,8-r\u00f3l 5,3 sz\u00e1zal\u00e9kra n\u00f6vekedett. Az elemz\u0151k 2015-re Ausztria munkan\u00e9lk\u00fclis\u00e9g\u00e9nek n\u00e9h\u00e1ny tizedes, \u00e1llamad\u00f3ss\u00e1g\u00e1nak 87-r\u0151l 86,1 sz\u00e1zal\u00e9kra val\u00f3 cs\u00f6kken\u00e9s\u00e9t \u00e9s az infl\u00e1ci\u00f3 1,5-r\u00f3l 1,7 sz\u00e1zal\u00e9kra val\u00f3 n\u00f6veked\u00e9s\u00e9k j\u00f3solj\u00e1k.<br \/>\nAz \u0151sz k\u00f6zep\u00e9n \u00e1tadt\u00e1k B\u00e9cs f\u0151p\u00e1lyaudvar\u00e1t (Hauptbahnhof Wien), amelynek \u00e9p\u00edt\u00e9s\u00e9t m\u00e9g 2009-ben kezdt\u00e9k. A Belvedere palota k\u00f6zel\u00e9ben, 59 hekt\u00e1rnyi ter\u00fcleten fekv\u0151 b\u00e9csi f\u0151p\u00e1lyaudvar \u00e9p\u00edt\u00e9s\u00e9nek k\u00f6lts\u00e9ge 987 milli\u00f3 eur\u00f3 volt, a k\u00f6rny\u00e9ken \u00e1thalad\u00f3 villamos, metr\u00f3 \u00e9s helyi vas\u00fat vonal\u00e1nak \u00e1t\u00e9p\u00edt\u00e9se tov\u00e1bbi 44 milli\u00f3 eur\u00f3ba ker\u00fclt. A 12 v\u00e1g\u00e1nyos p\u00e1lyaudvar mellett 600 f\u00e9r\u0151helyes aut\u00f3parkol\u00f3t, 1000 ker\u00e9kp\u00e1r elhelyez\u00e9s\u00e9re alkalmas 1600 n\u00e9gyzetm\u00e9teres t\u00e1rol\u00f3t, \u00e9s 20 ezer n\u00e9gyzetm\u00e9ter ter\u00fclet\u0171, kilencven boltot \u00fczemeltet\u0151 bev\u00e1s\u00e1rl\u00f3k\u00f6zpontot is kialak\u00edtottak.<br \/>\nNovember k\u00f6zep\u00e9n egy m\u00e1sik, m\u00e1r r\u00e9g\u00f3ta v\u00e1rt \u00e1tad\u00e1sra ker\u00fclt sor, a b\u00e9csi Mariahilfer Strass\u00e9t nyitott\u00e1k meg \u00fajra. A h\u00edres utca teljes fel\u00faj\u00edt\u00e1sa 2015-ben z\u00e1rul. A Mariahilfer Strasse egy r\u00e9sze &#8222;tal\u00e1lkoz\u00e1si z\u00f3na&#8221; lett, ahol a gyalogosok, az aut\u00f3sok \u00e9s a ker\u00e9kp\u00e1rosok egyenl\u0151 jogokat \u00e9lveznek. Ezt az \u00f6vezetet most el\u0151sz\u00f6r pr\u00f3b\u00e1lj\u00e1k ki Ausztri\u00e1ban, ez\u00e9rt online fel\u00fcleteken megjelen\u0151 oktat\u00f3vide\u00f3kon magyar\u00e1zz\u00e1k el a b\u00e9csieknek, hogy mire figyeljenek, ha ilyen z\u00f3n\u00e1ban k\u00f6zlekednek. A Mariahilfer Strasse fel\u00faj\u00edt\u00e1sa 25 milli\u00f3 eur\u00f3ba (csaknem nyolcmilli\u00e1rd forintba) ker\u00fclt, amely \u00f6sszeg nem tartalmazza a rekl\u00e1mkamp\u00e1ny \u00e9s lakoss\u00e1gi felm\u00e9r\u00e9sek k\u00f6lts\u00e9g\u00e9t.(MTI)<\/p>\n<p>&nbsp;<\/p>\n","protected":false},"excerpt":{"rendered":"<p>\u00dajonnan alakult korm\u00e1nykoal\u00edci\u00f3val kezdte meg a 2014-es \u00e9vet Ausztria, amelynek id\u00e9n az ad\u00f3reformot \u00f6vez\u0151 vit\u00e1kkal, az egyre n\u00f6vekv\u0151 sz\u00e1m\u00fa menek\u00fcltekkel \u00e9s munkan\u00e9lk\u00fclis\u00e9ggel kellett megk\u00fczdenie<\/p>\n","protected":false},"author":1,"featured_media":0,"comment_status":"open","ping_status":"closed","sticky":false,"template":"","format":"standard","meta":[],"categories":[12],"tags":[],"_links":{"self":[{"href":"https:\/\/gazdasagportal.hu\/index.php\/wp-json\/wp\/v2\/posts\/53586"}],"collection":[{"href":"https:\/\/gazdasagportal.hu\/index.php\/wp-json\/wp\/v2\/posts"}],"about":[{"href":"https:\/\/gazdasagportal.hu\/index.php\/wp-json\/wp\/v2\/types\/post"}],"author":[{"embeddable":true,"href":"https:\/\/gazdasagportal.hu\/index.php\/wp-json\/wp\/v2\/users\/1"}],"replies":[{"embeddable":true,"href":"https:\/\/gazdasagportal.hu\/index.php\/wp-json\/wp\/v2\/comments?post=53586"}],"version-history":[{"count":2,"href":"https:\/\/gazdasagportal.hu\/index.php\/wp-json\/wp\/v2\/posts\/53586\/revisions"}],"predecessor-version":[{"id":53588,"href":"https:\/\/gazdasagportal.hu\/index.php\/wp-json\/wp\/v2\/posts\/53586\/revisions\/53588"}],"wp:attachment":[{"href":"https:\/\/gazdasagportal.hu\/index.php\/wp-json\/wp\/v2\/media?parent=53586"}],"wp:term":[{"taxonomy":"category","embeddable":true,"href":"https:\/\/gazdasagportal.hu\/index.php\/wp-json\/wp\/v2\/categories?post=53586"},{"taxonomy":"post_tag","embeddable":true,"href":"https:\/\/gazdasagportal.hu\/index.php\/wp-json\/wp\/v2\/tags?post=53586"}],"curies":[{"name":"wp","href":"https:\/\/api.w.org\/{rel}","templated":true}]}}