{"id":53575,"date":"2014-12-26T03:44:58","date_gmt":"2014-12-26T02:44:58","guid":{"rendered":"http:\/\/stockportal.hu\/?p=53575"},"modified":"2014-12-25T18:57:41","modified_gmt":"2014-12-25T17:57:41","slug":"a-hetvegen-teliesre-fordul-az-ido","status":"publish","type":"post","link":"https:\/\/gazdasagportal.hu\/index.php\/a-hetvegen-teliesre-fordul-az-ido\/","title":{"rendered":"A h\u00e9tv\u00e9g\u00e9n t\u00e9liesre fordul az id\u0151"},"content":{"rendered":"<p><strong>A h\u00e9tv\u00e9g\u00e9n t\u00e9liesre fordul az id\u0151. T\u00f6bb helyen v\u00e1rhat\u00f3 h\u00f3sz\u00e1lling\u00f3z\u00e1s, havaz\u00e1s, s ezzel egy\u00fctt a h\u0151m\u00e9rs\u00e9klet is t\u00f6bb fokkal visszaesik, n\u00e9hol napk\u00f6zben sem lesz 0 fokn\u00e1l melegebb \u2013 der\u00fcl ki az Orsz\u00e1gos Meteorol\u00f3giai Szolg\u00e1lat cs\u00fct\u00f6rt\u00f6k\u00f6n az MTI-hez eljuttatott orsz\u00e1gos, k\u00f6z\u00e9pt\u00e1v\u00fa el\u0151rejelz\u00e9s\u00e9b\u0151l.<\/strong><!--more--><\/p>\n<div class=\"ads-in-post1\"><div id=\"gazdasagportal.hu_fullbanner_wideboard\"><\/div>\r\n<\/div>\n<p>    P\u00e9nteken, kar\u00e1csony m\u00e1sodik napj\u00e1n m\u00e9g minden\u00fctt kis\u00fct a nap, de helyenk\u00e9nt &#8211; legnagyobb es\u00e9llyel \u00e9szakkeleten &#8211; m\u00e1r h\u00f3z\u00e1porok is kialakulhatnak. A Dun\u00e1nt\u00falon \u00e9s a k\u00f6z\u00e9ps\u0151 orsz\u00e1gr\u00e9szben id\u0151nk\u00e9nt meger\u0151s\u00f6dik a sz\u00e9l is. A legalacsonyabb h\u0151m\u00e9rs\u00e9klet t\u00f6bbnyire m\u00ednusz 3, plusz 3 fok k\u00f6z\u00f6tt alakul, de \u00e9szakkeleten n\u00e9hol enn\u00e9l p\u00e1r fokkal hidegebb is lehet. A legmagasabb h\u0151m\u00e9rs\u00e9klet plusz 3-7 fok k\u00f6z\u00f6tt val\u00f3sz\u00edn\u0171.<br \/>\n    Szombaton az orsz\u00e1g nagy r\u00e9sz\u00e9n t\u00f6bbnyire er\u0151sen felh\u0151s id\u0151 v\u00e1rhat\u00f3. Eleinte n\u00e9hol h\u00f3z\u00e1por el\u0151fordulhat, majd d\u00e9lut\u00e1nt\u00f3l nyugat fel\u0151l havaz\u00e1s kezd\u0151dik. Kezdetben m\u00e9g t\u00f6bb helyen er\u0151s lehet a sz\u00e9l, de azt\u00e1n m\u00e9rs\u00e9kl\u0151dik a l\u00e9gmozg\u00e1s. A minimumh\u0151m\u00e9rs\u00e9klet m\u00ednusz 6 \u00e9s m\u00ednusz 1 fok k\u00f6z\u00f6tt, a maximumh\u0151m\u00e9rs\u00e9klet m\u00ednusz 2 \u00e9s plusz 1 fok k\u00f6z\u00f6tt val\u00f3sz\u00edn\u0171.<br \/>\n    Vas\u00e1rnap t\u00falnyom\u00f3an borult lesz az \u00e9g, \u00e9s t\u00f6bb helyen v\u00e1rhat\u00f3 havaz\u00e1s. A sz\u00e9l t\u00f6bbfel\u00e9 meger\u0151s\u00f6dik, f\u0151k\u00e9nt nyugaton viharos sz\u00e9ll\u00f6k\u00e9sekre is sz\u00e1m\u00edtani kell. A leghidegebb \u00f3r\u00e1kban m\u00ednusz 6 \u00e9s m\u00ednusz 1 fok lehet. Napk\u00f6zben m\u00ednusz 2 \u00e9s plusz 1 fok k\u00f6z\u00f6tt alakulnak a maximumok \u2013 olvashat\u00f3 az el\u0151rejelz\u00e9sben.<br \/>\n(MTI)<\/p>\n","protected":false},"excerpt":{"rendered":"<p>A h\u00e9tv\u00e9g\u00e9n t\u00e9liesre fordul az id\u0151. T\u00f6bb helyen v\u00e1rhat\u00f3 h\u00f3sz\u00e1lling\u00f3z\u00e1s, havaz\u00e1s, s ezzel egy\u00fctt a h\u0151m\u00e9rs\u00e9klet is t\u00f6bb fokkal visszaesik, n\u00e9hol napk\u00f6zben sem lesz 0 fokn\u00e1l melegebb \u2013 der\u00fcl ki az Orsz\u00e1gos Meteorol\u00f3giai Szolg\u00e1lat cs\u00fct\u00f6rt\u00f6k\u00f6n az MTI-hez eljuttatott orsz\u00e1gos, k\u00f6z\u00e9pt\u00e1v\u00fa el\u0151rejelz\u00e9s\u00e9b\u0151l.<\/p>\n","protected":false},"author":1,"featured_media":0,"comment_status":"open","ping_status":"closed","sticky":false,"template":"","format":"standard","meta":[],"categories":[4],"tags":[],"_links":{"self":[{"href":"https:\/\/gazdasagportal.hu\/index.php\/wp-json\/wp\/v2\/posts\/53575"}],"collection":[{"href":"https:\/\/gazdasagportal.hu\/index.php\/wp-json\/wp\/v2\/posts"}],"about":[{"href":"https:\/\/gazdasagportal.hu\/index.php\/wp-json\/wp\/v2\/types\/post"}],"author":[{"embeddable":true,"href":"https:\/\/gazdasagportal.hu\/index.php\/wp-json\/wp\/v2\/users\/1"}],"replies":[{"embeddable":true,"href":"https:\/\/gazdasagportal.hu\/index.php\/wp-json\/wp\/v2\/comments?post=53575"}],"version-history":[{"count":1,"href":"https:\/\/gazdasagportal.hu\/index.php\/wp-json\/wp\/v2\/posts\/53575\/revisions"}],"predecessor-version":[{"id":53576,"href":"https:\/\/gazdasagportal.hu\/index.php\/wp-json\/wp\/v2\/posts\/53575\/revisions\/53576"}],"wp:attachment":[{"href":"https:\/\/gazdasagportal.hu\/index.php\/wp-json\/wp\/v2\/media?parent=53575"}],"wp:term":[{"taxonomy":"category","embeddable":true,"href":"https:\/\/gazdasagportal.hu\/index.php\/wp-json\/wp\/v2\/categories?post=53575"},{"taxonomy":"post_tag","embeddable":true,"href":"https:\/\/gazdasagportal.hu\/index.php\/wp-json\/wp\/v2\/tags?post=53575"}],"curies":[{"name":"wp","href":"https:\/\/api.w.org\/{rel}","templated":true}]}}