{"id":53571,"date":"2014-12-25T18:39:15","date_gmt":"2014-12-25T17:39:15","guid":{"rendered":"http:\/\/stockportal.hu\/?p=53571"},"modified":"2014-12-25T14:21:44","modified_gmt":"2014-12-25T13:21:44","slug":"a-korrupcio-felszamolasat-surgette-karacsonyi-beszedeben-a-spanyol-kiraly","status":"publish","type":"post","link":"https:\/\/gazdasagportal.hu\/index.php\/a-korrupcio-felszamolasat-surgette-karacsonyi-beszedeben-a-spanyol-kiraly\/","title":{"rendered":"A korrupci\u00f3 felsz\u00e1mol\u00e1s\u00e1t s\u00fcrgette kar\u00e1csonyi besz\u00e9d\u00e9ben a spanyol kir\u00e1ly"},"content":{"rendered":"<p><strong>A korrupci\u00f3 felsz\u00e1mol\u00e1s\u00e1nak sz\u00fcks\u00e9gess\u00e9g\u00e9t hangs\u00falyozta els\u0151 kar\u00e1csonyi t\u00e9v\u00e9besz\u00e9d\u00e9ben a n\u00e9h\u00e1ny h\u00f3napja tr\u00f3nra l\u00e9pett VI. F\u00fcl\u00f6p spanyol kir\u00e1ly, akinek n\u0151v\u00e9re ellen nemr\u00e9g emeltek v\u00e1dat egy ad\u00f3csal\u00e1si \u00fcgyben.<\/strong><!--more--><\/p>\n<div class=\"ads-in-post1\"><div id=\"gazdasagportal.hu_fullbanner_wideboard\"><\/div>\r\n<\/div>\n<p>    B\u00e1r a kir\u00e1ly n\u00e9v szerint nem eml\u00edtette n\u0151v\u00e9r\u00e9t, Krisztina hercegn\u0151t, besz\u00e9d\u00e9ben lesz\u00f6gezte, hogy &#8222;nem lehet k\u00fcl\u00f6nleges elb\u00e1n\u00e1sban r\u00e9szes\u00edteni&#8221; a k\u00f6ztiszteletben \u00e1ll\u00f3 posztokat bet\u00f6lt\u0151ket, \u00e9s &#8222;a k\u00f6zhivatal-visel\u00e9s nem lehet a haszonszerz\u00e9s vagy a meggazdagod\u00e1s eszk\u00f6ze&#8221;.<br \/>\n    Mindazon\u00e1ltal azt is megjegyezte: biztat\u00f3, hogy egyes korrupci\u00f3val v\u00e1dolt el\u00f6lj\u00e1r\u00f3kat b\u00edr\u00f3s\u00e1gi elj\u00e1r\u00e1sok sor\u00e1n vonnak felel\u0151ss\u00e9gre tetteik\u00e9rt.<br \/>\n    Az uralkod\u00f3 elfogadhatatlannak nevezte az orsz\u00e1g lass\u00fa gazdas\u00e1gi kil\u00e1bal\u00e1s\u00e1t \u00e9s a magas munkan\u00e9lk\u00fclis\u00e9get. Emellett Katal\u00f3nia \u00e9s Spanyolorsz\u00e1g \u00f6sszetartoz\u00e1s\u00e1t hangoztatta.<br \/>\n    A kar\u00e1csonyi besz\u00e9d &#8211; amit a t\u00e9v\u00e9ben minden \u00e9vben milli\u00f3k n\u00e9znek &#8211; hagyom\u00e1nyosan a legfontosabb megnyilatkoz\u00e1sa a spanyol kir\u00e1lyoknak. VI. F\u00fcl\u00f6p most el\u0151sz\u00f6r int\u00e9zett kar\u00e1csonyi besz\u00e9det a nemzethez az\u00f3ta, hogy j\u00faniusban &#8211; apja, I. J\u00e1nos K\u00e1roly lemond\u00e1sa ut\u00e1n &#8211; \u00e1tvette a tr\u00f3nt.<br \/>\n    A besz\u00e9dnek k\u00fcl\u00f6n pikant\u00e9ri\u00e1t ad, hogy h\u00e9tf\u0151n \u00fagy d\u00f6nt\u00f6tt a Palma de Mallorca-i fels\u0151b\u00edr\u00f3s\u00e1g, hogy k\u00e9t rendbeli ad\u00f3csal\u00e1s v\u00e1dj\u00e1val b\u00edr\u00f3s\u00e1g el\u00e9 kell \u00e1llnia Krisztina hercegn\u0151nek. Ez az els\u0151 eset, hogy a spanyol kir\u00e1lyi csal\u00e1d egy tagj\u00e1t arra k\u00f6telezik, hogy jelenjen meg egy b\u00edr\u00f3s\u00e1g el\u0151tt. A kir\u00e1lyi csal\u00e1d tekint\u00e9ly\u00e9t er\u0151sen megt\u00e9p\u00e1z\u00f3 korrupci\u00f3s \u00fcgy els\u0151rend\u0171 v\u00e1dlottja a hercegn\u0151 f\u00e9rje, aki az \u00fcgy\u00e9szek szerint mintegy hatmilli\u00f3 eur\u00f3t sikkasztott el.<br \/>\n    A hercegn\u0151 \u00e9s f\u00e9rje elleni elj\u00e1r\u00e1s mindazon\u00e1ltal csak egy volt az ut\u00f3bbi id\u0151k spanyolorsz\u00e1gi korrupci\u00f3s \u00fcgyeinek hossz\u00fa sor\u00e1ban, amelyek az orsz\u00e1g t\u00f6bb nagyobb politikai p\u00e1rtj\u00e1t, s\u0151t Rodrigo Rato kor\u00e1bbi gazdas\u00e1gi minisztert, a Nemzetk\u00f6zi Valutaalap egyik volt vezet\u0151j\u00e9t is el\u00e9rt\u00e9k.(MTI)<\/p>\n","protected":false},"excerpt":{"rendered":"<p>A korrupci\u00f3 felsz\u00e1mol\u00e1s\u00e1nak sz\u00fcks\u00e9gess\u00e9g\u00e9t hangs\u00falyozta els\u0151 kar\u00e1csonyi t\u00e9v\u00e9besz\u00e9d\u00e9ben a n\u00e9h\u00e1ny h\u00f3napja tr\u00f3nra l\u00e9pett VI. F\u00fcl\u00f6p spanyol kir\u00e1ly, akinek n\u0151v\u00e9re ellen nemr\u00e9g emeltek v\u00e1dat egy ad\u00f3csal\u00e1si \u00fcgyben.<\/p>\n","protected":false},"author":1,"featured_media":0,"comment_status":"open","ping_status":"closed","sticky":false,"template":"","format":"standard","meta":[],"categories":[12],"tags":[],"_links":{"self":[{"href":"https:\/\/gazdasagportal.hu\/index.php\/wp-json\/wp\/v2\/posts\/53571"}],"collection":[{"href":"https:\/\/gazdasagportal.hu\/index.php\/wp-json\/wp\/v2\/posts"}],"about":[{"href":"https:\/\/gazdasagportal.hu\/index.php\/wp-json\/wp\/v2\/types\/post"}],"author":[{"embeddable":true,"href":"https:\/\/gazdasagportal.hu\/index.php\/wp-json\/wp\/v2\/users\/1"}],"replies":[{"embeddable":true,"href":"https:\/\/gazdasagportal.hu\/index.php\/wp-json\/wp\/v2\/comments?post=53571"}],"version-history":[{"count":1,"href":"https:\/\/gazdasagportal.hu\/index.php\/wp-json\/wp\/v2\/posts\/53571\/revisions"}],"predecessor-version":[{"id":53572,"href":"https:\/\/gazdasagportal.hu\/index.php\/wp-json\/wp\/v2\/posts\/53571\/revisions\/53572"}],"wp:attachment":[{"href":"https:\/\/gazdasagportal.hu\/index.php\/wp-json\/wp\/v2\/media?parent=53571"}],"wp:term":[{"taxonomy":"category","embeddable":true,"href":"https:\/\/gazdasagportal.hu\/index.php\/wp-json\/wp\/v2\/categories?post=53571"},{"taxonomy":"post_tag","embeddable":true,"href":"https:\/\/gazdasagportal.hu\/index.php\/wp-json\/wp\/v2\/tags?post=53571"}],"curies":[{"name":"wp","href":"https:\/\/api.w.org\/{rel}","templated":true}]}}