{"id":53569,"date":"2014-12-25T15:04:09","date_gmt":"2014-12-25T14:04:09","guid":{"rendered":"http:\/\/stockportal.hu\/?p=53569"},"modified":"2014-12-25T13:55:32","modified_gmt":"2014-12-25T12:55:32","slug":"ukran-valsag-patthelyzet-alakult-ki-a-delkelet-ukrajnai-konfliktus-korul","status":"publish","type":"post","link":"https:\/\/gazdasagportal.hu\/index.php\/ukran-valsag-patthelyzet-alakult-ki-a-delkelet-ukrajnai-konfliktus-korul\/","title":{"rendered":"Ukr\u00e1n v\u00e1ls\u00e1g &#8211; Patthelyzet alakult ki a d\u00e9lkelet-ukrajnai konfliktus k\u00f6r\u00fcl"},"content":{"rendered":"<p><strong>Patthelyzet alakult ki a d\u00e9lkelet-ukrajnai szemben\u00e1ll\u00e1s megold\u00e1sa k\u00f6r\u00fcl, mert a konfliktus egyik szerepl\u0151je sem tudta eddig az \u00e1ltala kit\u0171z\u00f6tt c\u00e9lt el\u00e9rni. A k\u00f6zelj\u00f6v\u0151ben aligha lehet tart\u00f3s b\u00e9k\u00e9t el\u00e9rni a r\u00e9gi\u00f3ban &#8211; \u00edrta a Vedomosztyi c\u00edm\u0171 orosz napilap szerd\u00e1n a minszki t\u00e1rgyal\u00e1sok \u00faj fordul\u00f3ja kapcs\u00e1n.<\/strong><!--more--><\/p>\n<div class=\"ads-in-post1\"><div id=\"gazdasagportal.hu_fullbanner_wideboard\"><\/div>\r\n<\/div>\n<p>Az amerikai The Wall Street Journal \u00e9s a brit Financial Times k\u00f6z\u00f6s kiadv\u00e1nya r\u00e1mutatott, hogy Ukrajn\u00e1nak nem siker\u00fclt levernie a &#8222;felkel\u0151k ellen\u00e1ll\u00e1s\u00e1t&#8221; \u00e9s helyre\u00e1ll\u00edtania az orsz\u00e1g ter\u00fcleti egys\u00e9g\u00e9t; Oroszorsz\u00e1g nem tudta el\u00e9rni, hogy k\u00e9rd\u00e9sess\u00e9 tegye az \u00f6sszes d\u00e9lkelet-ukrajnai megye Ukrajn\u00e1hoz tartoz\u00e1s\u00e1t; &#8222;a l\u00e1zad\u00f3 k\u00f6zt\u00e1rsas\u00e1gok&#8221; pedig nem tudtak l\u00e9trehozni a helyi lakoss\u00e1g sz\u00e1m\u00e1ra vonz\u00f3 &#8222;minta\u00e1llamot&#8221;.<br \/>\nA befoly\u00e1sos \u00fczleti-politikai \u00fajs\u00e1g szerkeszt\u0151s\u00e9gi komment\u00e1rja szerint a Kreml visszakozott att\u00f3l, hogy l\u00e9trehozza az \u00fagynevezett \u00daj Oroszorsz\u00e1got D\u00e9lkelet-Ukrajn\u00e1ban, \u00e9s nem \u00e1ll sz\u00e1nd\u00e9k\u00e1ban, hogy fenntartsa az \u00f6nk\u00e9nyesen kiki\u00e1ltott, szakad\u00e1r &#8222;donyecki \u00e9s luhanszki n\u00e9pk\u00f6zt\u00e1rsas\u00e1gok&#8221; gazdas\u00e1g\u00e1t, fedezze a szoci\u00e1lis kiad\u00e1sokat \u00e9s biztos\u00edtsa a kommun\u00e1lis szolg\u00e1ltat\u00e1sokat. Moszkv\u00e1ban a &#8222;donori k\u00f6telezetts\u00e9geket&#8221; Kijevre h\u00e1r\u00edtan\u00e1k. Vezet\u0151 orosz \u00e1llami tisztvisel\u0151k kijelent\u00e9sei, miszerint Moszkva Ukrajna ter\u00fcleti egys\u00e9g\u00e9t t\u00e1mogatja, a Kreml elk\u00e9pzel\u00e9s\u00e9t igazolj\u00e1k, amely szerint a szakad\u00e1r d\u00e9lkelet-ukrajnai r\u00e9gi\u00f3k gazdas\u00e1gilag Kijevnek, politikailag azonban Moszkv\u00e1nak vetn\u00e9k al\u00e1 magukat. Ezt bizony\u00edtja az orosz napilap szerint az is, hogy az \u00fagynevezett &#8222;donyecki n\u00e9pk\u00f6zt\u00e1rsas\u00e1g&#8221; vezet\u0151i a Donyec-medence gazdas\u00e1gi blok\u00e1dj\u00e1nak felf\u00fcggeszt\u00e9s\u00e9t \u00e9s a ter\u00fclet k\u00fcl\u00f6nleges st\u00e1tus\u00e1r\u00f3l sz\u00f3l\u00f3 ukr\u00e1n t\u00f6rv\u00e9ny hat\u00e1lyba l\u00e9ptet\u00e9s\u00e9t s\u00fcrgetik.<br \/>\nA Vedomosztyi nem l\u00e1t lehet\u0151s\u00e9get erre a megold\u00e1sra, mert az eml\u00edtett ukr\u00e1n t\u00f6rv\u00e9ny nem ismeri el az \u00fagynevezett &#8222;donyecki \u00e9s luhanszki n\u00e9pk\u00f6zt\u00e1rsas\u00e1gokat&#8221; \u00e9s Kijev nem csak gazdas\u00e1gi okokb\u00f3l nem veszi mag\u00e1ra az ellen\u0151rz\u00e9se al\u00f3l kiker\u00fclt r\u00e9gi\u00f3kat. Ez ugyanis az ukr\u00e1n parlament \u00e9s a civil (a kijevi t\u00fcntet\u00e9seken \u00e9len j\u00e1r\u00f3) aktivist\u00e1k ellenkez\u00e9s\u00e9t v\u00e1ltan\u00e1 ki, akiknek a v\u00e9lem\u00e9ny\u00e9t az ukr\u00e1n vezet\u00e9snek figyelembe kell vennie. R\u00e1ad\u00e1sul &#8222;a d\u00e9lkelet-ukrajnai felkel\u0151k katonai parancsnokai k\u00f6z\u00fcl sem mindenkinek tetszik&#8221; a jelenlegi t\u00f6r\u00e9keny b\u00e9ke &#8211; \u00edrt\u00e1k.<br \/>\nA lap szerint aligha siker\u00fcl a k\u00f6zelj\u00f6v\u0151ben tart\u00f3s b\u00e9k\u00e9t teremteni D\u00e9lkelet-Ukrajn\u00e1ban. Volodimir Feszenko ukr\u00e1n politol\u00f3gus a Vedomosztyiban r\u00e1mutatott: sem Kijev, sem a k\u00e9t szakad\u00e1r &#8222;n\u00e9pk\u00f6zt\u00e1rsas\u00e1g&#8221; nem \u00e1ll k\u00e9szen arra, hogy meghat\u00e1rozza ezeknek a ter\u00fcleteknek a st\u00e1tus\u00e1t. A szak\u00e9rt\u0151 szerint az a legval\u00f3sz\u00edn\u0171bb D\u00e9lkelet-Ukrajn\u00e1ban, hogy folytatj\u00e1k a t\u0171zsz\u00fcnetet, visszavonj\u00e1k a neh\u00e9zfegyverzetet, s v\u00e9g\u00fcl befagyasztj\u00e1k a konfliktust. \u00dagy v\u00e9lte, hogy ebben az esetben a gazdas\u00e1gi \u00e9sszer\u0171s\u00e9g r\u00e1k\u00e9nyszer\u00edti az egym\u00e1ssal szemben\u00e1ll\u00f3kat, hogy meg\u00e1llapodjanak, mivel a fegyveres \u00f6sszecsap\u00e1sok vonal\u00e1ban l\u00e9v\u0151 Donyeck \u00e9s Luhanszk t\u00e9rs\u00e9ge a Kijev \u00e1ltal ellen\u0151rz\u00f6tt ter\u00fcletekr\u0151l, m\u00edg Mariupol a szakad\u00e1rok \u00e1ltal elfoglalt orsz\u00e1gr\u00e9szb\u0151l kapja az \u00e1ramot. Feszenko szerint a felek fokozatosan eljutnak majd a politikai k\u00e9rd\u00e9sekr\u0151l foly\u00f3 t\u00e1rgyal\u00e1sokig.(MTI)<\/p>\n<p>&nbsp;<\/p><div id=\"gazda-3488563110\" class=\"gazda-tartalomban gazda-entity-placement\"><script async src=\"https:\/\/pagead2.googlesyndication.com\/pagead\/js\/adsbygoogle.js\"><\/script>\r\n<ins class=\"adsbygoogle\"\r\n     style=\"display:block\"\r\n     data-ad-format=\"fluid\"\r\n     data-ad-layout-key=\"-6t+ed+2i-1n-4w\"\r\n     data-ad-client=\"ca-pub-1959107119989764\"\r\n     data-ad-slot=\"4008251320\"><\/ins>\r\n<script>\r\n     (adsbygoogle = window.adsbygoogle || []).push({});\r\n<\/script><\/div>\n","protected":false},"excerpt":{"rendered":"<p>Patthelyzet alakult ki a d\u00e9lkelet-ukrajnai szemben\u00e1ll\u00e1s megold\u00e1sa k\u00f6r\u00fcl, mert a konfliktus egyik szerepl\u0151je sem tudta eddig az \u00e1ltala kit\u0171z\u00f6tt c\u00e9lt el\u00e9rni. A k\u00f6zelj\u00f6v\u0151ben aligha lehet tart\u00f3s b\u00e9k\u00e9t el\u00e9rni a r\u00e9gi\u00f3ban &#8211; \u00edrta a Vedomosztyi c\u00edm\u0171 orosz napilap szerd\u00e1n a minszki t\u00e1rgyal\u00e1sok \u00faj fordul\u00f3ja kapcs\u00e1n.<\/p>\n","protected":false},"author":1,"featured_media":0,"comment_status":"open","ping_status":"closed","sticky":false,"template":"","format":"standard","meta":[],"categories":[139],"tags":[413],"_links":{"self":[{"href":"https:\/\/gazdasagportal.hu\/index.php\/wp-json\/wp\/v2\/posts\/53569"}],"collection":[{"href":"https:\/\/gazdasagportal.hu\/index.php\/wp-json\/wp\/v2\/posts"}],"about":[{"href":"https:\/\/gazdasagportal.hu\/index.php\/wp-json\/wp\/v2\/types\/post"}],"author":[{"embeddable":true,"href":"https:\/\/gazdasagportal.hu\/index.php\/wp-json\/wp\/v2\/users\/1"}],"replies":[{"embeddable":true,"href":"https:\/\/gazdasagportal.hu\/index.php\/wp-json\/wp\/v2\/comments?post=53569"}],"version-history":[{"count":1,"href":"https:\/\/gazdasagportal.hu\/index.php\/wp-json\/wp\/v2\/posts\/53569\/revisions"}],"predecessor-version":[{"id":53570,"href":"https:\/\/gazdasagportal.hu\/index.php\/wp-json\/wp\/v2\/posts\/53569\/revisions\/53570"}],"wp:attachment":[{"href":"https:\/\/gazdasagportal.hu\/index.php\/wp-json\/wp\/v2\/media?parent=53569"}],"wp:term":[{"taxonomy":"category","embeddable":true,"href":"https:\/\/gazdasagportal.hu\/index.php\/wp-json\/wp\/v2\/categories?post=53569"},{"taxonomy":"post_tag","embeddable":true,"href":"https:\/\/gazdasagportal.hu\/index.php\/wp-json\/wp\/v2\/tags?post=53569"}],"curies":[{"name":"wp","href":"https:\/\/api.w.org\/{rel}","templated":true}]}}