{"id":53565,"date":"2014-12-25T13:17:11","date_gmt":"2014-12-25T12:17:11","guid":{"rendered":"http:\/\/stockportal.hu\/?p=53565"},"modified":"2014-12-25T11:38:31","modified_gmt":"2014-12-25T10:38:31","slug":"mabisz-elnok-biztato-jelek-a-biztositasi-piacon","status":"publish","type":"post","link":"https:\/\/gazdasagportal.hu\/index.php\/mabisz-elnok-biztato-jelek-a-biztositasi-piacon\/","title":{"rendered":"Mabisz-eln\u00f6k: biztat\u00f3 jelek a biztos\u00edt\u00e1si piacon"},"content":{"rendered":"<p><strong>Biztat\u00f3 jelek mutatkoztak 2014-ben a hazai biztos\u00edt\u00e1si piacon, \u00e9s v\u00e1rhat\u00f3an 2015-ben is folytat\u00f3dik a n\u00f6veked\u00e9s &#8211; jelentette ki Pandurics Anett, a Magyar Biztos\u00edt\u00f3k Sz\u00f6vets\u00e9g\u00e9nek (Mabisz) eln\u00f6ke az MTI-nek.<\/strong><!--more--><\/p>\n<div class=\"ads-in-post1\"><div id=\"gazdasagportal.hu_fullbanner_wideboard\"><\/div>\r\n<\/div>\n<p><a href=\"http:\/\/stockportal.hu\/wp-content\/uploads\/2014\/09\/pandurics_mabisz.jpg\" target=\"_blank\" rel=\"noopener\"><img decoding=\"async\" loading=\"lazy\" class=\"alignleft size-medium wp-image-45068\" src=\"http:\/\/stockportal.hu\/wp-content\/uploads\/2014\/09\/pandurics_mabisz-300x199.jpg\" alt=\"pandurics_mabisz\" width=\"300\" height=\"199\" srcset=\"https:\/\/gazdasagportal.hu\/wp-content\/uploads\/2014\/09\/pandurics_mabisz-300x199.jpg 300w, https:\/\/gazdasagportal.hu\/wp-content\/uploads\/2014\/09\/pandurics_mabisz.jpg 600w\" sizes=\"(max-width: 300px) 100vw, 300px\" \/><\/a>Hozz\u00e1tette: igaz, hogy m\u00e9g csak az els\u0151 h\u00e1rom negyed\u00e9ves eredm\u00e9nyeket ismerik, de \u00f6r\u00f6mteli, hogy a tavalyi trendfordul\u00f3 ut\u00e1n id\u00e9n is n\u00f6veked\u00e9s l\u00e1tszik a piacon. Ha a szeptemberrel z\u00e1rul\u00f3 id\u0151szakot \u00f6sszevetj\u00fck a tavalyi \u00e9v els\u0151 9 h\u00f3napj\u00e1val, akkor elmondhatjuk, hogy hossz\u00fa id\u0151 ut\u00e1n ez az els\u0151 olyan id\u0151szak, ahol minden fontos r\u00e9szszegmens n\u00f6vekedni tudott. Igaz ez a vagyonbiztos\u00edt\u00e1sokra, amelyek 3,3 sz\u00e1zal\u00e9kkal, a g\u00e9pj\u00e1rm\u0171 biztos\u00edt\u00e1sokra, amelyek 5,2 sz\u00e1zal\u00e9kkal, az egyszeri- valamint a folyamatos d\u00edjas \u00e9letbiztos\u00edt\u00e1sokra is, amelyekn\u00e9l 4,1 illetve 2,6 sz\u00e1zal\u00e9k volt a n\u00f6veked\u00e9s &#8211; ismertette az adatokat az eln\u00f6k.<br \/>\nA janu\u00e1r elsej\u00e9n megv\u00e1ltozott ad\u00f3z\u00e1si t\u00f6rv\u00e9nyeknek k\u00f6sz\u00f6nhet\u0151en, a nyugd\u00edjbiztos\u00edt\u00e1sokra ig\u00e9nybe vehet\u0151 ad\u00f3kedvezm\u00e9ny j\u00f3 hat\u00e1ssal volt a folyamatos d\u00edjas \u00e9letbiztos\u00edt\u00e1sok, ezen bel\u00fcl is a nyugd\u00edjbiztos\u00edt\u00e1sok piac\u00e1ra. A Mabisz adatai alapj\u00e1n m\u00e1r 45 ezer \u00fcgyf\u00e9l d\u00f6nt\u00f6tt az \u00f6ngondoskod\u00e1s ezen form\u00e1ja mellett.<br \/>\nA legnagyobb nem \u00e9letbiztos\u00edt\u00e1si piac, a k\u00f6telez\u0151 g\u00e9pj\u00e1rm\u0171-felel\u0151ss\u00e9gbiztos\u00edt\u00e1sok\u00e9 (kgfb). Ezekr\u0151l Pandurics Anett elmondta, hogy id\u00e9n 142 ezerrel t\u00f6bb kgfb-szerz\u0151d\u00e9st regisztr\u00e1ltak a biztos\u00edt\u00f3k, mint egy \u00e9vvel kor\u00e1bban. N\u0151tt a forgalomba helyezett \u00faj \u00e9s haszn\u00e1lt g\u00e9pj\u00e1rm\u0171vek sz\u00e1ma, \u00edgy a kgfb d\u00edjbev\u00e9tel is enyh\u00e9n emelkedett. A d\u00edjemelked\u00e9s ellen\u00e9re az Eur\u00f3pai Uni\u00f3n bel\u00fcl tov\u00e1bbra is Magyarorsz\u00e1gon a legalacsonyabb a k\u00f6telez\u0151 biztos\u00edt\u00e1s d\u00edjszintje. Az \u00e9ves \u00e1tlagd\u00edj alig valamivel haladta meg a 20 ezer forintot szeptember v\u00e9g\u00e9n. Ebben ugyanakkor szerepelnek a magasabb d\u00edj\u00fa teherg\u00e9pj\u00e1rm\u0171vek, vontat\u00f3k, buszok is. A szem\u00e9lyg\u00e9pj\u00e1rm\u0171vek \u00e1tlagd\u00edja \u00e9ves szinten nem haladja meg a 13-14 ezer forintot &#8211; emelte ki az eln\u00f6k.<br \/>\nA g\u00e9pj\u00e1rm\u0171\u00e1llom\u00e1ny n\u00f6veked\u00e9se ugyanakkor nem j\u00e1rt egy\u00fctt a casco biztos\u00edt\u00e1sok sz\u00e1m\u00e1nak n\u00f6veked\u00e9s\u00e9vel. Id\u00e9n kevesebb, mint 800 ezer casco-biztos\u00edt\u00e1st kezeltek a biztos\u00edt\u00f3k. Amennyiben 2015-ben folytat\u00f3dik az \u00fajaut\u00f3 \u00e9rt\u00e9kes\u00edt\u00e9s felfut\u00e1sa, az v\u00e1rhat\u00f3an pozit\u00edv hat\u00e1ssal lesz a casco biztos\u00edt\u00e1sok piac\u00e1ra is, \u00edgy ebben a szegmensben is megindulhat a n\u00f6veked\u00e9s &#8211; tette hozz\u00e1 a Mabisz eln\u00f6ke.<br \/>\nElmondta azt is, hogy a munk\u00e1ltat\u00f3k \u00e1ltal ad\u00f3- \u00e9s j\u00e1rul\u00e9kmentesen adhat\u00f3 kieg\u00e9sz\u00edt\u0151 eg\u00e9szs\u00e9gbiztos\u00edt\u00e1sok ter\u00fclet\u00e9n lass\u00fa, de folyamatos a b\u0151v\u00fcl\u00e9s.<br \/>\nA j\u00f6v\u0151 \u00e9vi n\u00f6veked\u00e9si kil\u00e1t\u00e1sokra r\u00e1t\u00e9rve a Mabisz eln\u00f6ke kiemelte, hogy a vagyonbiztos\u00edt\u00e1sok ter\u00fclet\u00e9n &#8211; azon bel\u00fcl is az ipari vagyon- \u00e9s felel\u0151ss\u00e9gbiztos\u00edt\u00e1sok eset\u00e9n &#8211; lehet sz\u00e1m\u00edtani b\u0151v\u00fcl\u00e9sre. K\u00fcl\u00f6n\u00f6sen a vesz\u00e9lyes tev\u00e9kenys\u00e9get v\u00e9gz\u0151 ipari \u00fczemekn\u00e9l nagy az alulbiztos\u00edtotts\u00e1g, ez\u00e9rt ezen a t\u00e9ren l\u00e1t fejl\u0151d\u00e9si lehet\u0151s\u00e9get.<br \/>\nA szakmai \u00e9s \u00e1ltal\u00e1nos felel\u0151ss\u00e9gbiztos\u00edt\u00e1sok ter\u00fclet\u00e9n \u00e9vr\u0151l \u00e9vre lass\u00fa, folyamatos fejl\u0151d\u00e9s l\u00e1that\u00f3, ami v\u00e1rhat\u00f3an 2015-ben is folytat\u00f3dik majd. Ezen bel\u00fcl a vezet\u0151i felel\u0151ss\u00e9gbiztos\u00edt\u00e1sokn\u00e1l m\u00e1r 2014-ben l\u00e1tszott az elmozdul\u00e1s, amiben val\u00f3sz\u00edn\u0171leg sz\u00e1mottev\u0151 szerepet j\u00e1tszott az \u00faj polg\u00e1ri t\u00f6rv\u00e9nyk\u00f6nyv 2014. m\u00e1rciusi \u00e9letbe l\u00e9p\u00e9se, amelyben m\u00f3dosultak a vezet\u0151i felel\u0151ss\u00e9gi szab\u00e1lyok, ennek k\u00f6sz\u00f6nhet\u0151en &#8211; r\u00f6vid ideig &#8211; ez a term\u00e9kk\u00f6r f\u00f3kuszba ker\u00fclt.<br \/>\nAz \u00e9letbiztos\u00edt\u00e1sokn\u00e1l v\u00e1rhat\u00f3an tov\u00e1bb tart majd a nyugd\u00edjbiztos\u00edt\u00e1sok t\u00e9rh\u00f3d\u00edt\u00e1sa. A biztos\u00edt\u00f3t\u00e1rsas\u00e1gok \u00e9s a Mabisz is jelent\u0151s er\u0151forr\u00e1sokat ford\u00edt arra, hogy min\u00e9l sz\u00e9lesebb k\u00f6rben ismertek legyenek a nyugd\u00edjbiztos\u00edt\u00e1si term\u00e9kek el\u0151nyei.<br \/>\nPandurics Anett szerint ha mindezek teljes\u00fclnek, akkor egy \u00e9v m\u00falva az ideihez hasonl\u00f3 n\u00f6veked\u00e9si sz\u00e1mok v\u00e1rhat\u00f3k a biztos\u00edt\u00e1si piacon.(MTI)<\/p>\n","protected":false},"excerpt":{"rendered":"<p>Biztat\u00f3 jelek mutatkoztak 2014-ben a hazai biztos\u00edt\u00e1si piacon, \u00e9s v\u00e1rhat\u00f3an 2015-ben is folytat\u00f3dik a n\u00f6veked\u00e9s &#8211; jelentette ki Pandurics Anett, a Magyar Biztos\u00edt\u00f3k Sz\u00f6vets\u00e9g\u00e9nek (Mabisz) eln\u00f6ke az MTI-nek.<\/p>\n","protected":false},"author":1,"featured_media":45069,"comment_status":"open","ping_status":"closed","sticky":false,"template":"","format":"standard","meta":[],"categories":[51],"tags":[],"_links":{"self":[{"href":"https:\/\/gazdasagportal.hu\/index.php\/wp-json\/wp\/v2\/posts\/53565"}],"collection":[{"href":"https:\/\/gazdasagportal.hu\/index.php\/wp-json\/wp\/v2\/posts"}],"about":[{"href":"https:\/\/gazdasagportal.hu\/index.php\/wp-json\/wp\/v2\/types\/post"}],"author":[{"embeddable":true,"href":"https:\/\/gazdasagportal.hu\/index.php\/wp-json\/wp\/v2\/users\/1"}],"replies":[{"embeddable":true,"href":"https:\/\/gazdasagportal.hu\/index.php\/wp-json\/wp\/v2\/comments?post=53565"}],"version-history":[{"count":1,"href":"https:\/\/gazdasagportal.hu\/index.php\/wp-json\/wp\/v2\/posts\/53565\/revisions"}],"predecessor-version":[{"id":53566,"href":"https:\/\/gazdasagportal.hu\/index.php\/wp-json\/wp\/v2\/posts\/53565\/revisions\/53566"}],"wp:featuredmedia":[{"embeddable":true,"href":"https:\/\/gazdasagportal.hu\/index.php\/wp-json\/wp\/v2\/media\/45069"}],"wp:attachment":[{"href":"https:\/\/gazdasagportal.hu\/index.php\/wp-json\/wp\/v2\/media?parent=53565"}],"wp:term":[{"taxonomy":"category","embeddable":true,"href":"https:\/\/gazdasagportal.hu\/index.php\/wp-json\/wp\/v2\/categories?post=53565"},{"taxonomy":"post_tag","embeddable":true,"href":"https:\/\/gazdasagportal.hu\/index.php\/wp-json\/wp\/v2\/tags?post=53565"}],"curies":[{"name":"wp","href":"https:\/\/api.w.org\/{rel}","templated":true}]}}