{"id":53535,"date":"2014-12-24T11:53:58","date_gmt":"2014-12-24T10:53:58","guid":{"rendered":"http:\/\/stockportal.hu\/?p=53535"},"modified":"2014-12-24T11:53:58","modified_gmt":"2014-12-24T10:53:58","slug":"olasz-sajto-giorgio-napolitano-januar-14-en-tavozik-tisztsegebol","status":"publish","type":"post","link":"https:\/\/gazdasagportal.hu\/index.php\/olasz-sajto-giorgio-napolitano-januar-14-en-tavozik-tisztsegebol\/","title":{"rendered":"Olasz sajt\u00f3: Giorgio Napolitano janu\u00e1r 14-\u00e9n t\u00e1vozik tiszts\u00e9g\u00e9b\u0151l"},"content":{"rendered":"<p><strong>A La Repubblica olasz napilap szerdai sz\u00e1m\u00e1nak \u00e9rtes\u00fcl\u00e9sei szerint Giorgio Napolitano k\u00f6zt\u00e1rsas\u00e1gi eln\u00f6k janu\u00e1r 14-\u00e9n ny\u00fajtja be lemond\u00e1s\u00e1t, egy nappal azut\u00e1n, hogy Olaszorsz\u00e1g \u00e1tadja az Eur\u00f3pai Uni\u00f3 soros eln\u00f6ki tiszts\u00e9g\u00e9t Lettorsz\u00e1gnak.<br \/>\n<\/strong><!--more--><\/p>\n<div class=\"ads-in-post1\"><div id=\"gazdasagportal.hu_fullbanner_wideboard\"><\/div>\r\n<\/div>\n    A r\u00f3mai korm\u00e1nyt vezet\u0151 Demokrata P\u00e1rthoz (PD) k\u00f6zel \u00e1ll\u00f3 balk\u00f6z\u00e9p La Repubblica els\u0151k\u00e9nt k\u00f6z\u00f6lte az \u00e1llamf\u0151 t\u00e1voz\u00e1s\u00e1nak felt\u00e9telezett d\u00e1tum\u00e1t. A napilap \u00fagy tudja, Giorgio Napolitano megv\u00e1rja az olasz EU-eln\u00f6ks\u00e9g utols\u00f3 napj\u00e1t: janu\u00e1r 13-\u00e1n Matteo Renzi minisztereln\u00f6k a r\u00f3mai parlamentben \u00f6sszegzi az \u00e1ltala vezetett uni\u00f3s f\u00e9l\u00e9v eredm\u00e9nyeit. Ennek m\u00e1snapj\u00e1n a 89 \u00e9ves Napolitano bejelenti t\u00e1voz\u00e1s\u00e1t.<br \/>\n    Giorgio Napolitano el\u0151rehaladott kora miatt mond le tiszts\u00e9g\u00e9r\u0151l. Az olasz parlament 2006-ban v\u00e1lasztotta meg \u00e1llamf\u0151nek h\u00e9t\u00e9ves mand\u00e1tumra. 2013-ban ism\u00e9t \u0151t v\u00e1lasztott\u00e1k meg m\u00e1s t\u00f6bbs\u00e9gi jel\u00f6lt hi\u00e1ny\u00e1ban. Napolitano az els\u0151 olasz \u00e1llamf\u0151, aki k\u00e9tszer egym\u00e1s ut\u00e1n t\u00f6lt\u00f6tte be a tiszts\u00e9get.<br \/>\n    A p\u00e1rtok k\u00f6z\u00f6tt egyel\u0151re nincsen egyet\u00e9rt\u00e9s a lehets\u00e9ges ut\u00f3d szem\u00e9ly\u00e9r\u0151l. Leggyakrabban Romano Prodi \u00e9s Giuliano Amato volt olasz korm\u00e1nyf\u0151k nev\u00e9t hallani, de a 2013-ban is eln\u00f6kjel\u00f6lt Prodit saj\u00e1t p\u00e1rtja, a PD buktatta meg. Az Il Sole 24 Ore olasz gazdas\u00e1gi napilap szerint Matteo Renzi olyan PD-jel\u00f6ltet keres, aki a Silvio Berlusconi vezette jobbk\u00f6z\u00e9p sz\u00e1m\u00e1ra is elfogadhat\u00f3. A jobbk\u00f6z\u00e9p Libero \u00fagy l\u00e1tja, Matteo Renzi olyan \u00e1llamf\u0151t akar, aki engedelmeskedik neki \u00e9s el\u00e9g er\u0151s ahhoz is, hogy k\u00e9pviselje Olaszorsz\u00e1g \u00e9rdekeit Angela Merkel n\u00e9met kancell\u00e1rral szemben.<br \/>\n     Az olasz \u00e1llamf\u0151t a r\u00f3mai parlament szen\u00e1tusa \u00e9s k\u00e9pvisel\u0151h\u00e1za egy\u00fcttesen v\u00e1lasztja meg. Az els\u0151 h\u00e1rom szavaz\u00e1si fordul\u00f3ban k\u00e9tharmados t\u00f6bbs\u00e9g sz\u00fcks\u00e9ges, a negyedikt\u0151l el\u00e9g az egyszer\u0171 t\u00f6bbs\u00e9g az eln\u00f6kjel\u00f6lt megv\u00e1laszt\u00e1s\u00e1hoz. (MTI)<\/p>\n","protected":false},"excerpt":{"rendered":"<p>A La Repubblica olasz napilap szerdai sz\u00e1m\u00e1nak \u00e9rtes\u00fcl\u00e9sei szerint Giorgio Napolitano k\u00f6zt\u00e1rsas\u00e1gi eln\u00f6k janu\u00e1r 14-\u00e9n ny\u00fajtja be lemond\u00e1s\u00e1t, egy nappal azut\u00e1n, hogy Olaszorsz\u00e1g \u00e1tadja az Eur\u00f3pai Uni\u00f3 soros eln\u00f6ki tiszts\u00e9g\u00e9t Lettorsz\u00e1gnak.<\/p>\n","protected":false},"author":1,"featured_media":0,"comment_status":"open","ping_status":"closed","sticky":false,"template":"","format":"standard","meta":[],"categories":[12],"tags":[],"_links":{"self":[{"href":"https:\/\/gazdasagportal.hu\/index.php\/wp-json\/wp\/v2\/posts\/53535"}],"collection":[{"href":"https:\/\/gazdasagportal.hu\/index.php\/wp-json\/wp\/v2\/posts"}],"about":[{"href":"https:\/\/gazdasagportal.hu\/index.php\/wp-json\/wp\/v2\/types\/post"}],"author":[{"embeddable":true,"href":"https:\/\/gazdasagportal.hu\/index.php\/wp-json\/wp\/v2\/users\/1"}],"replies":[{"embeddable":true,"href":"https:\/\/gazdasagportal.hu\/index.php\/wp-json\/wp\/v2\/comments?post=53535"}],"version-history":[{"count":1,"href":"https:\/\/gazdasagportal.hu\/index.php\/wp-json\/wp\/v2\/posts\/53535\/revisions"}],"predecessor-version":[{"id":53536,"href":"https:\/\/gazdasagportal.hu\/index.php\/wp-json\/wp\/v2\/posts\/53535\/revisions\/53536"}],"wp:attachment":[{"href":"https:\/\/gazdasagportal.hu\/index.php\/wp-json\/wp\/v2\/media?parent=53535"}],"wp:term":[{"taxonomy":"category","embeddable":true,"href":"https:\/\/gazdasagportal.hu\/index.php\/wp-json\/wp\/v2\/categories?post=53535"},{"taxonomy":"post_tag","embeddable":true,"href":"https:\/\/gazdasagportal.hu\/index.php\/wp-json\/wp\/v2\/tags?post=53535"}],"curies":[{"name":"wp","href":"https:\/\/api.w.org\/{rel}","templated":true}]}}