{"id":53504,"date":"2014-12-23T18:50:11","date_gmt":"2014-12-23T17:50:11","guid":{"rendered":"http:\/\/stockportal.hu\/?p=53504"},"modified":"2014-12-23T18:01:04","modified_gmt":"2014-12-23T17:01:04","slug":"a-gdp-29-szazalekanal-is-kedvezobb-lehet-az-unios-modszertan-szerinti-hiany","status":"publish","type":"post","link":"https:\/\/gazdasagportal.hu\/index.php\/a-gdp-29-szazalekanal-is-kedvezobb-lehet-az-unios-modszertan-szerinti-hiany\/","title":{"rendered":"A GDP 2,9 sz\u00e1zal\u00e9k\u00e1n\u00e1l is kedvez\u0151bb lehet az uni\u00f3s m\u00f3dszertan szerinti hi\u00e1ny"},"content":{"rendered":"<p><strong>Varga Mih\u00e1ly nemzetgazdas\u00e1gi miniszter kedden az idei v\u00e1rhat\u00f3 k\u00f6lts\u00e9gvet\u00e9si hi\u00e1nyr\u00f3l \u00e9s az \u00e1llamad\u00f3ss\u00e1g v\u00e1rhat\u00f3 szintj\u00e9r\u0151l t\u00e1j\u00e9koztatta a frakci\u00f3k gazdas\u00e1gi k\u00e9pvisel\u0151it a parlamentben, kiemelve, hogy 2014-ben az \u00e9ves uni\u00f3s m\u00f3dszertan szerinti hi\u00e1ny a GDP 2,9 sz\u00e1zal\u00e9k\u00e1n\u00e1l is kedvez\u0151bb lehet &#8211; k\u00f6z\u00f6lte a Nemzetgazdas\u00e1gi Miniszt\u00e9rium kedden az MTI-vel.<\/strong><!--more--><\/p>\n<div class=\"ads-in-post1\"><div id=\"gazdasagportal.hu_fullbanner_wideboard\"><\/div>\r\n<\/div>\n<p>    A k\u00f6zlem\u00e9ny szerint a miniszter elmondta: az idei k\u00f6lts\u00e9gvet\u00e9si folyamatok kedvez\u0151en alakultak, az egyenleget jelent\u0151sen befoly\u00e1solja a v\u00e1rtn\u00e1l nagyobb gazdas\u00e1gi n\u00f6veked\u00e9s, a foglalkoztat\u00e1s b\u0151v\u00fcl\u00e9se, valamint az online p\u00e9nzt\u00e1rg\u00e9pek bek\u00f6t\u00e9s\u00e9b\u0151l sz\u00e1rmaz\u00f3 t\u00f6bbletbev\u00e9tel.<br \/>\n    Kifejtette: a korm\u00e1ny az idei \u00e9vre v\u00e1rt 3,2 sz\u00e1zal\u00e9kos n\u00f6veked\u00e9s, a cs\u00f6kken\u0151 ad\u00f3ss\u00e1gr\u00e1ta \u00e9s 2,9 sz\u00e1zal\u00e9kos hi\u00e1ny ut\u00e1n, 2015-re &#8211; konzervat\u00edv becsl\u00e9ssel &#8211; 2,5 sz\u00e1zal\u00e9kos gazdas\u00e1gi n\u00f6veked\u00e9ssel, 2,4 sz\u00e1zal\u00e9kos eur\u00f3pai uni\u00f3s m\u00f3dszertan szerinti hi\u00e1nnyal \u00e9s a stabilit\u00e1si t\u00f6rv\u00e9ny szerinti, 75,4 sz\u00e1zal\u00e9kos \u00e9v v\u00e9gi GDP-ar\u00e1nyos \u00e1llamad\u00f3ss\u00e1ggal sz\u00e1mol.<br \/>\n    A nemzetgazdas\u00e1gi miniszter kifejtette: az idei \u00e9vre tervezett ad\u00f3ss\u00e1gkezel\u00e9s &#8211; devizak\u00f6tv\u00e9ny-visszav\u00e1s\u00e1rl\u00e1s, \u00f6nkorm\u00e1nyzatokt\u00f3l \u00e1tv\u00e1llalt hitelek el\u0151t\u00f6rleszt\u00e9se, cs\u00f6kkentett forintkibocs\u00e1t\u00e1s &#8211; sikeres volt. Ez\u00e9rt az m\u00e1r bizonyos, hogy az alapt\u00f6rv\u00e9nyben foglalt ad\u00f3ss\u00e1gcs\u00f6kkent\u00e9s minden k\u00e9ts\u00e9get kiz\u00e1r\u00f3an teljes\u00edthet\u0151 lesz. Az eur\u00f3pai uni\u00f3s m\u00f3dszertan szerinti \u00fagynevezett maastrichti r\u00e1t\u00e1t az \u00e1llamh\u00e1ztart\u00e1si egyenlegen \u00e9s a gazdas\u00e1gi n\u00f6veked\u00e9sen t\u00fal a forint \u00e1rfolyam\u00e1nak mozg\u00e1sa is \u00e9rdemben befoly\u00e1solja, mely az ut\u00f3bbi napokban &#8211; f\u0151k\u00e9nt az Oroszorsz\u00e1ggal kapcsolatos esem\u00e9nyek hat\u00e1s\u00e1ra &#8211; igen hektikus volt.<br \/>\n    Az \u00e1llamad\u00f3ss\u00e1g cs\u00f6kkent\u00e9se \u00e9rdek\u00e9ben a korm\u00e1ny sz\u00e1mos int\u00e9zked\u00e9st hozott az elm\u00falt id\u0151szakban: a k\u00f6lts\u00e9gvet\u00e9s hi\u00e1ny\u00e1t 2011 \u00f3ta 3 sz\u00e1zal\u00e9k alatt tartja, a stabilit\u00e1s-orient\u00e1lt gazdas\u00e1gpolitika k\u00f6vetkezt\u00e9ben siker\u00fclt cs\u00f6kkenteni az ad\u00f3ss\u00e1gfinansz\u00edroz\u00e1si k\u00f6lts\u00e9geket.<br \/>\n    Varga Mih\u00e1ly kiemelte: az int\u00e9zked\u00e9sek megk\u00e9rd\u0151jelezhetetlen eredm\u00e9nye, hogy Magyarorsz\u00e1ggal szemben 2013 j\u00fanius\u00e1ban megsz\u0171nt az uni\u00f3s t\u00falzottdeficit-elj\u00e1r\u00e1s, az ad\u00f3ss\u00e1gr\u00e1ta pedig 2010 v\u00e9ge (amikor az 80,9 sz\u00e1zal\u00e9k volt) \u00e9s 2013 v\u00e9ge (akkor 77,3 sz\u00e1zal\u00e9kot \u00e9rt el) k\u00f6z\u00f6tt 3,6 sz\u00e1zal\u00e9kponttal cs\u00f6kkent. Ebben az id\u0151szakban az Eur\u00f3pai Uni\u00f3 28 tagorsz\u00e1ga k\u00f6z\u00fcl Magyarorsz\u00e1gon k\u00edv\u00fcl mind\u00f6ssze kett\u0151 tag\u00e1llam tudta cs\u00f6kkenteni az ad\u00f3ss\u00e1gr\u00e1t\u00e1j\u00e1t &#8211; \u00e1ll a t\u00e1rca k\u00f6zlem\u00e9ny\u00e9ben.(MTI)<\/p>\n","protected":false},"excerpt":{"rendered":"<p>Varga Mih\u00e1ly nemzetgazdas\u00e1gi miniszter kedden az idei v\u00e1rhat\u00f3 k\u00f6lts\u00e9gvet\u00e9si hi\u00e1nyr\u00f3l \u00e9s az \u00e1llamad\u00f3ss\u00e1g v\u00e1rhat\u00f3 szintj\u00e9r\u0151l t\u00e1j\u00e9koztatta a frakci\u00f3k gazdas\u00e1gi k\u00e9pvisel\u0151it a parlamentben, kiemelve, hogy 2014-ben az \u00e9ves uni\u00f3s m\u00f3dszertan szerinti hi\u00e1ny a GDP 2,9 sz\u00e1zal\u00e9k\u00e1n\u00e1l is kedvez\u0151bb lehet &#8211; k\u00f6z\u00f6lte a Nemzetgazdas\u00e1gi Miniszt\u00e9rium kedden az MTI-vel.<\/p>\n","protected":false},"author":1,"featured_media":0,"comment_status":"open","ping_status":"closed","sticky":false,"template":"","format":"standard","meta":[],"categories":[19],"tags":[],"_links":{"self":[{"href":"https:\/\/gazdasagportal.hu\/index.php\/wp-json\/wp\/v2\/posts\/53504"}],"collection":[{"href":"https:\/\/gazdasagportal.hu\/index.php\/wp-json\/wp\/v2\/posts"}],"about":[{"href":"https:\/\/gazdasagportal.hu\/index.php\/wp-json\/wp\/v2\/types\/post"}],"author":[{"embeddable":true,"href":"https:\/\/gazdasagportal.hu\/index.php\/wp-json\/wp\/v2\/users\/1"}],"replies":[{"embeddable":true,"href":"https:\/\/gazdasagportal.hu\/index.php\/wp-json\/wp\/v2\/comments?post=53504"}],"version-history":[{"count":1,"href":"https:\/\/gazdasagportal.hu\/index.php\/wp-json\/wp\/v2\/posts\/53504\/revisions"}],"predecessor-version":[{"id":53505,"href":"https:\/\/gazdasagportal.hu\/index.php\/wp-json\/wp\/v2\/posts\/53504\/revisions\/53505"}],"wp:attachment":[{"href":"https:\/\/gazdasagportal.hu\/index.php\/wp-json\/wp\/v2\/media?parent=53504"}],"wp:term":[{"taxonomy":"category","embeddable":true,"href":"https:\/\/gazdasagportal.hu\/index.php\/wp-json\/wp\/v2\/categories?post=53504"},{"taxonomy":"post_tag","embeddable":true,"href":"https:\/\/gazdasagportal.hu\/index.php\/wp-json\/wp\/v2\/tags?post=53504"}],"curies":[{"name":"wp","href":"https:\/\/api.w.org\/{rel}","templated":true}]}}