{"id":53498,"date":"2014-12-23T17:03:01","date_gmt":"2014-12-23T16:03:01","guid":{"rendered":"http:\/\/stockportal.hu\/?p=53498"},"modified":"2014-12-23T15:23:35","modified_gmt":"2014-12-23T14:23:35","slug":"elemzo-pozitiv-marad-a-kulkereskedelmi-merleg-jovore-is","status":"publish","type":"post","link":"https:\/\/gazdasagportal.hu\/index.php\/elemzo-pozitiv-marad-a-kulkereskedelmi-merleg-jovore-is\/","title":{"rendered":"Elemz\u0151: pozit\u00edv marad a k\u00fclkereskedelmi m\u00e9rleg j\u00f6v\u0151re is"},"content":{"rendered":"<p><strong>Pozit\u00edv marad a k\u00fclkereskedelmi m\u00e9rleg egyenlege j\u00f6v\u0151re, de a t\u00f6bblet tov\u00e1bbra is cs\u00f6kkenni fog az MTI \u00e1ltal kedden megk\u00e9rdezett elemz\u0151 szerint.<\/strong><!--more--><\/p>\n<div class=\"ads-in-post1\"><div id=\"gazdasagportal.hu_fullbanner_wideboard\"><\/div>\r\n<\/div>\n<p>    A K\u00f6zponti Statisztikai Hivatal (KSH) keddi k\u00f6zl\u00e9se szerint okt\u00f3berben az export eur\u00f3ban sz\u00e1m\u00edtott \u00e9rt\u00e9ke 2,2 sz\u00e1zal\u00e9kkal cs\u00f6kkent, m\u00edg az import\u00e9 2,6 sz\u00e1zal\u00e9kkal n\u0151tt az el\u0151z\u0151 \u00e9v azonos id\u0151szak\u00e1hoz viszony\u00edtva. A k\u00fclkereskedelmi m\u00e9rleg t\u00f6bblete 351 milli\u00f3 eur\u00f3 (107 milli\u00e1rd forint) volt, 345 milli\u00f3 eur\u00f3val (98 milli\u00e1rd forinttal) kevesebb, mint tavaly okt\u00f3berben.<br \/>\n    \u00dcrm\u00f6ssy Gergely, az Erste vezet\u0151 elemz\u0151je \u00fagy v\u00e9lte, ennek az egyik oka, hogy emelkedik a h\u00e1ztart\u00e1sok \u00e1ltal fogyasztott &#8211; feldolgoz\u00f3ipari, \u00e9lelmiszeripari &#8211; term\u00e9kcsoportok behozatala. Megjegyezte ugyanakkor, hogy v\u00e1rhat\u00f3an a magyar export is \u00e9l\u00e9nk\u00fclni fog, ha az orsz\u00e1g legf\u0151bb eur\u00f3z\u00f3n\u00e1s kereskedelmi partnereinek siker\u00fcl a recesszi\u00f3 k\u00f6zeli \u00e1llapotb\u00f3l kil\u00e1balniuk.<br \/>\n    Az Erste vezet\u0151 elemz\u0151je szerint m\u00e1r az okt\u00f3beri adatokb\u00f3l l\u00e1tszott, hogy lassult az ipari termel\u00e9s, els\u0151sorban az aut\u00f3gy\u00e1rt\u00e1s \u00e9s az \u00e9lelmiszeripar kibocs\u00e1t\u00e1s\u00e1nak visszaes\u00e9se miatt. Ugyanezek a szegmensek id\u00e9zt\u00e9k el\u0151 a cs\u00f6kken\u00e9st az exportban, amelynek eur\u00f3ban sz\u00e1m\u00edtott \u00e9rt\u00e9ke 2,2 sz\u00e1zal\u00e9kkal esett vissza okt\u00f3berben &#8211; jegyezte meg.<br \/>\n    A vezet\u0151 elemz\u0151 szerint ennek oka egyr\u00e9szt az Oroszorsz\u00e1ggal szembeni, \u00e9lelmiszeripart is \u00e9rint\u0151 szankci\u00f3k, valamint az aut\u00f3ipar szezon\u00e1lis hat\u00e1sa. Az aut\u00f3iparban az utols\u00f3 negyed\u00e9vben fokozatosan visszafogj\u00e1k a termel\u00e9st \u00e9s csak janu\u00e1rban \u00e1llnak vissza a megszokott ker\u00e9kv\u00e1g\u00e1sba &#8211; mondta.<br \/>\n    A Nemzetgazdas\u00e1gi Miniszt\u00e9rium (NGM) kedden az MTI-hez eljuttatott komment\u00e1rj\u00e1ban k\u00f6z\u00f6lte: a k\u00fclkereskedelmi forgalom hossz\u00fa ideje tart\u00f3 b\u0151v\u00fcl\u00e9se v\u00e1rakoz\u00e1saik szerint a k\u00f6vetkez\u0151 h\u00f3napokban is folytat\u00f3dik, ezt t\u00e1mogatja t\u00f6bbek k\u00f6z\u00f6tt a t\u00f6bb mint egy \u00e9ve er\u0151s\u00f6d\u0151 ipari termel\u00e9s \u00e9s a szint\u00e9n tart\u00f3san n\u00f6vekv\u0151 fogyaszt\u00e1s is.<br \/>\n    A t\u00e1rca k\u00f6zlem\u00e9ny\u00e9ben ismertette: okt\u00f3berben a k\u00fclkereskedelmi m\u00e9rleg 351 milli\u00f3 eur\u00f3s t\u00f6bbletet mutatott, \u00edgy az \u00e9v els\u0151 10 h\u00f3napj\u00e1ban m\u00e1r 5,3 milli\u00e1rd eur\u00f3 volt a k\u00fclkereskedelmi akt\u00edvum. Okt\u00f3berben a k\u00fclkereskedelmi term\u00e9kforgalom exportja nem v\u00e1ltozott, m\u00edg az import 6,2 sz\u00e1zal\u00e9kkal b\u0151v\u00fclt 2013 azonos id\u0151szak\u00e1hoz k\u00e9pest. Az export m\u00e9rt\u00e9k\u00e9nek n\u00f6veked\u00e9se f\u0151k\u00e9nt a tavalyi igen magas b\u00e1zis miatt maradt el az NGM k\u00f6zlem\u00e9nye szerint.(MTI)<\/p>\n","protected":false},"excerpt":{"rendered":"<p>Pozit\u00edv marad a k\u00fclkereskedelmi m\u00e9rleg egyenlege j\u00f6v\u0151re, de a t\u00f6bblet tov\u00e1bbra is cs\u00f6kkenni fog az MTI \u00e1ltal kedden megk\u00e9rdezett elemz\u0151 szerint.<\/p>\n","protected":false},"author":1,"featured_media":0,"comment_status":"open","ping_status":"closed","sticky":false,"template":"","format":"standard","meta":[],"categories":[19],"tags":[],"_links":{"self":[{"href":"https:\/\/gazdasagportal.hu\/index.php\/wp-json\/wp\/v2\/posts\/53498"}],"collection":[{"href":"https:\/\/gazdasagportal.hu\/index.php\/wp-json\/wp\/v2\/posts"}],"about":[{"href":"https:\/\/gazdasagportal.hu\/index.php\/wp-json\/wp\/v2\/types\/post"}],"author":[{"embeddable":true,"href":"https:\/\/gazdasagportal.hu\/index.php\/wp-json\/wp\/v2\/users\/1"}],"replies":[{"embeddable":true,"href":"https:\/\/gazdasagportal.hu\/index.php\/wp-json\/wp\/v2\/comments?post=53498"}],"version-history":[{"count":1,"href":"https:\/\/gazdasagportal.hu\/index.php\/wp-json\/wp\/v2\/posts\/53498\/revisions"}],"predecessor-version":[{"id":53499,"href":"https:\/\/gazdasagportal.hu\/index.php\/wp-json\/wp\/v2\/posts\/53498\/revisions\/53499"}],"wp:attachment":[{"href":"https:\/\/gazdasagportal.hu\/index.php\/wp-json\/wp\/v2\/media?parent=53498"}],"wp:term":[{"taxonomy":"category","embeddable":true,"href":"https:\/\/gazdasagportal.hu\/index.php\/wp-json\/wp\/v2\/categories?post=53498"},{"taxonomy":"post_tag","embeddable":true,"href":"https:\/\/gazdasagportal.hu\/index.php\/wp-json\/wp\/v2\/tags?post=53498"}],"curies":[{"name":"wp","href":"https:\/\/api.w.org\/{rel}","templated":true}]}}