{"id":53439,"date":"2014-12-22T17:40:58","date_gmt":"2014-12-22T16:40:58","guid":{"rendered":"http:\/\/stockportal.hu\/?p=53439"},"modified":"2014-12-22T16:17:36","modified_gmt":"2014-12-22T15:17:36","slug":"az-mtva-egyuttmukodest-ajanl-az-internetrol-szolo-nemzeti-konzultacioban","status":"publish","type":"post","link":"https:\/\/gazdasagportal.hu\/index.php\/az-mtva-egyuttmukodest-ajanl-az-internetrol-szolo-nemzeti-konzultacioban\/","title":{"rendered":"Az MTVA egy\u00fcttm\u0171k\u00f6d\u00e9st aj\u00e1nl az internetr\u0151l sz\u00f3l\u00f3 nemzeti konzult\u00e1ci\u00f3ban"},"content":{"rendered":"<p><strong>A M\u00e9diaszolg\u00e1ltat\u00e1s-t\u00e1mogat\u00f3 \u00e9s Vagyonkezel\u0151 Alap (MTVA) felaj\u00e1nlja egy\u00fcttm\u0171k\u00f6d\u00e9s\u00e9t az internethaszn\u00e1latr\u00f3l \u00e9s digit\u00e1lis fejleszt\u00e9sekr\u0151l sz\u00f3l\u00f3, j\u00f6v\u0151 \u00e9v elej\u00e9re tervezett nemzeti konzult\u00e1ci\u00f3ban.<\/strong><!--more--><\/p>\n<div class=\"ads-in-post1\"><div id=\"gazdasagportal.hu_fullbanner_wideboard\"><\/div>\r\n<\/div>\n<p>    Szab\u00f3 L\u00e1szl\u00f3 Zsolt, az MTVA vez\u00e9rigazgat\u00f3ja h\u00e9tf\u0151n levelet \u00edrt a korm\u00e1ny &#8222;internetkon&#8221; n\u00e9ven elind\u00edtand\u00f3 konzult\u00e1ci\u00f3 felel\u0151s\u00e9nek, Deutsch Tam\u00e1s eur\u00f3pai parlamenti k\u00e9pvisel\u0151nek, a levelet az MTI-hez is eljuttatt\u00e1k.<br \/>\n    A vez\u00e9rigazgat\u00f3 azt \u00edrta a fideszes EP-k\u00e9pvisel\u0151nek, az MTVA rendk\u00edv\u00fcl fontosnak tartja a nemzeti konzult\u00e1ci\u00f3t, \u00e9s b\u00edzik abban, hogy &#8222;az egy\u00fcttm\u0171k\u00f6d\u00e9s eredm\u00e9nyek\u00e9nt olyan rendszer kialak\u00edt\u00e1sa v\u00e1lik lehet\u0151v\u00e9 a korm\u00e1ny sz\u00e1m\u00e1ra, ami a legt\u00f6bb magyar ember v\u00e9lem\u00e9ny\u00e9t t\u00fckr\u00f6zi&#8221;.<br \/>\n    A k\u00f6zszolg\u00e1lati m\u00e9dia, amely haz\u00e1nk legnagyobb \u00e9s legt\u00f6bb embert el\u00e9r\u0151 telev\u00edzi\u00f3s, r\u00e1di\u00f3s \u00e9s online ter\u00fcletet is lefed\u0151 m\u00e9diav\u00e1llalata, elk\u00f6telezett a digit\u00e1lis fejl\u0151d\u00e9s mellett. Annak \u00e9rdek\u00e9ben, hogy min\u00e9l t\u00f6bb magyar ember v\u00e9lem\u00e9nye megjelenjen a konzult\u00e1ci\u00f3 sor\u00e1n, felaj\u00e1nljuk egy\u00fcttm\u0171k\u00f6d\u00e9si sz\u00e1nd\u00e9kunkat az \u00d6n \u00e1ltal vezetett folyamat sz\u00e1m\u00e1ra &#8211; \u00e1ll Szab\u00f3 L\u00e1szl\u00f3 Zsolt level\u00e9ben.<br \/>\n    Deutsch Tam\u00e1s november 6-\u00e1n egy balatonf\u00fcredi sajt\u00f3t\u00e1j\u00e9koztat\u00f3n azt mondta: az internettel kapcsolatos nemzeti konzult\u00e1ci\u00f3 janu\u00e1r k\u00f6zep\u00e9re \u00f6ssze\u00e1ll\u00f3 k\u00e9rd\u00e9sei azt hivatottak majd k\u00f6r\u00fclj\u00e1rni, hogy az internetfelhaszn\u00e1l\u00f3k hogyan tudj\u00e1k min\u00e9l szabadabban, min\u00e9l t\u00f6bben \u00e9s min\u00e9l olcs\u00f3bban haszn\u00e1lni a vil\u00e1gh\u00e1l\u00f3t.<br \/>\n    Az EP-k\u00e9pvisel\u0151 azt mondta, hogy m\u00e1r a konzult\u00e1ci\u00f3 el\u0151k\u00e9sz\u00edt\u00e9se sor\u00e1n is sz\u00e1m\u00edtanak mindenkinek a v\u00e9lem\u00e9ny\u00e9re, amelyeket a legk\u00fcl\u00f6nf\u00e9l\u00e9bb online fel\u00fcleteken v\u00e1rnak. Hozz\u00e1tette: az \u00edgy \u00f6sszegy\u0171jt\u00f6tt t\u00e9m\u00e1kb\u00f3l \u00e1ll\u00edtj\u00e1k majd \u00f6ssze janu\u00e1r k\u00f6zep\u00e9re a nemzeti konzult\u00e1ci\u00f3 k\u00e9rd\u00e9seit.<br \/>\n    Deutsch Tam\u00e1s azt is mondta, a nemzeti konzult\u00e1ci\u00f3 legfontosabb szerepl\u0151i a fiatalok lesznek, akiknek a v\u00e9lem\u00e9ny\u00e9re kiemelten sz\u00e1m\u00edtanak.(MTI)<\/p>\n","protected":false},"excerpt":{"rendered":"<p>A M\u00e9diaszolg\u00e1ltat\u00e1s-t\u00e1mogat\u00f3 \u00e9s Vagyonkezel\u0151 Alap (MTVA) felaj\u00e1nlja egy\u00fcttm\u0171k\u00f6d\u00e9s\u00e9t az internethaszn\u00e1latr\u00f3l \u00e9s digit\u00e1lis fejleszt\u00e9sekr\u0151l sz\u00f3l\u00f3, j\u00f6v\u0151 \u00e9v elej\u00e9re tervezett nemzeti konzult\u00e1ci\u00f3ban.<\/p>\n","protected":false},"author":1,"featured_media":0,"comment_status":"open","ping_status":"closed","sticky":false,"template":"","format":"standard","meta":[],"categories":[19],"tags":[],"_links":{"self":[{"href":"https:\/\/gazdasagportal.hu\/index.php\/wp-json\/wp\/v2\/posts\/53439"}],"collection":[{"href":"https:\/\/gazdasagportal.hu\/index.php\/wp-json\/wp\/v2\/posts"}],"about":[{"href":"https:\/\/gazdasagportal.hu\/index.php\/wp-json\/wp\/v2\/types\/post"}],"author":[{"embeddable":true,"href":"https:\/\/gazdasagportal.hu\/index.php\/wp-json\/wp\/v2\/users\/1"}],"replies":[{"embeddable":true,"href":"https:\/\/gazdasagportal.hu\/index.php\/wp-json\/wp\/v2\/comments?post=53439"}],"version-history":[{"count":1,"href":"https:\/\/gazdasagportal.hu\/index.php\/wp-json\/wp\/v2\/posts\/53439\/revisions"}],"predecessor-version":[{"id":53440,"href":"https:\/\/gazdasagportal.hu\/index.php\/wp-json\/wp\/v2\/posts\/53439\/revisions\/53440"}],"wp:attachment":[{"href":"https:\/\/gazdasagportal.hu\/index.php\/wp-json\/wp\/v2\/media?parent=53439"}],"wp:term":[{"taxonomy":"category","embeddable":true,"href":"https:\/\/gazdasagportal.hu\/index.php\/wp-json\/wp\/v2\/categories?post=53439"},{"taxonomy":"post_tag","embeddable":true,"href":"https:\/\/gazdasagportal.hu\/index.php\/wp-json\/wp\/v2\/tags?post=53439"}],"curies":[{"name":"wp","href":"https:\/\/api.w.org\/{rel}","templated":true}]}}