{"id":53426,"date":"2014-12-22T12:45:54","date_gmt":"2014-12-22T11:45:54","guid":{"rendered":"http:\/\/stockportal.hu\/?p=53426"},"modified":"2014-12-22T12:45:54","modified_gmt":"2014-12-22T11:45:54","slug":"beutazasi-tilalom-az-ugyeszseg-andre-goodfriend-diplomaciai-mentessegenek-felfuggeszteset-keri","status":"publish","type":"post","link":"https:\/\/gazdasagportal.hu\/index.php\/beutazasi-tilalom-az-ugyeszseg-andre-goodfriend-diplomaciai-mentessegenek-felfuggeszteset-keri\/","title":{"rendered":"Beutaz\u00e1si tilalom &#8211; Az \u00fcgy\u00e9szs\u00e9g Andr\u00e9 Goodfriend diplom\u00e1ciai mentess\u00e9g\u00e9nek felf\u00fcggeszt\u00e9s\u00e9t k\u00e9ri"},"content":{"rendered":"<p><strong>A Nemzeti Ad\u00f3- \u00e9s V\u00e1mhivatal eln\u00f6k\u00e9nek feljelent\u00e9se alapj\u00e1n a K\u00f6zponti Nyomoz\u00f3 F\u0151\u00fcgy\u00e9szs\u00e9gen nagy nyilv\u00e1noss\u00e1g el\u0151tt, jelent\u0151s \u00e9rdeks\u00e9relmet okozva elk\u00f6vetett r\u00e1galmaz\u00e1s v\u00e9ts\u00e9g\u00e9nek gyan\u00faja miatt indult nyomoz\u00e1s kapcs\u00e1n az \u00fcgy\u00e9szs\u00e9g ind\u00edtv\u00e1nyozta a K\u00fclgazdas\u00e1gi \u00e9s K\u00fcl\u00fcgyminiszt\u00e9riumn\u00e1l azoknak az int\u00e9zked\u00e9seknek a megt\u00e9tel\u00e9t, amelyek az Egyes\u00fclt \u00c1llamok budapesti nagyk\u00f6vets\u00e9ge ideiglenes \u00fcgyviv\u0151je diplom\u00e1ciai mentess\u00e9g\u00e9nek a felf\u00fcggeszt\u00e9s\u00e9hez sz\u00fcks\u00e9gesek &#8211; k\u00f6z\u00f6lte a Legf\u0151bb \u00dcgy\u00e9szs\u00e9g h\u00e9tf\u0151n az MTI-vel.<br \/>\n<\/strong><!--more--><\/p>\n<div class=\"ads-in-post1\"><div id=\"gazdasagportal.hu_fullbanner_wideboard\"><\/div>\r\n<\/div>\n    Az MTI-hez eljuttatott \u00fcgy\u00e9szs\u00e9gi k\u00f6zlem\u00e9ny kit\u00e9rt arra, hogy a K\u00f6zponti Nyomoz\u00f3 F\u0151\u00fcgy\u00e9szs\u00e9g az \u00fcgyben egy h\u00e9ttel ezel\u0151tt elrendelt nyomoz\u00e1s sor\u00e1n elv\u00e9gezte azokat a nyomozati cselekm\u00e9nyeket, amelyek k\u00f6zvetlen\u00fcl nem \u00e9rintettek mentelmi joggal rendelkez\u0151 szem\u00e9lyt.<br \/>\n    Az elj\u00e1r\u00e1s folytathat\u00f3s\u00e1ga \u00e9rdek\u00e9ben ind\u00edtv\u00e1nyozta az \u00fcgy\u00e9szs\u00e9g a diplom\u00e1ciai mentess\u00e9g felf\u00fcggeszt\u00e9se ir\u00e1nt sz\u00fcks\u00e9ges int\u00e9zked\u00e9sek megt\u00e9tel\u00e9t &#8211; \u00edrt\u00e1k.<br \/>\n    Az \u00fcgy\u00e9szs\u00e9g t\u00e1j\u00e9koztat\u00e1sa szerint a vonatkoz\u00f3 t\u00f6rv\u00e9nyi rendelkez\u00e9sek \u00e9rtelm\u00e9ben a mentelmi jog felf\u00fcggeszt\u00e9s\u00e9re ir\u00e1nyul\u00f3 ind\u00edtv\u00e1ny megt\u00e9tel\u00e9vel egyidej\u0171leg fel kell f\u00fcggeszteni a nyomoz\u00e1st. Amennyiben a diplom\u00e1ciai mentess\u00e9get \u00e9lvez\u0151 szem\u00e9ly mentelmi jog\u00e1t az arra jogosult nem f\u00fcggeszti fel, az elj\u00e1r\u00e1st meg kell sz\u00fcntetni.<br \/>\n    A K\u00f6zponti Nyomoz\u00f3 F\u0151\u00fcgy\u00e9szs\u00e9g december 15-\u00e9n jelentette be, hogy nyomoz\u00e1st rendeltek el Vida Ildik\u00f3, a Nemzeti Ad\u00f3- \u00e9s V\u00e1mhivatal (NAV) eln\u00f6k\u00e9nek feljelent\u00e9se alapj\u00e1n, nagy nyilv\u00e1noss\u00e1g el\u0151tt, jelent\u0151s \u00e9rdeks\u00e9relmet okozva elk\u00f6vetett r\u00e1galmaz\u00e1s v\u00e9ts\u00e9g\u00e9nek gyan\u00faja miatt.<br \/>\n    Keresztes Imre f\u0151\u00fcgy\u00e9sz az MTI-hez akkor eljuttatott k\u00f6zlem\u00e9ny\u00e9ben azt \u00edrta: a b\u00fcntet\u0151 t\u00f6rv\u00e9nyk\u00f6nyv szerint nagy nyilv\u00e1noss\u00e1g el\u0151tt, jelent\u0151s \u00e9rdeks\u00e9relmet okozva elk\u00f6vetett r\u00e1galmaz\u00e1s v\u00e9ts\u00e9ge val\u00f3sul meg, ha valaki m\u00e1sr\u00f3l nagy nyilv\u00e1noss\u00e1g el\u0151tt a becs\u00fclet csorb\u00edt\u00e1s\u00e1ra alkalmas t\u00e9nyt \u00e1ll\u00edt, h\u00edresztel, vagy ilyen t\u00e9nyre k\u00f6zvetlen\u00fcl utal\u00f3 kifejez\u00e9st haszn\u00e1l, \u00e9s ezzel jelent\u0151s \u00e9rdeks\u00e9relmet okoz.<br \/>\n    A r\u00e1galmaz\u00e1s b\u0171ncselekm\u00e9nye val\u00f3tlan, illetve val\u00f3s t\u00e9nyek \u00e1ll\u00edt\u00e1s\u00e1val is elk\u00f6vethet\u0151 &#8211; emelte ki, hozz\u00e1t\u00e9ve: \u00edgy az a kijelent\u00e9s, hogy valaki &#8222;korrupt&#8221;, illetve &#8222;korrupci\u00f3s cselekm\u00e9nyt k\u00f6vetett el&#8221;, az \u00e1ll\u00edt\u00e1s val\u00f3s\u00e1gtartalm\u00e1t\u00f3l f\u00fcggetlen\u00fcl is alkalmas lehet a becs\u00fclet csorb\u00edt\u00e1s\u00e1ra.<br \/>\n    A r\u00e1galmaz\u00e1s miatt indult elj\u00e1r\u00e1sok k\u00e9s\u0151bbi szakasz\u00e1ban a t\u00f6rv\u00e9ny bizonyos felt\u00e9tek mellett lehet\u0151s\u00e9get biztos\u00edt a t\u00e9ny\u00e1ll\u00edt\u00e1st megfogalmaz\u00f3 terheltnek a val\u00f3s\u00e1g bizony\u00edt\u00e1s\u00e1ra. A val\u00f3s\u00e1g bizony\u00edt\u00e1s\u00e1nak elrendel\u00e9se eset\u00e9n a bizony\u00edt\u00e1si teher megfordul, \u00edgy a kifog\u00e1solt \u00e1ll\u00edt\u00e1st megfogalmaz\u00f3nak k\u00f6teless\u00e9ge bizony\u00edtani, hogy amit \u00e1ll\u00edtott, az igaz.<br \/>\n    A val\u00f3s\u00e1g bizony\u00edt\u00e1sa akkor eredm\u00e9nyes, ha az \u00e1ll\u00edtott t\u00e9ny val\u00f3snak bizonyul. Ilyen esetben az \u00e1ll\u00edt\u00e1s megfogalmaz\u00f3ja nem tartozik b\u00fcntet\u0151jogi felel\u0151ss\u00e9ggel. A val\u00f3s\u00e1gbizony\u00edt\u00e1s sikertelens\u00e9ge eset\u00e9n ugyanakkor a b\u0171ncselekm\u00e9ny att\u00f3l f\u00fcggetlen\u00fcl meg\u00e1llap\u00edthat\u00f3, hogy az elk\u00f6vet\u0151 az \u00e1ll\u00edtott t\u00e9nyt esetleg val\u00f3nak tudta.<br \/>\n    A f\u0151\u00fcgy\u00e9sz kit\u00e9rt arra is, hogy ha a r\u00e1galmaz\u00e1st hivatalos szem\u00e9ly s\u00e9relm\u00e9re hivatalos elj\u00e1r\u00e1sa alatt, illetve emiatt k\u00f6vetik el, az \u00fcgyet nem \u00fagynevezett mag\u00e1nv\u00e1das, hanem k\u00f6zv\u00e1das elj\u00e1r\u00e1s keret\u00e9ben kell vizsg\u00e1lni.<br \/>\n    Mivel az \u00fcgyben a feljelent\u0151 \u00e1ltal kifog\u00e1solt kifejez\u00e9s Vida Ildik\u00f3t nem mint mag\u00e1nszem\u00e9lyt, hanem mint a NAV eln\u00f6k\u00e9t \u00e9rintette \u00e9s a hivatali m\u0171k\u00f6d\u00e9s\u00e9vel \u00f6sszef\u00fcgg\u0151 cselekm\u00e9nyre utalt, annak vizsg\u00e1lata k\u00f6zv\u00e1das elj\u00e1r\u00e1sra tartozik.<br \/>\n    A budapesti amerikai nagyk\u00f6vets\u00e9g \u00fcgyviv\u0151je a Heti V\u00e1lasz december 4-i sz\u00e1m\u00e1ban megjelent interj\u00faj\u00e1ban arr\u00f3l besz\u00e9lt, hogy az Egyes\u00fclt \u00c1llamoknak tudom\u00e1sa van a magyar ad\u00f3hat\u00f3s\u00e1gon bel\u00fcli csal\u00e1sokr\u00f3l, \u00e9s inform\u00e1ci\u00f3i szerint ezekben az \u00fcgyekben nem indult nyomoz\u00e1s. Andr\u00e9 Goodfriend a lap k\u00e9rd\u00e9s\u00e9re, hogy vannak-e bizony\u00edt\u00e9kaik, azt mondta: &#8222;azok a bizony\u00edt\u00e9kaink vannak, amelyeket megkapott a magyar korm\u00e1ny is&#8221;. Arra a k\u00e9rd\u00e9sre, hogy arra a k\u00e9t lapra gondol-e, amelyet \u00e1tadtak a K\u00fclgazdas\u00e1gi \u00e9s K\u00fcl\u00fcgyminiszt\u00e9riumnak, azt v\u00e1laszolta, hogy &#8222;nem, az a k\u00e9t pap\u00edrlap nem bizony\u00edt\u00e9k&#8221;.<br \/>\n    Az, hogy egyeseket nem engednek be az Egyes\u00fclt \u00c1llamokba, annyit jelent, &#8222;\u00fagy hissz\u00fck, vannak olyan korm\u00e1nyalkalmazottak, akik korrupt cselekm\u00e9nyekben vesznek r\u00e9szt&#8221; &#8211; mondta.<br \/>\n    Az \u00fcgyviv\u0151 a kitilt\u00e1si \u00fcgy konkr\u00e9t \u00e9rintettjeir\u0151l nem besz\u00e9lt, de azt mondta: az az inform\u00e1ci\u00f3, amelyre a beutaz\u00e1si tilalmat alapozt\u00e1k, nem puszt\u00e1n arra vonatkozik, hogy az \u00e9rintettek keveset tettek a csal\u00e1sok ellen. Ha valaki j\u00f3 sz\u00e1nd\u00e9k\u00fa, de nem tesz eleget a csal\u00e1s megakad\u00e1lyoz\u00e1s\u00e1\u00e9rt, az term\u00e9szetesen nem min\u0151s\u00fcl korrupt cselekm\u00e9nynek &#8211; jegyezte meg.<br \/>\n    M\u00falt h\u00e9tf\u0151n Orb\u00e1n Viktor minisztereln\u00f6k az Orsz\u00e1ggy\u0171l\u00e9sben azt mondta: az amerikai \u00fcgyviv\u0151 azt \u00e1ll\u00edtja, a NAV eln\u00f6ke szem\u00e9lyesen k\u00f6vetett el korrupci\u00f3t. &#8222;Ezt az \u00e1ll\u00edt\u00e1st a magyar jogrendszer tudja \u00e9rtelmezni, \u00e9s ez\u00e9rt pert kell ind\u00edtani. Ez az elv\u00e1r\u00e1som a NAV eln\u00f6k\u00e9vel szemben. Ha nem ind\u00edt halad\u00e9ktalanul pert az amerikai \u00fcgyviv\u0151vel szemben, le fogom v\u00e1ltani&#8221; &#8211; k\u00f6z\u00f6lte Orb\u00e1n Viktor.<br \/>\n    Fut\u00f3 Barnab\u00e1s, Vida Ildik\u00f3 \u00fcgyv\u00e9dje m\u00falt cs\u00fct\u00f6rt\u00f6k\u00f6n k\u00f6z\u00f6lte az MTI-vel, hogy a NAV eln\u00f6ke feljelentet\u00e9st \u00e9s keresetet ny\u00fajtott be Andr\u00e9 Goodfriend, a budapesti amerikai nagyk\u00f6vets\u00e9g \u00fcgyviv\u0151je ellen.<br \/>\n    Fut\u00f3 Barnab\u00e1s azt mondta: a K\u00f6zponti Nyomoz\u00f3 F\u0151\u00fcgy\u00e9szs\u00e9gen nagy nyilv\u00e1noss\u00e1g el\u0151tt, jelent\u0151s \u00e9rdeks\u00e9relmet okoz\u00f3 r\u00e1galmaz\u00e1s miatt jelentett\u00e9k f\u00f6l az amerikai \u00fcgyviv\u0151t, mert hivatalos szem\u00e9lyi min\u0151s\u00e9g\u00e9ben s\u00e9rtette meg a NAV eln\u00f6k\u00e9t. A F\u0151v\u00e1rosi T\u00f6rv\u00e9nysz\u00e9ken pedig j\u00f3 h\u00edrn\u00e9v megs\u00e9rt\u00e9se miatt ny\u00fajtottak be keresetet &#8211; tette hozz\u00e1.<br \/>\n    A NAV eln\u00f6k\u00e9nek \u00fcgyv\u00e9dje k\u00f6z\u00f6lte: konkr\u00e9tan a Heti V\u00e1lasznak adott interj\u00faban tett s\u00e9rt\u0151 kijelent\u00e9se miatt tettek feljelent\u00e9s.(MTI)<\/p>\n","protected":false},"excerpt":{"rendered":"<p>A Nemzeti Ad\u00f3- \u00e9s V\u00e1mhivatal eln\u00f6k\u00e9nek feljelent\u00e9se alapj\u00e1n a K\u00f6zponti Nyomoz\u00f3 F\u0151\u00fcgy\u00e9szs\u00e9gen nagy nyilv\u00e1noss\u00e1g el\u0151tt, jelent\u0151s \u00e9rdeks\u00e9relmet okozva elk\u00f6vetett r\u00e1galmaz\u00e1s v\u00e9ts\u00e9g\u00e9nek gyan\u00faja miatt indult nyomoz\u00e1s kapcs\u00e1n az \u00fcgy\u00e9szs\u00e9g ind\u00edtv\u00e1nyozta a K\u00fclgazdas\u00e1gi \u00e9s K\u00fcl\u00fcgyminiszt\u00e9riumn\u00e1l azoknak az int\u00e9zked\u00e9seknek a megt\u00e9tel\u00e9t, amelyek az Egyes\u00fclt \u00c1llamok budapesti nagyk\u00f6vets\u00e9ge ideiglenes \u00fcgyviv\u0151je diplom\u00e1ciai mentess\u00e9g\u00e9nek a felf\u00fcggeszt\u00e9s\u00e9hez sz\u00fcks\u00e9gesek &#8211; k\u00f6z\u00f6lte a Legf\u0151bb &#8230;<\/p>\n","protected":false},"author":1,"featured_media":0,"comment_status":"open","ping_status":"closed","sticky":false,"template":"","format":"standard","meta":[],"categories":[20,18],"tags":[],"_links":{"self":[{"href":"https:\/\/gazdasagportal.hu\/index.php\/wp-json\/wp\/v2\/posts\/53426"}],"collection":[{"href":"https:\/\/gazdasagportal.hu\/index.php\/wp-json\/wp\/v2\/posts"}],"about":[{"href":"https:\/\/gazdasagportal.hu\/index.php\/wp-json\/wp\/v2\/types\/post"}],"author":[{"embeddable":true,"href":"https:\/\/gazdasagportal.hu\/index.php\/wp-json\/wp\/v2\/users\/1"}],"replies":[{"embeddable":true,"href":"https:\/\/gazdasagportal.hu\/index.php\/wp-json\/wp\/v2\/comments?post=53426"}],"version-history":[{"count":1,"href":"https:\/\/gazdasagportal.hu\/index.php\/wp-json\/wp\/v2\/posts\/53426\/revisions"}],"predecessor-version":[{"id":53427,"href":"https:\/\/gazdasagportal.hu\/index.php\/wp-json\/wp\/v2\/posts\/53426\/revisions\/53427"}],"wp:attachment":[{"href":"https:\/\/gazdasagportal.hu\/index.php\/wp-json\/wp\/v2\/media?parent=53426"}],"wp:term":[{"taxonomy":"category","embeddable":true,"href":"https:\/\/gazdasagportal.hu\/index.php\/wp-json\/wp\/v2\/categories?post=53426"},{"taxonomy":"post_tag","embeddable":true,"href":"https:\/\/gazdasagportal.hu\/index.php\/wp-json\/wp\/v2\/tags?post=53426"}],"curies":[{"name":"wp","href":"https:\/\/api.w.org\/{rel}","templated":true}]}}