{"id":53414,"date":"2014-12-22T10:24:53","date_gmt":"2014-12-22T09:24:53","guid":{"rendered":"http:\/\/stockportal.hu\/?p=53414"},"modified":"2014-12-22T10:24:53","modified_gmt":"2014-12-22T09:24:53","slug":"pakson-keszulnek-a-kabelkotegek-az-airbus-t2-es-helikopterehez-es-a350-es-repulogepehez","status":"publish","type":"post","link":"https:\/\/gazdasagportal.hu\/index.php\/pakson-keszulnek-a-kabelkotegek-az-airbus-t2-es-helikopterehez-es-a350-es-repulogepehez\/","title":{"rendered":"Pakson k\u00e9sz\u00fclnek a k\u00e1belk\u00f6tegek az Airbus T2-es helikopter\u00e9hez \u00e9s A350-es rep\u00fcl\u0151g\u00e9p\u00e9hez"},"content":{"rendered":"<p><strong>Az Airbus leg\u00fajabb rep\u00fcl\u0151g\u00e9p\u00e9hez, az A350-hez gy\u00e1rt k\u00e1belk\u00f6tegeket janu\u00e1rt\u00f3l az Elektro-Metall Paks Kft. A n\u00e9met tulajdon\u00fa, paksi sz\u00e9khely\u0171 c\u00e9g november \u00f3ta az Airbus Helicopters EC 145 T2-es modellj\u00e9nek is opcion\u00e1lis besz\u00e1ll\u00edt\u00f3ja &#8211; t\u00e1j\u00e9koztatta az MTI-t Vincze K\u00e1roly \u00fcgyvezet\u0151.<\/strong><!--more--><\/p>\n<div class=\"ads-in-post1\"><div id=\"gazdasagportal.hu_fullbanner_wideboard\"><\/div>\r\n<\/div>\n<p>    Az Elektro-Metall Paks Kft. 70 sz\u00e1zal\u00e9kban a rep\u00fcl\u0151g\u00e9piparnak, 30 sz\u00e1zal\u00e9kban aut\u00f3iparnak gy\u00e1rt k\u00e1belk\u00f6tegeket. A tervek szerint ez az ar\u00e1ny 2015 v\u00e9g\u00e9re 95-5 sz\u00e1zal\u00e9k lesz. A vil\u00e1g legnagyobb szem\u00e9lysz\u00e1ll\u00edt\u00f3 rep\u00fcl\u0151g\u00e9peknek, az Airbus A380-as modellj\u00e9nek a gy\u00e1rt\u00e1s kezdete \u00f3ta besz\u00e1ll\u00edt\u00f3ja a paksi c\u00e9g.     Az Airbus Helicopters T2-ese egy standard helikopter, ami 250 f\u00e9le funkci\u00f3val rendelhet\u0151. Ezek opcion\u00e1lis elektronik\u00e1ja k\u00e9sz\u00fcl Pakson els\u0151 l\u00e9pcs\u0151ben 2020-ig. A megrendel\u00e9s jelenleg 5-10, hossz\u00fa t\u00e1von 15-20 f\u0151nek biztos\u00edt munk\u00e1t, t\u00e1j\u00e9koztatott az \u00fcgyvezet\u0151.     Az A350 el\u0151rel\u00e1that\u00f3an a legkeresettebb szem\u00e9lysz\u00e1ll\u00edt\u00f3 rep\u00fcl\u0151g\u00e9pmodell lesz, m\u00e1r 750-re van megrendel\u00e9s, a gy\u00e1rt\u00e1sban komoly felfut\u00e1sra lehet sz\u00e1m\u00edtani. J\u00f6v\u0151re 36, 2018 janu\u00e1rj\u00e1t\u00f3l havonta 12 rep\u00fcl\u0151g\u00e9p gy\u00e1rt\u00e1s\u00e1t tervezik \u2013 fejtette ki Vincze K\u00e1roly.     Az A350 sz\u00e9riagy\u00e1rt\u00e1sa janu\u00e1rban indul, a megrendel\u00e9sek a paksi c\u00e9gn\u00e9l n\u00e9h\u00e1ny \u00e9ves felfut\u00e1s ut\u00e1n 70-80 embernek adnak munk\u00e1t. A foglalkoztatottak sz\u00e1ma azonban ennyivel nem n\u0151, mert k\u00f6zben kivezetik az aut\u00f3ipari portf\u00f3li\u00f3t. A paksi sz\u00e9khely\u0171 kft.-n\u00e9l jelenleg 170 ember dolgozik. A l\u00e9tsz\u00e1m 2015 v\u00e9g\u00e9re el\u00e9ri a 200 f\u0151t.     Elektro-Metall Paks Kft. \u00e9ves forgalma 600 milli\u00f3 forint, amit tev\u00e9kenys\u00e9g\u00fckb\u0151l kifoly\u00f3lag a b\u00e9rmunkad\u00edj tesz ki. J\u00f6v\u0151re 10, 2016-ban 25-30 sz\u00e1zal\u00e9kos n\u00f6veked\u00e9ssel sz\u00e1molnak.     A tulajdonos Elektro-Metall Export GmbH. \u00e1ltal k\u00f6t\u00f6tt \u00faj szerz\u0151d\u00e9sek hossz\u00fa t\u00e1vra sz\u00f3lnak, ez jellemz\u0151 a rep\u00fcl\u0151g\u00e9piparra &#8211; hangs\u00falyozta Vincze K\u00e1roly. Arra is kit\u00e9rt, hogy itt az aut\u00f3iparn\u00e1l komplexebb tud\u00e1sra, dr\u00e1g\u00e1bb alapanyagokra van sz\u00fcks\u00e9g, de a profit is magasabb.     Az \u00fcgyvezet\u0151 elmondta az MTI-nek, hogy anyav\u00e1llalatuk, a n\u00e9met Elektro-Metall Export GmbH 1988. \u00f3ta folytat b\u00e9rmunk\u00e1t Pakson, indul\u00e1skor kiz\u00e1r\u00f3lag aut\u00f3ipari k\u00e1belkonfekcion\u00e1l\u00e1ssal foglalkoztak. Az Elektro-Metall Paks Kft. 2001-ben kezdte meg m\u0171k\u00f6d\u00e9s\u00e9t a paksi ipari parkban. A kft. 2007-ben eur\u00f3pai uni\u00f3s p\u00e1ly\u00e1zati t\u00e1mogat\u00e1ssal jelent\u0151s b\u0151v\u00edt\u00e9st, fejleszt\u00e9st hajtott v\u00e9gre. Tov\u00e1bbi ter\u00fclet v\u00e1s\u00e1rl\u00e1s\u00e1val m\u00e1r egy esetleges fejleszt\u00e9sre is felk\u00e9sz\u00fcltek.(MTI)<\/p>\n","protected":false},"excerpt":{"rendered":"<p>Az Airbus leg\u00fajabb rep\u00fcl\u0151g\u00e9p\u00e9hez, az A350-hez gy\u00e1rt k\u00e1belk\u00f6tegeket janu\u00e1rt\u00f3l az Elektro-Metall Paks Kft. A n\u00e9met tulajdon\u00fa, paksi sz\u00e9khely\u0171 c\u00e9g november \u00f3ta az Airbus Helicopters EC 145 T2-es modellj\u00e9nek is opcion\u00e1lis besz\u00e1ll\u00edt\u00f3ja &#8211; t\u00e1j\u00e9koztatta az MTI-t Vincze K\u00e1roly \u00fcgyvezet\u0151.<\/p>\n","protected":false},"author":1,"featured_media":0,"comment_status":"open","ping_status":"closed","sticky":false,"template":"","format":"standard","meta":[],"categories":[19],"tags":[],"_links":{"self":[{"href":"https:\/\/gazdasagportal.hu\/index.php\/wp-json\/wp\/v2\/posts\/53414"}],"collection":[{"href":"https:\/\/gazdasagportal.hu\/index.php\/wp-json\/wp\/v2\/posts"}],"about":[{"href":"https:\/\/gazdasagportal.hu\/index.php\/wp-json\/wp\/v2\/types\/post"}],"author":[{"embeddable":true,"href":"https:\/\/gazdasagportal.hu\/index.php\/wp-json\/wp\/v2\/users\/1"}],"replies":[{"embeddable":true,"href":"https:\/\/gazdasagportal.hu\/index.php\/wp-json\/wp\/v2\/comments?post=53414"}],"version-history":[{"count":1,"href":"https:\/\/gazdasagportal.hu\/index.php\/wp-json\/wp\/v2\/posts\/53414\/revisions"}],"predecessor-version":[{"id":53415,"href":"https:\/\/gazdasagportal.hu\/index.php\/wp-json\/wp\/v2\/posts\/53414\/revisions\/53415"}],"wp:attachment":[{"href":"https:\/\/gazdasagportal.hu\/index.php\/wp-json\/wp\/v2\/media?parent=53414"}],"wp:term":[{"taxonomy":"category","embeddable":true,"href":"https:\/\/gazdasagportal.hu\/index.php\/wp-json\/wp\/v2\/categories?post=53414"},{"taxonomy":"post_tag","embeddable":true,"href":"https:\/\/gazdasagportal.hu\/index.php\/wp-json\/wp\/v2\/tags?post=53414"}],"curies":[{"name":"wp","href":"https:\/\/api.w.org\/{rel}","templated":true}]}}