{"id":53395,"date":"2014-12-21T19:23:00","date_gmt":"2014-12-21T18:23:00","guid":{"rendered":"http:\/\/stockportal.hu\/?p=53395"},"modified":"2014-12-21T19:23:00","modified_gmt":"2014-12-21T18:23:00","slug":"latvanyos-fenyjatek-szilveszterkor-a-parizsi-champs-elysees-n","status":"publish","type":"post","link":"https:\/\/gazdasagportal.hu\/index.php\/latvanyos-fenyjatek-szilveszterkor-a-parizsi-champs-elysees-n\/","title":{"rendered":"L\u00e1tv\u00e1nyos f\u00e9nyj\u00e1t\u00e9k szilveszterkor a p\u00e1rizsi Champs-Elys\u00e9es-n"},"content":{"rendered":"<p><strong>A p\u00e1rizsi Champs-Elys\u00e9es el\u0151sz\u00f6r v\u00e1rja december 31-\u00e9n l\u00e1tv\u00e1nyos f\u00e9nyj\u00e1t\u00e9kkal a vil\u00e1g egyik legszebb sug\u00e1r\u00fatj\u00e1n szilveszterez\u0151ket. A program r\u00e9szek\u00e9nt a Diadal\u00edvre vet\u00edtenek majd var\u00e1zslatos k\u00e9peket &#8211; k\u00f6z\u00f6lte a p\u00e1rizsi v\u00e1rosh\u00e1za.<\/strong><!--more--><\/p>\n<div class=\"ads-in-post1\"><div id=\"gazdasagportal.hu_fullbanner_wideboard\"><\/div>\r\n<\/div>\n<p>    &#8222;Mindig nagyon sokan vannak a Champs-Elys\u00e9es-n, \u00e9s eddig P\u00e1rizs volt az egyetlen nagyv\u00e1ros a vil\u00e1gon, ahonnan nem lehetett szilveszteri k\u00e9peslapokat k\u00fcldeni. Szeretn\u00e9nk, ha P\u00e1rizsr\u00f3l sz\u00e9p k\u00e9pek terjedn\u00e9nek az \u00e9v v\u00e9g\u00e9n&#8221; &#8211; mondta Bruno Julliard kultur\u00e1lis \u00fcgyek\u00e9rt felel\u0151s alpolg\u00e1rmester.<br \/>\n    A Diadal\u00edvre vet\u00edtett k\u00e9pekkel este h\u00e1romnegyed 12-kor kezd\u0151d\u0151 f\u00e9nyj\u00e1t\u00e9k a p\u00e1rizsi &#8222;\u00e9letm\u0171v\u00e9szetet&#8221; illusztr\u00e1lja majd, \u00e9s k\u00f6rnyezetv\u00e9delmi t\u00e9m\u00e1kat is fog tartalmazni, miut\u00e1n 2015 v\u00e9g\u00e9n P\u00e1rizsban rendezik a kl\u00edmakonferenci\u00e1t.<br \/>\n    \u00c9jf\u00e9l el\u0151tt n\u00e9h\u00e1ny perccel a Diadal\u00edven is megkezd\u0151dik a visszasz\u00e1ml\u00e1l\u00e1s, majd a reflektorok a p\u00e1rizsi eget fogj\u00e1k megvil\u00e1g\u00edtani. A g\u00e9pkocsiforgalmat ezalatt le\u00e1ll\u00edtj\u00e1k a sug\u00e1r\u00faton, \u00e9s a gyalogosok\u00e9 lesz az eg\u00e9sz Champs-Elys\u00e9es.<br \/>\n    A sug\u00e1rutat m\u00e1snap d\u00e9lut\u00e1n is lez\u00e1rj\u00e1k a forgalom el\u00f6l, a tavalyi \u00e9vhez hasonl\u00f3an 15 feld\u00edsz\u00edtett teheraut\u00f3 \u00e9s 15 fanf\u00e1r fogja k\u00f6sz\u00f6neti az \u00faj\u00e9vet. A par\u00e1d\u00e9 600 ezer eur\u00f3ba ker\u00fcl a Champs-Elys\u00e9es-bizotts\u00e1gnak, a v\u00e1rosh\u00e1za 200 ezer eur\u00f3s t\u00e1mogat\u00e1st ny\u00fajt.(MTI)<\/p>\n","protected":false},"excerpt":{"rendered":"<p>A p\u00e1rizsi Champs-Elys\u00e9es el\u0151sz\u00f6r v\u00e1rja december 31-\u00e9n l\u00e1tv\u00e1nyos f\u00e9nyj\u00e1t\u00e9kkal a vil\u00e1g egyik legszebb sug\u00e1r\u00fatj\u00e1n szilveszterez\u0151ket. A program r\u00e9szek\u00e9nt a Diadal\u00edvre vet\u00edtenek majd var\u00e1zslatos k\u00e9peket &#8211; k\u00f6z\u00f6lte a p\u00e1rizsi v\u00e1rosh\u00e1za.<\/p>\n","protected":false},"author":1,"featured_media":0,"comment_status":"open","ping_status":"closed","sticky":false,"template":"","format":"standard","meta":[],"categories":[12],"tags":[],"_links":{"self":[{"href":"https:\/\/gazdasagportal.hu\/index.php\/wp-json\/wp\/v2\/posts\/53395"}],"collection":[{"href":"https:\/\/gazdasagportal.hu\/index.php\/wp-json\/wp\/v2\/posts"}],"about":[{"href":"https:\/\/gazdasagportal.hu\/index.php\/wp-json\/wp\/v2\/types\/post"}],"author":[{"embeddable":true,"href":"https:\/\/gazdasagportal.hu\/index.php\/wp-json\/wp\/v2\/users\/1"}],"replies":[{"embeddable":true,"href":"https:\/\/gazdasagportal.hu\/index.php\/wp-json\/wp\/v2\/comments?post=53395"}],"version-history":[{"count":1,"href":"https:\/\/gazdasagportal.hu\/index.php\/wp-json\/wp\/v2\/posts\/53395\/revisions"}],"predecessor-version":[{"id":53396,"href":"https:\/\/gazdasagportal.hu\/index.php\/wp-json\/wp\/v2\/posts\/53395\/revisions\/53396"}],"wp:attachment":[{"href":"https:\/\/gazdasagportal.hu\/index.php\/wp-json\/wp\/v2\/media?parent=53395"}],"wp:term":[{"taxonomy":"category","embeddable":true,"href":"https:\/\/gazdasagportal.hu\/index.php\/wp-json\/wp\/v2\/categories?post=53395"},{"taxonomy":"post_tag","embeddable":true,"href":"https:\/\/gazdasagportal.hu\/index.php\/wp-json\/wp\/v2\/tags?post=53395"}],"curies":[{"name":"wp","href":"https:\/\/api.w.org\/{rel}","templated":true}]}}