{"id":53390,"date":"2014-12-21T13:57:34","date_gmt":"2014-12-21T12:57:34","guid":{"rendered":"http:\/\/stockportal.hu\/?p=53390"},"modified":"2014-12-21T08:59:03","modified_gmt":"2014-12-21T07:59:03","slug":"basescu-szerint-elnoki-tevekenysege-utan-vesszot-nem-pedig-pontot-kell-tenni","status":"publish","type":"post","link":"https:\/\/gazdasagportal.hu\/index.php\/basescu-szerint-elnoki-tevekenysege-utan-vesszot-nem-pedig-pontot-kell-tenni\/","title":{"rendered":"Basescu szerint eln\u00f6ki tev\u00e9kenys\u00e9ge ut\u00e1n &#8222;vessz\u0151t, nem pedig pontot kell tenni&#8221;"},"content":{"rendered":"<p><strong>Az eln\u00f6ki hivatalb\u00f3l vas\u00e1rnap t\u00e1voz\u00f3 Traian Basescu rom\u00e1n \u00e1llamf\u0151 szerint ut\u00f3dj\u00e1nak egy biztons\u00e1gos, a teljes eur\u00f3pai uni\u00f3s integr\u00e1ci\u00f3hoz k\u00f6zel \u00e1ll\u00f3 jog\u00e1llamot ad \u00e1t, akinek &#8222;vessz\u0151t, nem pedig pontot&#8221; kell tennie az \u0151 t\u00edz\u00e9ves tev\u00e9kenys\u00e9ge ut\u00e1n.<br \/>\n<\/strong><!--more--><\/p>\n<div class=\"ads-in-post1\"><div id=\"gazdasagportal.hu_fullbanner_wideboard\"><\/div>\r\n<\/div>\n    Basescu szombaton utols\u00f3 eln\u00f6ki sajt\u00f3\u00e9rtekezlet\u00e9n az orsz\u00e1g helyzet\u00e9t \u00e9rt\u00e9kelve \u00fagy v\u00e9lekedett: ut\u00f3dj\u00e1nak, Klaus Iohannis megv\u00e1lasztott \u00e1llamf\u0151nek nem kell mindent el\u00f6lr\u0151l kezdenie, hanem a megl\u00e9v\u0151 t\u00f6rv\u00e9nyek \u00e9s int\u00e9zm\u00e9nyek hat\u00e9konys\u00e1g\u00e1t szem\u00e9lycser\u00e9kkel \u00e9s \u00faj c\u00e9lkit\u0171z\u00e9sek megfogalmaz\u00e1s\u00e1val kell jav\u00edtania.<br \/>\n    Basescu szerint Rom\u00e1nia ma egy biztons\u00e1gos orsz\u00e1g, amely mand\u00e1tum\u00e1nak t\u00edz \u00e9ve alatt NATO-tag\u00e1llamb\u00f3l, &#8222;megb\u00edzhat\u00f3 NATO-tag\u00e1llamm\u00e1&#8221; l\u00e9pett el\u0151 \u00e9s biztons\u00e1got &#8222;nemcsak fogyaszt\u00f3, hanem szolg\u00e1ltat\u00f3&#8221; orsz\u00e1gk\u00e9nt sz\u00e1m\u00edthat sz\u00f6vets\u00e9gesei, els\u0151sorban az Egyes\u00fclt \u00c1llamok t\u00e1mogat\u00e1s\u00e1ra. \u00dagy v\u00e9lte: Rom\u00e1ni\u00e1t nem fenyegeti orosz inv\u00e1zi\u00f3, vagy egy Moszkv\u00e1ban kidolgozott esetleges destabiliz\u00e1l\u00e1si terv, mert az orsz\u00e1gba telep\u00edtett rak\u00e9tav\u00e9delmi rendszer, az amerikai katon\u00e1k folyamatos jelenl\u00e9te \u00e9s a rom\u00e1n hadsereg h\u00e1bor\u00fas \u00f6vezetekben szerzett tapasztalata megv\u00e9di az orsz\u00e1got a &#8222;keleti szomsz\u00e9d agresszivit\u00e1s\u00e1t\u00f3l&#8221;.<br \/>\n    Basescu felid\u00e9zte, hogy Rom\u00e1nia 2007-ben, az \u0151 els\u0151 mand\u00e1tuma idej\u00e9n v\u00e1lt az Eur\u00f3pai Uni\u00f3 tagj\u00e1v\u00e1 \u00e9s az\u00f3ta siker\u00fclt integr\u00e1l\u00f3dnia az uni\u00f3s munkaer\u0151piacba, \u00e9s teljes\u00edtenie az eur\u00f3 bevezet\u00e9s\u00e9nek technikai felt\u00e9teleit. \u00dagy v\u00e9lte, re\u00e1lis c\u00e9lkit\u0171z\u00e9s, hogy Rom\u00e1nia 2019-t\u0151l az eur\u00f3-z\u00f3na r\u00e9sz\u00e9v\u00e9 v\u00e1ljon, \u00e9s az orsz\u00e1g arra is k\u00e9szen \u00e1ll, hogy felvegy\u00e9k a bels\u0151 hat\u00e1rellen\u0151rz\u00e9s n\u00e9lk\u00fcli schengeni \u00f6vezetbe.<br \/>\n    A t\u00e1voz\u00f3 \u00e1llamf\u0151 a jog\u00e1llamis\u00e1g megteremt\u00e9s\u00e9t, az igazs\u00e1gszolg\u00e1ltat\u00e1s \u00e9s korrupci\u00f3 elleni k\u00fczdelemben el\u00e9rt eredm\u00e9nyeket nevezte t\u00edz\u00e9ves tev\u00e9kenys\u00e9ge legfontosabb eredm\u00e9ny\u00e9nek. R\u00e1mutatott: a b\u00edr\u00e1k \u00e9s \u00fcgy\u00e9szek b\u00e1trabbak lettek, meg\u00e9rtett\u00e9k, hogy a t\u00f6rv\u00e9nyek betart\u00e1s\u00e1t a politikusokon is sz\u00e1mon kell k\u00e9rni. Basescu azt mondta: nagy el\u00e9gt\u00e9tel sz\u00e1m\u00e1ra, hogy a novemberi eln\u00f6kv\u00e1laszt\u00e1s \u00f3ta m\u00e1r az &#8222;\u00f6reg szoci\u00e1ldemokrat\u00e1k&#8221; is a jog\u00e1llam meger\u0151s\u00edt\u00e9s\u00e9r\u0151l sz\u00f3nokolnak.<br \/>\n    \u00dajs\u00e1g\u00edr\u00f3i k\u00e9rd\u00e9sre v\u00e1laszolva Basescu azt mondta, a v\u00e9dn\u00f6ks\u00e9g\u00e9vel alakult N\u00e9pi Mozgalom P\u00e1rtn\u00e1l lesz egy irod\u00e1ja, nem fog elt\u0171nni a politika sz\u00ednpad\u00e1r\u00f3l, de nem v\u00e1gyik a minisztereln\u00f6ki tiszts\u00e9gre.<br \/>\n    Legnagyobb kudarc\u00e1nak az egy\u00e9ni v\u00e1laszt\u00f3ker\u00fcletes rendszer felem\u00e1s bevezet\u00e9s\u00e9t nevezte, \u00e9s azt is elismerte, hogy mell\u00e9fogott egy-egy fontos tiszts\u00e9gvisel\u0151 kinevez\u00e9s\u00e9n\u00e9l.<br \/>\n    Iohannis \u00f6sszef\u00e9rhetetlens\u00e9gi \u00fcgy\u00e9r\u0151l \u00fagy v\u00e9lekedett: az ellene foly\u00f3 pernek semmilyen hat\u00e1sa nem lehet mand\u00e1tum\u00e1ra, mert az \u00e1llamf\u0151t csak \u00e1rul\u00e1s, vagy alkotm\u00e1nys\u00e9rt\u00e9s eset\u00e9n lehet lev\u00e1ltani.<br \/>\n    A novemberben megv\u00e1lasztott Klaus Iohannis vas\u00e1rnap teszi le a hivatali esk\u00fct a rom\u00e1n parlamentben \u00e9s kezdi meg \u00f6t\u00e9ves eln\u00f6ki mand\u00e1tum\u00e1t.(MTI)<\/p>\n","protected":false},"excerpt":{"rendered":"<p>Az eln\u00f6ki hivatalb\u00f3l vas\u00e1rnap t\u00e1voz\u00f3 Traian Basescu rom\u00e1n \u00e1llamf\u0151 szerint ut\u00f3dj\u00e1nak egy biztons\u00e1gos, a teljes eur\u00f3pai uni\u00f3s integr\u00e1ci\u00f3hoz k\u00f6zel \u00e1ll\u00f3 jog\u00e1llamot ad \u00e1t, akinek &#8222;vessz\u0151t, nem pedig pontot&#8221; kell tennie az \u0151 t\u00edz\u00e9ves tev\u00e9kenys\u00e9ge ut\u00e1n.<\/p>\n","protected":false},"author":1,"featured_media":0,"comment_status":"open","ping_status":"closed","sticky":false,"template":"","format":"standard","meta":[],"categories":[12],"tags":[],"_links":{"self":[{"href":"https:\/\/gazdasagportal.hu\/index.php\/wp-json\/wp\/v2\/posts\/53390"}],"collection":[{"href":"https:\/\/gazdasagportal.hu\/index.php\/wp-json\/wp\/v2\/posts"}],"about":[{"href":"https:\/\/gazdasagportal.hu\/index.php\/wp-json\/wp\/v2\/types\/post"}],"author":[{"embeddable":true,"href":"https:\/\/gazdasagportal.hu\/index.php\/wp-json\/wp\/v2\/users\/1"}],"replies":[{"embeddable":true,"href":"https:\/\/gazdasagportal.hu\/index.php\/wp-json\/wp\/v2\/comments?post=53390"}],"version-history":[{"count":1,"href":"https:\/\/gazdasagportal.hu\/index.php\/wp-json\/wp\/v2\/posts\/53390\/revisions"}],"predecessor-version":[{"id":53391,"href":"https:\/\/gazdasagportal.hu\/index.php\/wp-json\/wp\/v2\/posts\/53390\/revisions\/53391"}],"wp:attachment":[{"href":"https:\/\/gazdasagportal.hu\/index.php\/wp-json\/wp\/v2\/media?parent=53390"}],"wp:term":[{"taxonomy":"category","embeddable":true,"href":"https:\/\/gazdasagportal.hu\/index.php\/wp-json\/wp\/v2\/categories?post=53390"},{"taxonomy":"post_tag","embeddable":true,"href":"https:\/\/gazdasagportal.hu\/index.php\/wp-json\/wp\/v2\/tags?post=53390"}],"curies":[{"name":"wp","href":"https:\/\/api.w.org\/{rel}","templated":true}]}}