{"id":53388,"date":"2014-12-21T11:51:00","date_gmt":"2014-12-21T10:51:00","guid":{"rendered":"http:\/\/stockportal.hu\/?p=53388"},"modified":"2014-12-21T08:51:41","modified_gmt":"2014-12-21T07:51:41","slug":"jelentosen-novelte-sajat-kezelesben-levo-teruletenek-nagysagat-az-orsegi-nemzeti-park","status":"publish","type":"post","link":"https:\/\/gazdasagportal.hu\/index.php\/jelentosen-novelte-sajat-kezelesben-levo-teruletenek-nagysagat-az-orsegi-nemzeti-park\/","title":{"rendered":"Jelent\u0151sen n\u00f6velte saj\u00e1t kezel\u00e9sben l\u00e9v\u0151 ter\u00fclet\u00e9nek nagys\u00e1g\u00e1t az \u0150rs\u00e9gi Nemzeti Park"},"content":{"rendered":"<p><strong>F\u00f6ldv\u00e1s\u00e1rl\u00e1sokkal, csaknem a kor\u00e1bbi dupl\u00e1j\u00e1ra n\u00f6velte a saj\u00e1t kezel\u00e9s\u00e9ben l\u00e9v\u0151 f\u00f6ldter\u00fcletek nagys\u00e1g\u00e1t az \u0150rs\u00e9gi Nemzeti Park az elm\u00falt h\u00e1rom \u00e9vben &#8211; k\u00f6z\u00f6lte az MTI-vel Markovics Tibor, a nemzeti park igazgat\u00f3ja.<\/strong><!--more--><\/p>\n<div class=\"ads-in-post1\"><div id=\"gazdasagportal.hu_fullbanner_wideboard\"><\/div>\r\n<\/div>\n<p>    A korm\u00e1ny 2012-ben ind\u00edtotta \u00fajra a term\u00e9szetv\u00e9delmi oltalom alatt \u00e1ll\u00f3 term\u0151f\u00f6ldek felv\u00e1s\u00e1rl\u00e1s\u00e1t, Fazekas S\u00e1ndor f\u00f6ldm\u0171vel\u00e9s\u00fcgyi miniszter akkor janu\u00e1rban \u0150riszentp\u00e9teren jelentette be, hogy 550 milli\u00f3 forintot csoportos\u00edtottak \u00e1t annak \u00e9rdek\u00e9ben, hogy az \u0150rs\u00e9gi Nemzeti Park megkezdhesse a f\u00f6ldv\u00e1s\u00e1rl\u00e1st, nem titkolva azt sem, hogy az int\u00e9zked\u00e9s olyan f\u00f6ldter\u00fcleteket is \u00e9rint majd, amelyekre kor\u00e1bban k\u00fclf\u00f6ldiek &#8222;zsebszerz\u0151d\u00e9seket&#8221; k\u00f6t\u00f6ttek.<br \/>\n    Markovics Tibor ismertette: a program indul\u00e1sakor 636 hekt\u00e1rnyi f\u00f6ldet, majd tov\u00e1bbi 950 milli\u00f3 forintos t\u00e1mogat\u00e1sb\u00f3l 1064 hekt\u00e1rt, 2013-ban pedig 460 milli\u00f3 forintb\u00f3l 456 hekt\u00e1rt siker\u00fclt megv\u00e1s\u00e1rolniuk, id\u00e9n pedig 480 milli\u00f3 forintnyi forr\u00e1s \u00e1ll a rendelkez\u00e9s\u00fckre, amib\u0151l az \u00e9v v\u00e9g\u00e9ig 600 hekt\u00e1rnyi sz\u00e1nt\u00f3t, r\u00e9tet \u00e9s erd\u0151t v\u00e1s\u00e1rolnak meg, illetve saj\u00e1t\u00edtanak ki.<br \/>\n    Hozz\u00e1f\u0171zte: a f\u00f6ldv\u00e1s\u00e1rl\u00e1sok el\u0151tt az \u0150rs\u00e9gi Nemzeti Park saj\u00e1t kezel\u00e9s\u00e9ben 3 ezer hekt\u00e1rnyi term\u0151ter\u00fclet volt, \u00edgy ter\u00fclet\u00fcket tulajdonk\u00e9pp csaknem megdupl\u00e1zt\u00e1k.<br \/>\n    Arra, hogy a megv\u00e1s\u00e1rolt f\u00f6ldek k\u00f6z\u00fcl mekkora ar\u00e1nyt k\u00e9pviselnek azok a f\u00f6ldek, amelyekre kor\u00e1bban zsebszerz\u0151d\u00e9st k\u00f6t\u00f6ttek, az igazgat\u00f3 nem tudott pontos adatokkal szolg\u00e1lni, hiszen ezeket a f\u00f6ldeket \u00e9ppen a t\u00f6rv\u00e9nyi el\u0151\u00edr\u00e1sok kij\u00e1tsz\u00e1sa miatt sehol nem tartott\u00e1k nyilv\u00e1n az \u00e9rintettek \u00e9s eddig a b\u00edr\u00f3s\u00e1gok sem mondt\u00e1k ki, hogy a felek zsebszerz\u0151d\u00e9st k\u00f6t\u00f6ttek volna.<br \/>\n    Elmond\u00e1sa szerint t\u00f6bbsz\u00f6r tal\u00e1lkoztak azonban olyan szerz\u0151d\u00e9sekkel, amikor a megv\u00e1s\u00e1rolni, kisaj\u00e1t\u00edtani k\u00edv\u00e1nt, k\u00fclf\u00f6ldiek \u00e1ltal b\u00e9relt f\u00f6ldek jellemz\u0151en \u00fcgyv\u00e9dek nev\u00e9n voltak. Markovics Tibor \u00fagy becs\u00fclte: a megv\u00e1s\u00e1rolt ter\u00fcletek kevesebb mint fele lehet zsebszerz\u0151d\u00e9ssel \u00e9rintett.<br \/>\n    A nagyobb r\u00e9szt olyan ter\u00fcletek jelentett\u00e9k, amelyek kor\u00e1bban termel\u0151sz\u00f6vetkezetek tulajdon\u00e1ban voltak, majd osztatlan k\u00f6z\u00f6s tulajdonk\u00e9nt ker\u00fcltek az \u00faj tulajdonosokhoz, akik k\u00f6z\u00fcl sokan nem az \u0150rs\u00e9gben \u00e9lnek.<br \/>\n    Elmondta, volt olyan megv\u00e1s\u00e1rolt osztatlan erd\u0151ter\u00fclet, ami 248 tulajdonos nev\u00e9n volt, az ilyen erd\u0151kben term\u00e9szetesen nem folyt, nem folyhatott semmif\u00e9le szakszer\u0171 erd\u0151gazd\u00e1lkod\u00e1s.<br \/>\n    Markovics Tibor sz\u00f3lt arr\u00f3l is, hogy a megv\u00e1s\u00e1rolt sz\u00e1nt\u00f3k nagyobb r\u00e9sz\u00e9n a nemzeti park \u00e1ltal teny\u00e9sztett saj\u00e1t \u0151shonos \u00e1llat\u00e1llom\u00e1ny sz\u00e1m\u00e1ra termelnek takarm\u00e1nyt, m\u00e1s r\u00e9sz\u00fcket r\u00e9tt\u00e9, legel\u0151v\u00e9 alak\u00edtj\u00e1k, az erd\u0151kben pedig \u00fagynevezett sz\u00e1lal\u00f3 erd\u0151gazd\u00e1lkod\u00e1st folytatnak majd. De lesznek olyan viszonylag t\u00e1vol es\u0151 ter\u00fcletek is, amiket b\u00e9rbe adnak.<br \/>\n    Az igazgat\u00f3 szerint a f\u00f6ldv\u00e1s\u00e1rl\u00e1sokat 2015-ben is folytatja az \u0150rs\u00e9gi Nemzeti Park, \u00e1m az ehhez rendelkez\u00e9sre \u00e1ll\u00f3 p\u00e9nz \u00f6sszege egyel\u0151re m\u00e9g nem ismert.(MTI)<\/p>\n","protected":false},"excerpt":{"rendered":"<p>F\u00f6ldv\u00e1s\u00e1rl\u00e1sokkal, csaknem a kor\u00e1bbi dupl\u00e1j\u00e1ra n\u00f6velte a saj\u00e1t kezel\u00e9s\u00e9ben l\u00e9v\u0151 f\u00f6ldter\u00fcletek nagys\u00e1g\u00e1t az \u0150rs\u00e9gi Nemzeti Park az elm\u00falt h\u00e1rom \u00e9vben &#8211; k\u00f6z\u00f6lte az MTI-vel Markovics Tibor, a nemzeti park igazgat\u00f3ja.<\/p>\n","protected":false},"author":1,"featured_media":0,"comment_status":"open","ping_status":"closed","sticky":false,"template":"","format":"standard","meta":[],"categories":[4,19],"tags":[],"_links":{"self":[{"href":"https:\/\/gazdasagportal.hu\/index.php\/wp-json\/wp\/v2\/posts\/53388"}],"collection":[{"href":"https:\/\/gazdasagportal.hu\/index.php\/wp-json\/wp\/v2\/posts"}],"about":[{"href":"https:\/\/gazdasagportal.hu\/index.php\/wp-json\/wp\/v2\/types\/post"}],"author":[{"embeddable":true,"href":"https:\/\/gazdasagportal.hu\/index.php\/wp-json\/wp\/v2\/users\/1"}],"replies":[{"embeddable":true,"href":"https:\/\/gazdasagportal.hu\/index.php\/wp-json\/wp\/v2\/comments?post=53388"}],"version-history":[{"count":1,"href":"https:\/\/gazdasagportal.hu\/index.php\/wp-json\/wp\/v2\/posts\/53388\/revisions"}],"predecessor-version":[{"id":53389,"href":"https:\/\/gazdasagportal.hu\/index.php\/wp-json\/wp\/v2\/posts\/53388\/revisions\/53389"}],"wp:attachment":[{"href":"https:\/\/gazdasagportal.hu\/index.php\/wp-json\/wp\/v2\/media?parent=53388"}],"wp:term":[{"taxonomy":"category","embeddable":true,"href":"https:\/\/gazdasagportal.hu\/index.php\/wp-json\/wp\/v2\/categories?post=53388"},{"taxonomy":"post_tag","embeddable":true,"href":"https:\/\/gazdasagportal.hu\/index.php\/wp-json\/wp\/v2\/tags?post=53388"}],"curies":[{"name":"wp","href":"https:\/\/api.w.org\/{rel}","templated":true}]}}