{"id":53379,"date":"2014-12-21T04:22:27","date_gmt":"2014-12-21T03:22:27","guid":{"rendered":"http:\/\/stockportal.hu\/?p=53379"},"modified":"2014-12-21T04:22:44","modified_gmt":"2014-12-21T03:22:44","slug":"azt-kiabalta-hogy-allah-akbar-majd-lelotek","status":"publish","type":"post","link":"https:\/\/gazdasagportal.hu\/index.php\/azt-kiabalta-hogy-allah-akbar-majd-lelotek\/","title":{"rendered":"Azt kiab\u00e1lta, hogy Allah Akbar, majd lel\u0151t\u00e9k"},"content":{"rendered":"<p><strong>Meg\u00f6ltek francia rend\u0151r\u00f6k szombaton egy f\u00e9rfit az orsz\u00e1g nyugati r\u00e9sz\u00e9n tal\u00e1lhat\u00f3 Jou\u00e9-les-Tours rend\u0151r\u00f6rs\u00e9n, aki k\u00e9ssel t\u00e1madt r\u00e1juk, mik\u00f6zben azt kiab\u00e1lta, hogy Allah Akbar.<\/strong><!--more--><\/p>\n<div class=\"ads-in-post1\"><div id=\"gazdasagportal.hu_fullbanner_wideboard\"><\/div>\r\n<\/div>\n<p>    A p\u00e1rizsi \u00fcgy\u00e9szs\u00e9g terrorelh\u00e1r\u00edt\u00e1si r\u00e9szlege szerint ez a Sz\u00edri\u00e1ban \u00e9s Irakban ismert &#8222;Iszl\u00e1m \u00c1llam nev\u0171 dzsihadista csoportnak a rendfenntart\u00f3 er\u0151ket c\u00e9lz\u00f3 t\u00e1mad\u00e1si m\u00f3dj\u00e1ra eml\u00e9keztet&#8221;.<br \/>\n    A k\u00e9ssel felfegyverkezett f\u00e9rfi d\u00e9lut\u00e1n hatolt be a rend\u0151r\u00f6sre, a recepci\u00f3n \u00fcl\u0151 rend\u0151rt az arc\u00e1n k\u00e9ssel megsebes\u00edtette, majd k\u00e9t m\u00e1sik rend\u0151rre t\u00e1madt, miel\u0151tt azok a szolg\u00e1lati fegyver\u00fckkel lel\u0151tt\u00e9k &#8211; k\u00f6z\u00f6lte a bel\u00fcgyminiszt\u00e9rium.<br \/>\n    Bernard Cazeneuve bel\u00fcgyminiszter el\u00edt\u00e9lte a &#8222;durva t\u00e1mad\u00e1st&#8221;, \u00e9s \u00fcdv\u00f6z\u00f6lte &#8222;a jelen l\u00e9v\u0151 rend\u0151r\u00f6k hidegv\u00e9r\u00e9t \u00e9s professzionalizmus\u00e1t&#8221;.<br \/>\n    A megt\u00e1madott rend\u0151r\u00f6k s\u00falyosan megs\u00e9r\u00fcltek, de nincsenek \u00e9letvesz\u00e9lyben, \u00e9s az \u00fcgy\u00e9sz\u00e9g szerint &#8222;a jogos \u00f6nv\u00e9delem minden bizony\u00edt\u00e9ka&#8221; rendelkez\u00e9sre \u00e1ll a t\u00e1mad\u00f3 lel\u00f6v\u00e9s\u00e9nek indokl\u00e1s\u00e1ra.<br \/>\n    Az 1994-ben Burundiban sz\u00fcletett t\u00e1mad\u00f3 &#8211; akinek k\u00f6zt\u00f6rv\u00e9nyes b\u0171ncselekm\u00e9nyek miatt m\u00e1r volt dolga a rend\u0151rs\u00e9ggel &#8211; &#8222;att\u00f3l a pillanatt\u00f3l kezdve, hogy bel\u00e9pett a rend\u0151r\u0151rse, az utols\u00f3 lehelet\u00e9ig azt kiab\u00e1lta, hogy Allah Akbar&#8221;.<br \/>\n    A titkosszolg\u00e1latok nem tartott\u00e1k megfigyel\u00e9s alatt a t\u00e1mad\u00f3t, testv\u00e9r\u00e9t viszont megfigyelt\u00e9k radik\u00e1lis n\u00e9zetei \u00e9s amiatt, mert egy id\u0151ben csatlakozni akart a sz\u00edriai iszlamist\u00e1khoz, de v\u00e9g\u00fcl nem utazott el Sz\u00edri\u00e1ba.<br \/>\n    &#8222;A nyomoz\u00f3k azt felt\u00e9telezik, hogy a radik\u00e1lis iszlamizmus \u00e1ltal motiv\u00e1lt, rend\u0151r\u00f6k elleni mer\u00e9nylet t\u00f6rt\u00e9nt&#8221; &#8211; hangs\u00falyozt\u00e1k rend\u0151rs\u00e9gi forr\u00e1sok.<br \/>\n    Az \u00fcgyben terrorizmussal kapcsolatos, b\u0171nsz\u00f6vetkezetben elk\u00f6vetett ember\u00f6l\u00e9si k\u00eds\u00e9rlet gyan\u00faj\u00e1val indult elj\u00e1r\u00e1s.<br \/>\n    Az Iszl\u00e1m \u00c1llam arra buzd\u00edtja a dzsih\u00e1dra jelentkez\u0151ket, hogy amennyiben nem \u00e1ll m\u00f3djukban a &#8222;dzsih\u00e1d f\u00f6ldj\u00e9re&#8221; utazniuk, ind\u00edtsanak t\u00e1mad\u00e1sokat &#8222;hitetlenek&#8221;, katon\u00e1k, rend\u0151r\u00f6k vagy \u00e9ppen civilek ellen. A dzsihadista csoport a nemzetk\u00f6zi koal\u00edci\u00f3 Irakban ind\u00edtott l\u00e9gi csap\u00e1saikor c\u00e9lpontk\u00e9nt jel\u00f6lte meg Franciaorsz\u00e1got.(MTI)<\/p>\n","protected":false},"excerpt":{"rendered":"<p>Meg\u00f6ltek francia rend\u0151r\u00f6k szombaton egy f\u00e9rfit az orsz\u00e1g nyugati r\u00e9sz\u00e9n tal\u00e1lhat\u00f3 Jou\u00e9-les-Tours rend\u0151r\u00f6rs\u00e9n, aki k\u00e9ssel t\u00e1madt r\u00e1juk, mik\u00f6zben azt kiab\u00e1lta, hogy Allah Akbar.<\/p>\n","protected":false},"author":1,"featured_media":0,"comment_status":"open","ping_status":"closed","sticky":false,"template":"","format":"standard","meta":[],"categories":[12],"tags":[],"_links":{"self":[{"href":"https:\/\/gazdasagportal.hu\/index.php\/wp-json\/wp\/v2\/posts\/53379"}],"collection":[{"href":"https:\/\/gazdasagportal.hu\/index.php\/wp-json\/wp\/v2\/posts"}],"about":[{"href":"https:\/\/gazdasagportal.hu\/index.php\/wp-json\/wp\/v2\/types\/post"}],"author":[{"embeddable":true,"href":"https:\/\/gazdasagportal.hu\/index.php\/wp-json\/wp\/v2\/users\/1"}],"replies":[{"embeddable":true,"href":"https:\/\/gazdasagportal.hu\/index.php\/wp-json\/wp\/v2\/comments?post=53379"}],"version-history":[{"count":1,"href":"https:\/\/gazdasagportal.hu\/index.php\/wp-json\/wp\/v2\/posts\/53379\/revisions"}],"predecessor-version":[{"id":53380,"href":"https:\/\/gazdasagportal.hu\/index.php\/wp-json\/wp\/v2\/posts\/53379\/revisions\/53380"}],"wp:attachment":[{"href":"https:\/\/gazdasagportal.hu\/index.php\/wp-json\/wp\/v2\/media?parent=53379"}],"wp:term":[{"taxonomy":"category","embeddable":true,"href":"https:\/\/gazdasagportal.hu\/index.php\/wp-json\/wp\/v2\/categories?post=53379"},{"taxonomy":"post_tag","embeddable":true,"href":"https:\/\/gazdasagportal.hu\/index.php\/wp-json\/wp\/v2\/tags?post=53379"}],"curies":[{"name":"wp","href":"https:\/\/api.w.org\/{rel}","templated":true}]}}