{"id":53365,"date":"2014-12-21T04:04:41","date_gmt":"2014-12-21T03:04:41","guid":{"rendered":"http:\/\/stockportal.hu\/?p=53365"},"modified":"2014-12-20T20:35:17","modified_gmt":"2014-12-20T19:35:17","slug":"rogan-antal-kesz-a-birosag-elott-is-megvedeni-az-v-keruleti-onkormanyzatot","status":"publish","type":"post","link":"https:\/\/gazdasagportal.hu\/index.php\/rogan-antal-kesz-a-birosag-elott-is-megvedeni-az-v-keruleti-onkormanyzatot\/","title":{"rendered":"Rog\u00e1n Antal k\u00e9sz a b\u00edr\u00f3s\u00e1g el\u0151tt is megv\u00e9deni az V. ker\u00fcleti \u00f6nkorm\u00e1nyzatot"},"content":{"rendered":"<p><strong>Rog\u00e1n Antal, a Fidesz frakci\u00f3vezet\u0151je k\u00e9sz arra, hogy a b\u00edr\u00f3s\u00e1g el\u0151tt is megv\u00e9dje a kor\u00e1bban \u00e1ltala vezetett V. ker\u00fcleti \u00f6nkorm\u00e1nyzatot a &#8222;nyilv\u00e1nval\u00f3 r\u00e1galmakkal&#8221; szemben.<\/strong><!--more--><\/p>\n<div class=\"ads-in-post1\"><div id=\"gazdasagportal.hu_fullbanner_wideboard\"><\/div>\r\n<\/div>\n<p>    A Fidesz-frakci\u00f3 \u00e1ltal az MTI-hez szombaton eljuttatott k\u00f6zlem\u00e9ny\u00e9ben Rog\u00e1n Antal arra reag\u00e1lt, hogy a Demokratikus Koal\u00edci\u00f3 (DK) szerint ki kell vizsg\u00e1lni a f\u0151v\u00e1rosi V. ker\u00fcleti &#8222;ingatlanpanam\u00e1t&#8221;. Az ellenz\u00e9ki p\u00e1rt ezzel kapcsolatban m\u00e1r feljelent\u00e9st tett a Legf\u0151bb \u00dcgy\u00e9szs\u00e9gen.<br \/>\n    &#8222;A Demokratikus Koal\u00edci\u00f3 ellen m\u00e1r pert ind\u00edtottam, most ugyanezeket a r\u00e1galmakat ism\u00e9tlik tov\u00e1bb. K\u00e9szen \u00e1llok arra, hogy a b\u00edr\u00f3s\u00e1g el\u0151tt is megv\u00e9djem Belv\u00e1ros \u00f6nkorm\u00e1nyzat\u00e1t a nyilv\u00e1nval\u00f3 r\u00e1galmakkal szemben&#8221; &#8211; tudatta Rog\u00e1n Antal.<br \/>\n    K\u00f6z\u00f6lte: minden b\u00e9rl\u0151nek ugyanannyi kedvezm\u00e9nyt adtak, \u00e9s mindenki csak a jogszab\u00e1lyokban biztos\u00edtott kedvezm\u00e9nyt kaphatta meg.<br \/>\n    Azt \u00edrta: a Belv\u00e1ros jogszab\u00e1lyait \u00e9s vagyongazd\u00e1lkod\u00e1s\u00e1t a Gyurcs\u00e1ny- \u00e9s Bajnai-korm\u00e1nyok hat\u00f3s\u00e1gai, k\u00f6zigazgat\u00e1si hivatalai rendszeresen vizsg\u00e1lt\u00e1k \u00e9s rendben tal\u00e1lt\u00e1k. &#8222;Sem engem, sem az \u00f6nkorm\u00e1nyzatot semmilyen vizsg\u00e1lat sor\u00e1n nem marasztaltak el&#8221; &#8211; tette hozz\u00e1.<br \/>\n    Rog\u00e1n Antal szerint a belv\u00e1rosi \u00f6nkorm\u00e1nyzatot az\u00f3ta t\u00e1madj\u00e1k, ami\u00f3ta \u0151 a Fidesz frakci\u00f3vezet\u0151je. &#8222;A politikai h\u00e1ts\u00f3 sz\u00e1nd\u00e9k, a minden\u00e1ron val\u00f3 lej\u00e1rat\u00e1s k\u00eds\u00e9rlete nyilv\u00e1nval\u00f3, mondhatni, kil\u00f3g a l\u00f3l\u00e1b a lej\u00e1rat\u00f3 k\u00f6zlem\u00e9nyek \u00e9s cikkek m\u00f6g\u00fcl&#8221; &#8211; \u00edrta Rog\u00e1n Antal, hozz\u00e1t\u00e9ve, hogy ennek &#8222;\u00e9kes p\u00e9ld\u00e1ja&#8221;, amikor megpr\u00f3b\u00e1lt\u00e1k \u00f6sszemosni a nev\u00e9t az alvil\u00e1ggal, \u00e9s miut\u00e1n pereket ind\u00edtott emiatt, &#8222;Portik Tam\u00e1s rokonai egy csap\u00e1sra \u00e1tv\u00e1ltoztak Habony \u00c1rp\u00e1d rokonaiv\u00e1&#8221;.<br \/>\n    K\u00f6z\u00f6lte, b\u00fcszke arra, hogy polg\u00e1rmesters\u00e9ge alatt a Belv\u00e1ros  meg\u00fajult \u00e9s Budapest leggyorsabban fejl\u0151d\u0151 ker\u00fclete lett. Ebben az id\u0151szakban a Belv\u00e1ros vagyona n\u0151tt, \u00e9s nem cs\u00f6kkent &#8211; emelte ki Rog\u00e1n Antal, aki szerint ha rosszul gazd\u00e1lkodtak volna, ez nyilv\u00e1nval\u00f3an ford\u00edtva lenne.<br \/>\n    &#8222;Minden forintot visszaford\u00edtottunk a Belv\u00e1ros fejleszt\u00e9s\u00e9re, vagy az ott \u00e9l\u0151k t\u00e1mogat\u00e1s\u00e1ra. Szoci\u00e1lis boltok ny\u00edltak, t\u00e1mogattuk az id\u0151seket \u00e9s a gyereket nevel\u0151 csal\u00e1dokat&#8221; &#8211; \u00e1ll a k\u00f6zlem\u00e9nyben.<br \/>\n    Varju L\u00e1szl\u00f3, a DK eln\u00f6ks\u00e9g\u00e9nek tagja szombati budapesti sajt\u00f3t\u00e1j\u00e9koztat\u00f3j\u00e1n arr\u00f3l besz\u00e9lt, hogy Rog\u00e1n Antal kor\u00e1bbi belv\u00e1rosi polg\u00e1rmester &#8222;Portik Tam\u00e1s \u00e9rdekelts\u00e9gi k\u00f6r\u00e9be tartoz\u00f3 c\u00e9gnek adott el 54,2 milli\u00f3 forint\u00e9rt egy becsl\u00e9sek szerint 127 milli\u00f3t \u00e9r\u0151 ingatlant a K\u00e1roly k\u00f6r\u00faton&#8221;, \u00e9s ebben a konkr\u00e9t \u00fcgyben juttattak el feljelent\u00e9st a Legf\u0151bb \u00dcgy\u00e9szs\u00e9ghez. Hozz\u00e1tette: folyamatosan der\u00fclnek ki az \u00fajabb \u00fcgyek, ez\u00e9rt azokat is meg kell vizsg\u00e1lnia az \u00f6nkorm\u00e1nyzatnak is.     Azt mondta, a belv\u00e1rosi \u00f6nkorm\u00e1nyzat az elm\u00falt \u00e9vek alatt t\u00f6bb mint k\u00e9tsz\u00e1z ingatlant adott el \u00e1ron alul, \u00fagy, hogy n\u00e9h\u00e1ny havi b\u00e9rlet ut\u00e1n kedvezm\u00e9nyes \u00e1ron megvehett\u00e9k a b\u00e9rl\u0151k az \u00e9p\u00fcletet, \u00e9p\u00fcletr\u00e9szt. Ezzel mintegy 4 milli\u00e1rd forint k\u00e1rt okoztak \u2013 k\u00f6z\u00f6lte Varju L\u00e1szl\u00f3.(MTI)<\/p>\n","protected":false},"excerpt":{"rendered":"<p>Rog\u00e1n Antal, a Fidesz frakci\u00f3vezet\u0151je k\u00e9sz arra, hogy a b\u00edr\u00f3s\u00e1g el\u0151tt is megv\u00e9dje a kor\u00e1bban \u00e1ltala vezetett V. ker\u00fcleti \u00f6nkorm\u00e1nyzatot a &#8222;nyilv\u00e1nval\u00f3 r\u00e1galmakkal&#8221; szemben.<\/p>\n","protected":false},"author":1,"featured_media":0,"comment_status":"open","ping_status":"closed","sticky":false,"template":"","format":"standard","meta":[],"categories":[18],"tags":[],"_links":{"self":[{"href":"https:\/\/gazdasagportal.hu\/index.php\/wp-json\/wp\/v2\/posts\/53365"}],"collection":[{"href":"https:\/\/gazdasagportal.hu\/index.php\/wp-json\/wp\/v2\/posts"}],"about":[{"href":"https:\/\/gazdasagportal.hu\/index.php\/wp-json\/wp\/v2\/types\/post"}],"author":[{"embeddable":true,"href":"https:\/\/gazdasagportal.hu\/index.php\/wp-json\/wp\/v2\/users\/1"}],"replies":[{"embeddable":true,"href":"https:\/\/gazdasagportal.hu\/index.php\/wp-json\/wp\/v2\/comments?post=53365"}],"version-history":[{"count":1,"href":"https:\/\/gazdasagportal.hu\/index.php\/wp-json\/wp\/v2\/posts\/53365\/revisions"}],"predecessor-version":[{"id":53366,"href":"https:\/\/gazdasagportal.hu\/index.php\/wp-json\/wp\/v2\/posts\/53365\/revisions\/53366"}],"wp:attachment":[{"href":"https:\/\/gazdasagportal.hu\/index.php\/wp-json\/wp\/v2\/media?parent=53365"}],"wp:term":[{"taxonomy":"category","embeddable":true,"href":"https:\/\/gazdasagportal.hu\/index.php\/wp-json\/wp\/v2\/categories?post=53365"},{"taxonomy":"post_tag","embeddable":true,"href":"https:\/\/gazdasagportal.hu\/index.php\/wp-json\/wp\/v2\/tags?post=53365"}],"curies":[{"name":"wp","href":"https:\/\/api.w.org\/{rel}","templated":true}]}}