{"id":53363,"date":"2014-12-21T03:53:01","date_gmt":"2014-12-21T02:53:01","guid":{"rendered":"http:\/\/stockportal.hu\/?p=53363"},"modified":"2014-12-21T04:04:34","modified_gmt":"2014-12-21T03:04:34","slug":"dk-ki-kell-vizsgalni-az-v-keruleti-ingatlanpanamat","status":"publish","type":"post","link":"https:\/\/gazdasagportal.hu\/index.php\/dk-ki-kell-vizsgalni-az-v-keruleti-ingatlanpanamat\/","title":{"rendered":"Ki kell vizsg\u00e1lni az V. ker\u00fcleti ingatlanpanam\u00e1t"},"content":{"rendered":"<p><strong>A Demokratikus Koal\u00edci\u00f3 (DK) szerint ki kell vizsg\u00e1lni a f\u0151v\u00e1rosi V. ker\u00fcleti \u201cingatlanpanam\u00e1t\u201d, a p\u00e1rt ezzel kapcsolatban m\u00e1r feljelent\u00e9st tett a Legf\u0151bb \u00dcgy\u00e9szs\u00e9gen \u2013 k\u00f6z\u00f6lte Varju L\u00e1szl\u00f3, a p\u00e1rt eln\u00f6ks\u00e9g\u00e9nek tagja szombati budapesti sajt\u00f3t\u00e1j\u00e9koztat\u00f3j\u00e1n.<\/strong><!--more--><\/p>\n<div class=\"ads-in-post1\"><div id=\"gazdasagportal.hu_fullbanner_wideboard\"><\/div>\r\n<\/div>\n<p>A politikus elmond\u00e1sa szerint Rog\u00e1n Antal kor\u00e1bbi belv\u00e1rosi polg\u00e1rmester &#8222;Portik Tam\u00e1s \u00e9rdekelts\u00e9gi k\u00f6r\u00e9be tartoz\u00f3 c\u00e9gnek adott el 54,2 milli\u00f3 forint\u00e9rt egy becsl\u00e9sek szerint 127 milli\u00f3t \u00e9r\u0151 ingatlant a K\u00e1roly k\u00f6r\u00faton&#8221;, \u00e9s ebben a konkr\u00e9t \u00fcgyben juttattak el feljelent\u00e9st a Legf\u0151bb \u00dcgy\u00e9szs\u00e9ghez. Hozz\u00e1tette: folyamatosan der\u00fclnek ki az \u00fajabb \u00fcgyek, ez\u00e9rt azokat is meg kell vizsg\u00e1lnia az \u00f6nkorm\u00e1nyzatnak is. \u00a0\u00a0\u00a0\u00a0Azt mondta, a belv\u00e1rosi \u00f6nkorm\u00e1nyzat az elm\u00falt \u00e9vek alatt t\u00f6bb mint k\u00e9tsz\u00e1z ingatlant adott el \u00e1ron alul, \u00fagy, hogy n\u00e9h\u00e1ny havi b\u00e9rlet ut\u00e1n kedvezm\u00e9nyes \u00e1ron megvehett\u00e9k a b\u00e9rl\u0151k az \u00e9p\u00fcletet, \u00e9p\u00fcletr\u00e9szt. Ezzel mintegy 4 milli\u00e1rd forint k\u00e1rt okoztak \u2013 k\u00f6z\u00f6lte Varju L\u00e1szl\u00f3. \u00a0\u00a0\u00a0\u00a0A N\u00e9pszabads\u00e1g szombati sz\u00e1m\u00e1ban \u00edrt arr\u00f3l, hogy csaknem n\u00e9gymilli\u00e1rd forint kedvezm\u00e9nyt adott a belv\u00e1rosi \u00f6nkorm\u00e1nyzat az ut\u00f3bbi hat \u00e9vben \u00fczlethelyis\u00e9gek b\u00e9rl\u0151inek, hogy megv\u00e1s\u00e1rolj\u00e1k az \u00e1ltaluk haszn\u00e1lt ingatlant. A cikk szerint t\u00f6bb c\u00e9g t\u00edzmilli\u00f3kat nyert azzal, hogy n\u00e9h\u00e1ny h\u00f3nap ut\u00e1n megkapta a b\u00e9rl\u0151knek j\u00e1r\u00f3 30 sz\u00e1zal\u00e9kos kedvezm\u00e9nyt. Az V. ker\u00fcleti \u00f6nkorm\u00e1nyzat k\u00e9tsz\u00e1zhetvenh\u00e9t nem lak\u00e1sc\u00e9l\u00fa helyis\u00e9get adott el p\u00e1ly\u00e1ztat\u00e1s n\u00e9lk\u00fcl 2008 \u00e9s 2013 k\u00f6z\u00f6tt.<br \/>\nBelv\u00e1ros-Lip\u00f3tv\u00e1ros \u00d6nkorm\u00e1nyzata erre reag\u00e1lva azt hangs\u00falyozta, hogy minden, \u00e1ltaluk meg\u00e1llap\u00edtott kedvezm\u00e9ny jogszab\u00e1lyokon alapszik. &#8222;A belv\u00e1rosi vagyongazd\u00e1lkod\u00e1s hat\u00e9konys\u00e1g\u00e1t \u00e9ppen az mutatja, hogy Belv\u00e1ros- Lip\u00f3tv\u00e1ros \u00d6nkorm\u00e1nyzat\u00e1nak k\u00f6nyv szerinti vagyona 2009-hez k\u00e9pest n\u0151tt \u00e9s nem cs\u00f6kkent&#8221; &#8211; \u00edrt\u00e1k k\u00f6zlem\u00e9ny\u00fckben.<br \/>\nRog\u00e1n Antal p\u00e9nteken azt k\u00f6z\u00f6lte, hogy \u00fajabb jogi l\u00e9p\u00e9seket tesz a DK ellen, miut\u00e1n Varju L\u00e1szl\u00f3 egy aznapi k\u00f6zlem\u00e9nyben arr\u00f3l \u00edrt, hogy az V. ker\u00fcleti \u00f6nkorm\u00e1nyzat \u00e1ron alul \u00e9rt\u00e9kes\u00edtett egy ingatlant egy Portik Tam\u00e1shoz k\u00f6thet\u0151 szem\u00e9lynek abban az id\u0151szakban, amikor m\u00e9g a Fidesz frakci\u00f3vezet\u0151je volt a ker\u00fclet polg\u00e1rmestere.<br \/>\nRog\u00e1n Antal k\u00f6zlem\u00e9ny\u00e9ben eml\u00e9keztetett arra, hogy a DK-val szemben r\u00e1galmaz\u00e1s \u00e9s becs\u00fclets\u00e9rt\u00e9s miatt kor\u00e1bban m\u00e1r jogi elj\u00e1r\u00e1st ind\u00edtott. Hangs\u00falyozza: a h\u00e9t elej\u00e9n egy\u00e9rtelm\u0171en kider\u00fclt, hogy minden olyan \u00e1ll\u00edt\u00e1s, amelyben kor\u00e1bban r\u00e1galmazt\u00e1k \u00e9s a nev\u00e9t megpr\u00f3b\u00e1lt\u00e1k \u00f6sszemosni Portik Tam\u00e1ssal \u00e9s az alvil\u00e1ggal, nyilv\u00e1nval\u00f3an hazugs\u00e1g. R\u00f6gz\u00edtette, hogy az \u00e1ltala vezetett \u00f6nkorm\u00e1nyzat mindenben a jogszab\u00e1lyoknak \u00e9s a hat\u00e1lyos \u00f6nkorm\u00e1nyzati rendeleteknek megfelel\u0151en j\u00e1rt el, \u00e9s soha nem \u00e1polt kapcsolatot Portik Tam\u00e1ssal vagy rokonaival.<br \/>\nVarju L\u00e1szl\u00f3 p\u00e9nteken jelentette be, hogy h\u0171tlen kezel\u00e9s gyan\u00faja miatt feljelent\u00e9st tettek ismeretlen tettesek ellen, mert az V. ker\u00fcleti \u00f6nkorm\u00e1nyzat kor\u00e1bban 54,2 milli\u00f3 forint\u00e9rt adott el egy \u00fczlethelyis\u00e9get.<br \/>\nP\u00e1pa Marianne, a Classic Immo Kft. tulajdonosa, akivel az V. ker\u00fcleti \u00f6nkorm\u00e1nyzat \u00fczleti kapcsolatban \u00e1llt, kedden k\u00f6zlem\u00e9nyben tudatta, hogy sem a m\u00faltban, sem jelenleg nem \u00e1llt \u00e9s nem \u00e1ll sem \u00e9lett\u00e1rsi, sem \u00fczleti kapcsolatban Portik Tam\u00e1ssal.<br \/>\nRog\u00e1n Antal ugyanaznap szint\u00e9n k\u00f6zlem\u00e9nyt adott ki, amelyben azt \u00edrta, egy\u00e9rtelm\u0171en kider\u00fclt, hazugs\u00e1g minden olyan \u00e1ll\u00edt\u00e1s, amelyben megpr\u00f3b\u00e1lt\u00e1k \u00f6sszef\u00fcgg\u00e9sbe hozni \u0151t Portik Tam\u00e1ssal. Kiemelte: sem \u0151, sem az \u00e1ltala vezetett \u00f6nkorm\u00e1nyzat soha, semmilyen m\u00f3don nem \u00e1llt \u00fczleti kapcsolatban Portik Tam\u00e1ssal.(MTI)<\/p>\n<p>&nbsp;<\/p><div id=\"gazda-1099802979\" class=\"gazda-tartalomban gazda-entity-placement\"><script async src=\"https:\/\/pagead2.googlesyndication.com\/pagead\/js\/adsbygoogle.js\"><\/script>\r\n<ins class=\"adsbygoogle\"\r\n     style=\"display:block\"\r\n     data-ad-format=\"fluid\"\r\n     data-ad-layout-key=\"-6t+ed+2i-1n-4w\"\r\n     data-ad-client=\"ca-pub-1959107119989764\"\r\n     data-ad-slot=\"4008251320\"><\/ins>\r\n<script>\r\n     (adsbygoogle = window.adsbygoogle || []).push({});\r\n<\/script><\/div>\n","protected":false},"excerpt":{"rendered":"<p>A Demokratikus Koal\u00edci\u00f3 (DK) szerint ki kell vizsg\u00e1lni a f\u0151v\u00e1rosi V. ker\u00fcleti \u201cingatlanpanam\u00e1t\u201d, a p\u00e1rt ezzel kapcsolatban m\u00e1r feljelent\u00e9st tett a Legf\u0151bb \u00dcgy\u00e9szs\u00e9gen \u2013 k\u00f6z\u00f6lte Varju L\u00e1szl\u00f3, a p\u00e1rt eln\u00f6ks\u00e9g\u00e9nek tagja szombati budapesti sajt\u00f3t\u00e1j\u00e9koztat\u00f3j\u00e1n.<\/p>\n","protected":false},"author":1,"featured_media":0,"comment_status":"open","ping_status":"closed","sticky":false,"template":"","format":"standard","meta":[],"categories":[18],"tags":[],"_links":{"self":[{"href":"https:\/\/gazdasagportal.hu\/index.php\/wp-json\/wp\/v2\/posts\/53363"}],"collection":[{"href":"https:\/\/gazdasagportal.hu\/index.php\/wp-json\/wp\/v2\/posts"}],"about":[{"href":"https:\/\/gazdasagportal.hu\/index.php\/wp-json\/wp\/v2\/types\/post"}],"author":[{"embeddable":true,"href":"https:\/\/gazdasagportal.hu\/index.php\/wp-json\/wp\/v2\/users\/1"}],"replies":[{"embeddable":true,"href":"https:\/\/gazdasagportal.hu\/index.php\/wp-json\/wp\/v2\/comments?post=53363"}],"version-history":[{"count":2,"href":"https:\/\/gazdasagportal.hu\/index.php\/wp-json\/wp\/v2\/posts\/53363\/revisions"}],"predecessor-version":[{"id":53382,"href":"https:\/\/gazdasagportal.hu\/index.php\/wp-json\/wp\/v2\/posts\/53363\/revisions\/53382"}],"wp:attachment":[{"href":"https:\/\/gazdasagportal.hu\/index.php\/wp-json\/wp\/v2\/media?parent=53363"}],"wp:term":[{"taxonomy":"category","embeddable":true,"href":"https:\/\/gazdasagportal.hu\/index.php\/wp-json\/wp\/v2\/categories?post=53363"},{"taxonomy":"post_tag","embeddable":true,"href":"https:\/\/gazdasagportal.hu\/index.php\/wp-json\/wp\/v2\/tags?post=53363"}],"curies":[{"name":"wp","href":"https:\/\/api.w.org\/{rel}","templated":true}]}}