{"id":5327,"date":"2013-03-15T20:49:00","date_gmt":"2013-03-15T19:49:00","guid":{"rendered":"http:\/\/stockportal.hu\/?p=5327"},"modified":"2013-03-15T22:09:49","modified_gmt":"2013-03-15T21:09:49","slug":"megerositik-az-amerikai-nyugati-part-raketavedelmet-eszak-koreaval-szemben","status":"publish","type":"post","link":"https:\/\/gazdasagportal.hu\/index.php\/megerositik-az-amerikai-nyugati-part-raketavedelmet-eszak-koreaval-szemben\/","title":{"rendered":"Meger\u0151s\u00edtik az amerikai nyugati part rak\u00e9tav\u00e9delm\u00e9t \u00c9szak-Kore\u00e1val szemben"},"content":{"rendered":"<p><strong>Tizenn\u00e9gy f\u00f6ldi telep\u00edt\u00e9s\u0171 rak\u00e9taelfog\u00f3 egys\u00e9ggel er\u0151s\u00edti meg a nyugati partvid\u00e9kre telep\u00edtett v\u00e9delmi rendszer\u00e9t a n\u00f6vekv\u0151 \u00e9szak-koreai interkontinent\u00e1lis rak\u00e9tafenyeget\u00e9ssel szemben az Egyes\u00fclt \u00c1llamok &#8211; jelentette be p\u00e9nteken Chuck Hagel amerikai v\u00e9delmi miniszter.<!--more--><\/strong><\/p>\n<p>Ezzel 44-re n\u0151 a nyugati partvid\u00e9kre \u00e9s Alaszk\u00e1ba telep\u00edtett rak\u00e9taelfog\u00f3 egys\u00e9gek sz\u00e1ma. A v\u00e9delmi rendszert, amelynek az a feladata, hogy megsemmis\u00edtse a had\u00e1szati rak\u00e9t\u00e1kat, miel\u0151tt azok el\u00e9rik az Egyes\u00fclt \u00c1llamok ter\u00fclet\u00e9t, George W. Bush eln\u00f6ks\u00e9ge idej\u00e9n, 2004-ben hozt\u00e1k l\u00e9tre. A b\u0151v\u00edt\u00e9st a tervek szerint 2017-ben fejezik be.<br \/>\nHagel szerint az amerikai rak\u00e9tav\u00e9delmi rendszer b\u0151v\u00edt\u00e9s\u00e9nek c\u00e9lja, hogy az Egyes\u00fclt \u00c1llamok a fenyeget\u00e9sek el\u0151tt j\u00e1rjon, \u00e9s bebiztos\u00edtsa mag\u00e1t minden v\u00e1ratlan helyzettel szemben. A miniszter r\u00e1mutatott, hogy a l\u00e9tez\u0151 amerikai v\u00e9delmi rendszerek csak egy &#8222;korl\u00e1tozott&#8221; ballisztikus rak\u00e9tat\u00e1mad\u00e1s ellen k\u00e9pesek v\u00e9delmet ny\u00fajtani. A Pentagon vezet\u0151je bejelentette, hogy az Egyes\u00fclt \u00c1llamok az \u00e9szak-koreai rak\u00e9t\u00e1k korai \u00e9szlel\u00e9s\u00e9nek jav\u00edt\u00e1sa \u00e9rdek\u00e9ben egy\u00fctt fog m\u0171k\u00f6dni Jap\u00e1nnal a radarkapacit\u00e1sok n\u00f6vel\u00e9se \u00e9rdek\u00e9ben.<br \/>\nAz int\u00e9zked\u00e9s r\u00e9szek\u00e9nt a CNN h\u00edrtelev\u00edzi\u00f3 \u00e9rtes\u00fcl\u00e9se szerint \u00fajb\u00f3l megnyitj\u00e1k az alaszkai Fort Greely rak\u00e9tab\u00e1zist, \u00e9s \u00faj v\u00e9delmi eszk\u00f6z\u00f6ket telep\u00edtenek Kaliforni\u00e1ba is. Hagel elismerte, hogy az rak\u00e9taelfog\u00f3 egys\u00e9gek c\u00e9lravezet\u00e9si rendszer\u00e9vel m\u00e9g m\u0171szaki gondok vannak, \u00e9s meg\u00edg\u00e9rte, hogy addig nem v\u00e9gzik el a 14 objektum telep\u00edt\u00e9s\u00e9t, am\u00edg meg nem gy\u0151z\u0151dnek annak hat\u00e9konys\u00e1g\u00e1r\u00f3l.<br \/>\n\u00c9szak-Korea decemberben sikeresen \u00e1ll\u00edtotta F\u00f6ld k\u00f6r\u00fcli p\u00e1ly\u00e1ra els\u0151 m\u0171holdj\u00e1t, amit gyakorlatilag az interkontinent\u00e1lis ballisztikus rak\u00e9t\u00e1kn\u00e1l is alkalmazott technol\u00f3gia seg\u00edts\u00e9g\u00e9vel val\u00f3s\u00edtott meg. A kommunista rezsim emellett febru\u00e1rban hajtotta v\u00e9gre harmadik k\u00eds\u00e9rleti atomrobbant\u00e1s\u00e1t.<br \/>\nPhenjan nemr\u00e9giben, az ellene bevezetett biztons\u00e1gi tan\u00e1csi ENSZ-szankci\u00f3k nyom\u00e1n azzal fenyeget\u0151z\u00f6tt, hogy Sz\u00f6ul &#8222;l\u00e1ngtengerr\u00e9&#8221; v\u00e1lik, illetve megel\u0151z\u0151 nukle\u00e1ris t\u00e1mad\u00e1sokat int\u00e9z Washington ellen. \u00c9szak-Korea bejelentette tov\u00e1bb\u00e1, hogy felmondja a koreai h\u00e1bor\u00fat lez\u00e1r\u00f3 fegyversz\u00fcneti egyezm\u00e9nyt, \u00e9s \u00e9rv\u00e9nytelennek tekinti a Koreai-f\u00e9lsziget atomfegyver-mentess\u00e9g\u00e9t kimond\u00f3 k\u00f6z\u00f6s nyilatkozatot.<br \/>\nEgy \u00e9szak-koreai t\u00e1bornok azt \u00e1ll\u00edtotta, hogy a haz\u00e1ja kil\u00f6v\u00e9sre k\u00e9sz, nukle\u00e1ris robban\u00f3t\u00f6ltettel felszerelt ballisztikus rak\u00e9t\u00e1kkal rendelkezik.<br \/>\nBarack Obama amerikai eln\u00f6k a h\u00e9ten az ABC telev\u00edzi\u00f3nak nyilatkozva kijelentette: nem hiszi, hogy \u00c9szak-Korea val\u00f3ra tudja v\u00e1ltani fenyeget\u00e9seit, de &#8211; mint mondta &#8211; &#8222;nem szeretj\u00fck a hibahat\u00e1rt&#8221;.<br \/>\nIr\u00e1n 2009 \u00f3ta k\u00e9pes m\u0171holdat p\u00e1ly\u00e1ra \u00e1ll\u00edtani, \u00e9s a nyugati \u00e1llamok szerint ugyancsak atomfegyver el\u0151\u00e1ll\u00edt\u00e1s\u00e1n dolgozik. Ezt a v\u00e1dat Teher\u00e1n tagadja.(MTI)<\/p>\n","protected":false},"excerpt":{"rendered":"<p>Tizenn\u00e9gy f\u00f6ldi telep\u00edt\u00e9s\u0171 rak\u00e9taelfog\u00f3 egys\u00e9ggel er\u0151s\u00edti meg a nyugati partvid\u00e9kre telep\u00edtett v\u00e9delmi rendszer\u00e9t a n\u00f6vekv\u0151 \u00e9szak-koreai interkontinent\u00e1lis rak\u00e9tafenyeget\u00e9ssel szemben az Egyes\u00fclt \u00c1llamok &#8211; jelentette be p\u00e9nteken Chuck Hagel amerikai v\u00e9delmi miniszter.<\/p>\n","protected":false},"author":1,"featured_media":1306,"comment_status":"open","ping_status":"open","sticky":false,"template":"","format":"standard","meta":[],"categories":[13,1],"tags":[],"_links":{"self":[{"href":"https:\/\/gazdasagportal.hu\/index.php\/wp-json\/wp\/v2\/posts\/5327"}],"collection":[{"href":"https:\/\/gazdasagportal.hu\/index.php\/wp-json\/wp\/v2\/posts"}],"about":[{"href":"https:\/\/gazdasagportal.hu\/index.php\/wp-json\/wp\/v2\/types\/post"}],"author":[{"embeddable":true,"href":"https:\/\/gazdasagportal.hu\/index.php\/wp-json\/wp\/v2\/users\/1"}],"replies":[{"embeddable":true,"href":"https:\/\/gazdasagportal.hu\/index.php\/wp-json\/wp\/v2\/comments?post=5327"}],"version-history":[{"count":3,"href":"https:\/\/gazdasagportal.hu\/index.php\/wp-json\/wp\/v2\/posts\/5327\/revisions"}],"predecessor-version":[{"id":5329,"href":"https:\/\/gazdasagportal.hu\/index.php\/wp-json\/wp\/v2\/posts\/5327\/revisions\/5329"}],"wp:featuredmedia":[{"embeddable":true,"href":"https:\/\/gazdasagportal.hu\/index.php\/wp-json\/wp\/v2\/media\/1306"}],"wp:attachment":[{"href":"https:\/\/gazdasagportal.hu\/index.php\/wp-json\/wp\/v2\/media?parent=5327"}],"wp:term":[{"taxonomy":"category","embeddable":true,"href":"https:\/\/gazdasagportal.hu\/index.php\/wp-json\/wp\/v2\/categories?post=5327"},{"taxonomy":"post_tag","embeddable":true,"href":"https:\/\/gazdasagportal.hu\/index.php\/wp-json\/wp\/v2\/tags?post=5327"}],"curies":[{"name":"wp","href":"https:\/\/api.w.org\/{rel}","templated":true}]}}