{"id":53129,"date":"2014-12-18T11:58:40","date_gmt":"2014-12-18T10:58:40","guid":{"rendered":"http:\/\/stockportal.hu\/?p=53129"},"modified":"2014-12-18T11:58:40","modified_gmt":"2014-12-18T10:58:40","slug":"ukran-valsag-szakertok-veszelyes-lehet-putyint-sarokba-szoritani","status":"publish","type":"post","link":"https:\/\/gazdasagportal.hu\/index.php\/ukran-valsag-szakertok-veszelyes-lehet-putyint-sarokba-szoritani\/","title":{"rendered":"Ukr\u00e1n v\u00e1ls\u00e1g &#8211; Szak\u00e9rt\u0151k: vesz\u00e9lyes lehet Putyint sarokba szor\u00edtani"},"content":{"rendered":"<p><strong>Vesz\u00e9lyes lehet Vlagyimir Puytin orosz eln\u00f6k sarokba szor\u00edt\u00e1sa az ukrajnai helyzettel kapcsolatban, ugyanakkor a v\u00e1ls\u00e1g intenzit\u00e1sa cs\u00f6kkent az elm\u00falt id\u0151ben &#8211; hangzott el egy az ukrajnai helyzetr\u0151l rendezett besz\u00e9lget\u00e9sen, cs\u00fct\u00f6rt\u00f6k\u00f6n Budapesten.<\/strong><!--more--><\/p>\n<div class=\"ads-in-post1\"><div id=\"gazdasagportal.hu_fullbanner_wideboard\"><\/div>\r\n<\/div>\n<p>    Az Euro-atlanti Integr\u00e1ci\u00f3 \u00e9s Demokr\u00e1cia K\u00f6zpont (CEID) \u00e1ltal rendezett esem\u00e9nyen R\u00e1cz Andr\u00e1s, a CEID munkat\u00e1rsa kiemelte: nem l\u00e1tni, befagyott konfliktus lesz-e az ukrajnai v\u00e1ls\u00e1gb\u00f3l, de az biztos, hogy az elm\u00falt h\u00f3napokban cs\u00f6kkent az intenzit\u00e1sa. Ugyan nem \u00e9rv\u00e9nyes\u00fcl t\u00f6k\u00e9letesen a t\u0171zsz\u00fcnet, de szeptembert\u0151l cs\u00f6kkent a harcok intenzit\u00e1sa Kelet-Ukrajn\u00e1ban &#8211; mondta.<br \/>\n    K\u00f6z\u00f6lte: a nem regul\u00e1ris hader\u0151k sosem tudnak tart\u00f3san megtartani egy ter\u00fcletet a regul\u00e1ris er\u0151kkel szemben, \u00e9s ez az orosz szeparatist\u00e1kra is igaz. A fontosabb g\u00f3cpontok k\u00f6z\u00f6tt eml\u00edtette a donyecki rep\u00fcl\u0151teret, amelyr\u0151l &#8211; b\u00e1r m\u00e1r nem m\u0171k\u00f6dik val\u00f3di rep\u00fcl\u0151t\u00e9rk\u00e9nt &#8211; a  szeparatist\u00e1k nem tehetik meg, hogy lemondanak.<br \/>\n    R\u00e1cz Andr\u00e1s szerint az ukr\u00e1n er\u0151k nagy vesztes\u00e9geket szenvedtek, ez\u00e9rt a r\u00e9sz\u00fckr\u0151l kiz\u00e1rt a katonai megold\u00e1sa konfliktusnak. Ugyanakkor az orosz er\u0151k is jelent\u0151s vesztes\u00e9geket k\u00f6nyvelhetnek el, m\u00e9g ha hivatalosan nincsenek is jelen Ukrajn\u00e1ban &#8211; mondta.<br \/>\n    Arra is kit\u00e9rt, hogy Moszkva hatalmas politikai \u00e9s gazdas\u00e1gi \u00e1rat fizet az ukr\u00e1n v\u00e1ls\u00e1g\u00e9rt.<br \/>\n    \u00dagy l\u00e1tja, az ukrajnai \u00e1talakul\u00e1st illet\u0151en nagyon lassan mutatkoznak meg az eredm\u00e9nyek, t\u00fcrelmesnek kell lenni, mert nincs m\u00e1s lehet\u0151s\u00e9g, mint t\u00e1mogatni a jelenlegi elitet, amelyet &#8222;t\u00f6bb\u00e9-kev\u00e9sb\u00e9 demokratikusan t\u00f6bb\u00e9-kev\u00e9sb\u00e9 megv\u00e1lasztottak&#8221; az emberek.<br \/>\n    A szak\u00e9rt\u0151 megjegyezte: az ukr\u00e1n v\u00e1ls\u00e1g nem hasonl\u00edthat\u00f3 a t\u00e9rs\u00e9g befagyott konfliktus\u00e1hoz, a transznyisztriai helyzethez, mert Transznyisztri\u00e1ban az identit\u00e1s r\u00e9sze, hogy nem fogadj\u00e1k el Moldova ir\u00e1ny\u00edt\u00e1s\u00e1t, m\u00edg Kelet-Ukrajn\u00e1ban nincs identit\u00e1sbeli alapja a k\u00fcl\u00f6n\u00e1ll\u00e1snak.<br \/>\n    Gyarmati Istv\u00e1n, a Demokratikus \u00c1talakul\u00e1s\u00e9rt Int\u00e9zet (ICDT) eln\u00f6ke \u00fagy v\u00e9lte, vannak hat\u00e1rai az orosz agresszi\u00f3nak, \u00e9s m\u00e1r k\u00f6zel \u00e1llunk ezek el\u00e9r\u00e9s\u00e9hez. A legvesz\u00e9lyesebb forgat\u00f3k\u00f6nyv ugyanakkor az lehet, ha Vlagyimir Putyint sarokba szor\u00edtj\u00e1k, mert akkor kisz\u00e1m\u00edthatatlanul, agressz\u00edven viselkedhet &#8211; mondta.<br \/>\n    Megjegyezte: mindazon\u00e1ltal a vil\u00e1gpolitik\u00e1ban jelenleg nem Oroszorsz\u00e1g jelenti a legnagyobb vesz\u00e9lyt, hanem az iszl\u00e1m fundamentalizmus, amelyet els\u0151sorban az Iszl\u00e1m \u00c1llam testes\u00edt meg.<br \/>\n    De\u00e1k Andr\u00e1s, a Magyar Tudom\u00e1nyos Akad\u00e9mia K\u00f6zgazdas\u00e1g- \u00e9s Region\u00e1lis Tudom\u00e1nyi Kutat\u00f3k\u00f6zpont Vil\u00e1ggazdas\u00e1gi Int\u00e9zet\u00e9nek tudom\u00e1nyos f\u0151munkat\u00e1rsa arr\u00f3l besz\u00e9lt, hogy Moszkva nem mutat rugalmass\u00e1got a g\u00e1zsz\u00e1ll\u00edt\u00e1st illet\u0151en, egy\u00e9rtelm\u0171v\u00e9 tette, hogy csak akkor ad g\u00e1zt Ukrajn\u00e1nak, ha az rendben fizet, ingyen biztosan nem. Ha viszont nincs gond a fizet\u00e9ssel, Oroszorsz\u00e1g mindenk\u00e9ppen sz\u00e1ll\u00edt g\u00e1zt &#8211; mondta.<br \/>\n    \u00dagy v\u00e9lte, jelenleg az Ukrajna \u00e9s a Nyugat &#8211; els\u0151sorban a Nemzetk\u00f6zi Valutaalap &#8211; k\u00f6z\u00f6tti egy\u00fcttm\u0171k\u00f6d\u00e9sen m\u00falik, Ukrajna tud-e fizetni.<br \/>\n    De\u00e1k Andr\u00e1s szerint mindenk\u00e9ppen sz\u00fcks\u00e9g lenne legal\u00e1bb egy szektorra az ukr\u00e1n gazdas\u00e1gban, amely a n\u00f6veked\u00e9s forr\u00e1sa lehet, de egyel\u0151re nem l\u00e1tszik, melyik szektor t\u00f6lthetn\u00e9 be ezt a szerepet.(MTI)<\/p>\n","protected":false},"excerpt":{"rendered":"<p>Vesz\u00e9lyes lehet Vlagyimir Puytin orosz eln\u00f6k sarokba szor\u00edt\u00e1sa az ukrajnai helyzettel kapcsolatban, ugyanakkor a v\u00e1ls\u00e1g intenzit\u00e1sa cs\u00f6kkent az elm\u00falt id\u0151ben &#8211; hangzott el egy az ukrajnai helyzetr\u0151l rendezett besz\u00e9lget\u00e9sen, cs\u00fct\u00f6rt\u00f6k\u00f6n Budapesten.<\/p>\n","protected":false},"author":1,"featured_media":0,"comment_status":"open","ping_status":"closed","sticky":false,"template":"","format":"standard","meta":[],"categories":[139],"tags":[244,413],"_links":{"self":[{"href":"https:\/\/gazdasagportal.hu\/index.php\/wp-json\/wp\/v2\/posts\/53129"}],"collection":[{"href":"https:\/\/gazdasagportal.hu\/index.php\/wp-json\/wp\/v2\/posts"}],"about":[{"href":"https:\/\/gazdasagportal.hu\/index.php\/wp-json\/wp\/v2\/types\/post"}],"author":[{"embeddable":true,"href":"https:\/\/gazdasagportal.hu\/index.php\/wp-json\/wp\/v2\/users\/1"}],"replies":[{"embeddable":true,"href":"https:\/\/gazdasagportal.hu\/index.php\/wp-json\/wp\/v2\/comments?post=53129"}],"version-history":[{"count":1,"href":"https:\/\/gazdasagportal.hu\/index.php\/wp-json\/wp\/v2\/posts\/53129\/revisions"}],"predecessor-version":[{"id":53130,"href":"https:\/\/gazdasagportal.hu\/index.php\/wp-json\/wp\/v2\/posts\/53129\/revisions\/53130"}],"wp:attachment":[{"href":"https:\/\/gazdasagportal.hu\/index.php\/wp-json\/wp\/v2\/media?parent=53129"}],"wp:term":[{"taxonomy":"category","embeddable":true,"href":"https:\/\/gazdasagportal.hu\/index.php\/wp-json\/wp\/v2\/categories?post=53129"},{"taxonomy":"post_tag","embeddable":true,"href":"https:\/\/gazdasagportal.hu\/index.php\/wp-json\/wp\/v2\/tags?post=53129"}],"curies":[{"name":"wp","href":"https:\/\/api.w.org\/{rel}","templated":true}]}}