{"id":5304,"date":"2013-03-15T14:30:51","date_gmt":"2013-03-15T13:30:51","guid":{"rendered":"http:\/\/stockportal.hu\/?p=5304"},"modified":"2013-03-15T14:40:58","modified_gmt":"2013-03-15T13:40:58","slug":"visszatert-a-2008-as-valsag-elotti-szintre-a-tokioi-ertektozsde-indexe","status":"publish","type":"post","link":"https:\/\/gazdasagportal.hu\/index.php\/visszatert-a-2008-as-valsag-elotti-szintre-a-tokioi-ertektozsde-indexe\/","title":{"rendered":"Visszat\u00e9rt a 2008-as v\u00e1ls\u00e1g el\u0151tti szintre a toki\u00f3i \u00e9rt\u00e9kt\u0151zsde indexe"},"content":{"rendered":"<p><strong>N\u00e9gy \u00e9s f\u00e9l \u00e9ves cs\u00facson z\u00e1rt, ezzel visszat\u00e9rt a 2008-as v\u00e1ls\u00e1g el\u0151tti szintre a toki\u00f3i \u00e9rt\u00e9kt\u0151zsde indexe a jegybank monet\u00e1ris laz\u00edt\u00e1s\u00e1t \u00f6vez\u0151 v\u00e1rakoz\u00e1snak \u00e9s a javul\u00f3 jap\u00e1n gazdas\u00e1gi kil\u00e1t\u00e1soknak k\u00f6sz\u00f6nhet\u0151en.<!--more--><\/strong><\/p>\n<p>A t\u0151zsde vezet\u0151 r\u00e9szv\u00e9nyeinek \u00e1rfolyam\u00e1t k\u00f6vet\u0151 Nikkei225 index 179,76 ponttal, 1,45 sz\u00e1zal\u00e9kkal 12 560,95 pontra emelkedett, amely 2008. szeptember 8. \u00f3ta a leger\u0151sebb z\u00e1r\u00e1s volt Toki\u00f3ban.<br \/>\nA t\u0151zsde els\u0151 szekci\u00f3j\u00e1n jegyzett \u00f6sszes r\u00e9szv\u00e9ny \u00e1rfolyam\u00e1t k\u00f6vet\u0151 Topix index 13,48 ponttal, 1,3 sz\u00e1zal\u00e9kkal 1051,65 pontra n\u0151tt.<br \/>\nA toki\u00f3i t\u0151zsde az eg\u00e9sz h\u00e9ten sz\u00e1rnyalt, p\u00e9nteken els\u0151sorban Kuroda Haruhiko jegybankeln\u00f6ki, illetve Ivata Kikuo \u00e9s Nakaszo Hirosi aleln\u00f6ki kinevez\u00e9s\u00e9nek parlamenti j\u00f3v\u00e1hagy\u00e1sa miatt. A Bank of Japan \u00faj vezet\u0151i h\u00e1rmas\u00e1t\u00f3l a piacok gyors \u00e9s agressz\u00edv monet\u00e1ris laz\u00edt\u00f3int\u00e9zked\u00e9seket v\u00e1rnak, miut\u00e1n kor\u00e1bban jelezt\u00e9k: mindent meg fognak tenni a szigetorsz\u00e1got m\u00e1sf\u00e9l \u00e9vtizede s\u00fajt\u00f3 defl\u00e1ci\u00f3 let\u00f6r\u00e9se \u00e9s a janu\u00e1rban bejelentett 2 sz\u00e1zal\u00e9kos infl\u00e1ci\u00f3s c\u00e9l el\u00e9r\u00e9se \u00e9rdek\u00e9ben.<br \/>\nA piacok szint\u00e9n pozit\u00edvan reag\u00e1ltak Abe Sindz\u00f3 minisztereln\u00f6k azon p\u00e9nteki bejelent\u00e9s\u00e9re, miszerint Jap\u00e1n csatlakozik a Csendes-\u00f3ce\u00e1ni Partners\u00e9g (Trans-Pacific Partnership &#8211; TPP) nev\u0171 szabadkereskedelmi t\u00e1rgyal\u00e1shoz. Elemz\u0151k szerint az igen z\u00e1rt jap\u00e1n piac megnyit\u00e1sa nagyon lend\u00edthet az orsz\u00e1g k\u00e9t \u00e9vtizede stagn\u00e1l\u00f3 gazdas\u00e1g\u00e1n, m\u00edg a szabadkereskedelmi egyezm\u00e9ny megk\u00f6t\u00e9se eset\u00e9n a jap\u00e1n export\u0151r\u00f6k k\u00f6nnyebben f\u00e9rhetn\u00e9nek hozz\u00e1 az Egyes\u00fclt \u00c1llamok \u00e9s t\u00edz tov\u00e1bbi latin-amerikai \u00e9s kelet-\u00e1zsiai orsz\u00e1g piacaihoz.<br \/>\nA legt\u00f6bbet az export\u0151r\u00f6k pap\u00edrjainak \u00e9rt\u00e9kei emelkedtek, amelyek profitj\u00e1ra a TPP mellett j\u00f3t\u00e9konyan hathat a korm\u00e1ny \u00e9s a jegybank jengyeng\u00edt\u0151 p\u00e9nz\u00fcgypolitik\u00e1ja is. A Sony r\u00e9szv\u00e9nyeinek \u00e9rt\u00e9ke p\u00e9ld\u00e1ul 11 sz\u00e1zal\u00e9kkal n\u0151tt a p\u00e9nteken.<br \/>\nSzint\u00e9n nyeres\u00e9geket k\u00f6nyveltek el a haj\u00f3z\u00e1si c\u00e9gek a n\u00f6vekv\u0151 kereskedelmi forgalomra vonatkoz\u00f3 v\u00e1rakoz\u00e1sok miatt.<br \/>\nEgyes elemz\u0151k szerint az \u00faj korm\u00e1ny december v\u00e9gi hivatalba l\u00e9p\u00e9se \u00f3ta folyamatosan er\u0151s\u00f6d\u0151 t\u0151zsdeindex m\u00e1r-m\u00e1r a jap\u00e1n r\u00e9szv\u00e9nypiac t\u00falhev\u00fcl\u00e9s\u00e9re enged k\u00f6vetkeztetni, ugyanakkor a tengerent\u00fali piacok ezzel p\u00e1rhuzamos emelked\u00e9se h\u00e1tszelet ad a jap\u00e1n pap\u00edroknak.(MTI)<\/p>\n","protected":false},"excerpt":{"rendered":"<p>N\u00e9gy \u00e9s f\u00e9l \u00e9ves cs\u00facson z\u00e1rt, ezzel visszat\u00e9rt a 2008-as v\u00e1ls\u00e1g el\u0151tti szintre a toki\u00f3i \u00e9rt\u00e9kt\u0151zsde indexe a jegybank monet\u00e1ris laz\u00edt\u00e1s\u00e1t \u00f6vez\u0151 v\u00e1rakoz\u00e1snak \u00e9s a javul\u00f3 jap\u00e1n gazdas\u00e1gi kil\u00e1t\u00e1soknak k\u00f6sz\u00f6nhet\u0151en.<\/p>\n","protected":false},"author":1,"featured_media":5307,"comment_status":"open","ping_status":"open","sticky":false,"template":"","format":"standard","meta":[],"categories":[14,1],"tags":[],"_links":{"self":[{"href":"https:\/\/gazdasagportal.hu\/index.php\/wp-json\/wp\/v2\/posts\/5304"}],"collection":[{"href":"https:\/\/gazdasagportal.hu\/index.php\/wp-json\/wp\/v2\/posts"}],"about":[{"href":"https:\/\/gazdasagportal.hu\/index.php\/wp-json\/wp\/v2\/types\/post"}],"author":[{"embeddable":true,"href":"https:\/\/gazdasagportal.hu\/index.php\/wp-json\/wp\/v2\/users\/1"}],"replies":[{"embeddable":true,"href":"https:\/\/gazdasagportal.hu\/index.php\/wp-json\/wp\/v2\/comments?post=5304"}],"version-history":[{"count":3,"href":"https:\/\/gazdasagportal.hu\/index.php\/wp-json\/wp\/v2\/posts\/5304\/revisions"}],"predecessor-version":[{"id":5306,"href":"https:\/\/gazdasagportal.hu\/index.php\/wp-json\/wp\/v2\/posts\/5304\/revisions\/5306"}],"wp:featuredmedia":[{"embeddable":true,"href":"https:\/\/gazdasagportal.hu\/index.php\/wp-json\/wp\/v2\/media\/5307"}],"wp:attachment":[{"href":"https:\/\/gazdasagportal.hu\/index.php\/wp-json\/wp\/v2\/media?parent=5304"}],"wp:term":[{"taxonomy":"category","embeddable":true,"href":"https:\/\/gazdasagportal.hu\/index.php\/wp-json\/wp\/v2\/categories?post=5304"},{"taxonomy":"post_tag","embeddable":true,"href":"https:\/\/gazdasagportal.hu\/index.php\/wp-json\/wp\/v2\/tags?post=5304"}],"curies":[{"name":"wp","href":"https:\/\/api.w.org\/{rel}","templated":true}]}}