{"id":53038,"date":"2014-12-17T14:02:30","date_gmt":"2014-12-17T13:02:30","guid":{"rendered":"http:\/\/stockportal.hu\/?p=53038"},"modified":"2014-12-17T13:49:07","modified_gmt":"2014-12-17T12:49:07","slug":"vasarnapi-pihenonap-ngm-munkaerohiany-van-a-kereskedelemben","status":"publish","type":"post","link":"https:\/\/gazdasagportal.hu\/index.php\/vasarnapi-pihenonap-ngm-munkaerohiany-van-a-kereskedelemben\/","title":{"rendered":"Vas\u00e1rnapi pihen\u0151nap &#8211; NGM: munkaer\u0151hi\u00e1ny van a kereskedelemben"},"content":{"rendered":"<p><strong>A kereskedelemben \u00e1ltal\u00e1noss\u00e1gban munkaer\u0151hi\u00e1ny van, ez\u00e9rt Czomba S\u00e1ndor, a Nemzetgazdas\u00e1gi Miniszt\u00e9rium (NGM) \u00e1llamtitk\u00e1ra nem sz\u00e1m\u00edt elbocs\u00e1t\u00e1sokra a vas\u00e1rnapi pihen\u0151nap bevezet\u00e9se miatt &#8211; k\u00f6z\u00f6lte a miniszt\u00e9rium szerd\u00e1n az MTI-vel.<\/strong><!--more--><\/p>\n<div class=\"ads-in-post1\"><div id=\"gazdasagportal.hu_fullbanner_wideboard\"><\/div>\r\n<\/div>\n<p>    &#8222;Minden f\u00e9lre\u00e9rt\u00e9s elker\u00fcl\u00e9se v\u00e9gett, semminem\u0171 adat nem \u00e1ll rendelkez\u00e9sre arr\u00f3l, hogy elbocs\u00e1t\u00e1sok lesznek&#8221; &#8211; hangs\u00falyozt\u00e1k. A k\u00f6zlem\u00e9nyben megjegyezt\u00e9k, a k\u00fclf\u00f6ldi p\u00e9ld\u00e1k is azt mutatj\u00e1k, hogy sem a kereskedelmi \u00e1ruk mennyis\u00e9ge, sem a v\u00e1s\u00e1rl\u00f3k sz\u00e1ma nem v\u00e1ltozik azzal, hogy 7 napr\u00f3l 6 napra cs\u00f6kkent a nyitvatart\u00e1si id\u0151. Ezzel ellent\u00e9tben, ezeken a helyeken a 6 napra jut\u00f3 t\u00f6bbletv\u00e1s\u00e1rl\u00e1s a nyitvatart\u00e1si id\u0151 m\u00f3dos\u00edt\u00e1s\u00e1t, azaz t\u00f6bb m\u0171szak bevezet\u00e9s\u00e9t eredm\u00e9nyezte &#8211; fogalmazott az NGM.<br \/>\n    A miniszt\u00e9rium azt k\u00f6vet\u0151en juttatta el k\u00f6zlem\u00e9ny\u00e9t az MTI-hez, hogy a Czomba S\u00e1ndor a H\u00edr TV Magyarorsz\u00e1g \u00e9l\u0151ben c\u00edm\u0171 m\u0171sor\u00e1ban kedden este riogat\u00e1snak nevezte a 20-30 ezres elbocs\u00e1t\u00e1sr\u00f3l sz\u00f3l\u00f3 besz\u00e1mol\u00f3kat. &#8222;Azt, hogy 20-30 ezer ember fogja elvesz\u00edteni az \u00e1ll\u00e1st, azt \u00e9n nem tartom re\u00e1lisnak&#8221; &#8211; mondta, arra a k\u00e9rd\u00e9sre pedig, hogy mennyit tart re\u00e1lisnak, \u00fagy felelt, hogy &#8222;nyilv\u00e1n, ha egy ember elveszti a munkahely\u00e9t, az is rossz mindenki sz\u00e1m\u00e1ra, f\u0151leg annak, akit \u00e9rint. \u00c9n nagys\u00e1grendileg j\u00f3val kevesebb emberre gondolok&#8221;.<br \/>\n    Szavait t\u00f6bb h\u00edrport\u00e1l is azzal a c\u00edmmel id\u00e9zte: hogy a miniszt\u00e9rium is elismerte, hogy lesznek elbocs\u00e1t\u00e1sok a vas\u00e1rnapi z\u00e1rva tart\u00e1s miatt.(MTI)<\/p>\n","protected":false},"excerpt":{"rendered":"<p>A kereskedelemben \u00e1ltal\u00e1noss\u00e1gban munkaer\u0151hi\u00e1ny van, ez\u00e9rt Czomba S\u00e1ndor, a Nemzetgazdas\u00e1gi Miniszt\u00e9rium (NGM) \u00e1llamtitk\u00e1ra nem sz\u00e1m\u00edt elbocs\u00e1t\u00e1sokra a vas\u00e1rnapi pihen\u0151nap bevezet\u00e9se miatt &#8211; k\u00f6z\u00f6lte a miniszt\u00e9rium szerd\u00e1n az MTI-vel.<\/p>\n","protected":false},"author":1,"featured_media":0,"comment_status":"open","ping_status":"closed","sticky":false,"template":"","format":"standard","meta":[],"categories":[19],"tags":[],"_links":{"self":[{"href":"https:\/\/gazdasagportal.hu\/index.php\/wp-json\/wp\/v2\/posts\/53038"}],"collection":[{"href":"https:\/\/gazdasagportal.hu\/index.php\/wp-json\/wp\/v2\/posts"}],"about":[{"href":"https:\/\/gazdasagportal.hu\/index.php\/wp-json\/wp\/v2\/types\/post"}],"author":[{"embeddable":true,"href":"https:\/\/gazdasagportal.hu\/index.php\/wp-json\/wp\/v2\/users\/1"}],"replies":[{"embeddable":true,"href":"https:\/\/gazdasagportal.hu\/index.php\/wp-json\/wp\/v2\/comments?post=53038"}],"version-history":[{"count":1,"href":"https:\/\/gazdasagportal.hu\/index.php\/wp-json\/wp\/v2\/posts\/53038\/revisions"}],"predecessor-version":[{"id":53039,"href":"https:\/\/gazdasagportal.hu\/index.php\/wp-json\/wp\/v2\/posts\/53038\/revisions\/53039"}],"wp:attachment":[{"href":"https:\/\/gazdasagportal.hu\/index.php\/wp-json\/wp\/v2\/media?parent=53038"}],"wp:term":[{"taxonomy":"category","embeddable":true,"href":"https:\/\/gazdasagportal.hu\/index.php\/wp-json\/wp\/v2\/categories?post=53038"},{"taxonomy":"post_tag","embeddable":true,"href":"https:\/\/gazdasagportal.hu\/index.php\/wp-json\/wp\/v2\/tags?post=53038"}],"curies":[{"name":"wp","href":"https:\/\/api.w.org\/{rel}","templated":true}]}}