{"id":53030,"date":"2014-12-17T12:19:27","date_gmt":"2014-12-17T11:19:27","guid":{"rendered":"http:\/\/stockportal.hu\/?p=53030"},"modified":"2014-12-17T12:19:27","modified_gmt":"2014-12-17T11:19:27","slug":"kke-kina-csucs-orban-elerkeztunk-az-eu-kina-egyuttmukodes-legfontosabb-pillanatahoz","status":"publish","type":"post","link":"https:\/\/gazdasagportal.hu\/index.php\/kke-kina-csucs-orban-elerkeztunk-az-eu-kina-egyuttmukodes-legfontosabb-pillanatahoz\/","title":{"rendered":"KKE-K\u00edna-cs\u00facs &#8211; Orb\u00e1n: el\u00e9rkezt\u00fcnk az EU-K\u00edna egy\u00fcttm\u0171k\u00f6d\u00e9s legfontosabb pillanat\u00e1hoz"},"content":{"rendered":"<p><strong>Az Eur\u00f3pai Uni\u00f3 \u00e9s K\u00ednai k\u00f6z\u00f6tti egy\u00fcttm\u0171k\u00f6d\u00e9s legfontosabb pillanat\u00e1hoz \u00e9rkezt\u00fcnk el azzal, hogy al\u00e1\u00edrtuk a Belgr\u00e1d \u00e9s Budapest k\u00f6z\u00f6tti vas\u00fatvonal ki\u00e9p\u00edt\u00e9s\u00e9r\u0151l sz\u00f3l\u00f3 meg\u00e1llapod\u00e1st &#8211; hangs\u00falyozta Orb\u00e1n Viktor minisztereln\u00f6k szerd\u00e1n Belgr\u00e1dban a dokumentum al\u00e1\u00edr\u00e1s\u00e1t k\u00f6vet\u0151en.<\/strong><br \/>\n<!--more--><br \/>\n<div class=\"ads-in-post1\"><div id=\"gazdasagportal.hu_fullbanner_wideboard\"><\/div>\r\n<\/div>\n<p>A gyorsvas\u00fat ki\u00e9p\u00edt\u00e9s\u00e9r\u0151l sz\u00f3l\u00f3 meg\u00e1llapod\u00e1st Magyarorsz\u00e1g, Szerbia, K\u00edna \u00e9s Maced\u00f3nia korm\u00e1nyf\u0151je l\u00e1tta el k\u00e9zjegy\u00e9vel.<br \/>\nOrb\u00e1n Viktor kiemelte: ez a vas\u00fatvonal v\u00e9gre lehet\u0151v\u00e9 teszi majd, hogy Magyarorsz\u00e1g kedvez\u0151 fekv\u00e9s\u00e9t a megfelel\u0151 m\u00f3don haszn\u00e1lj\u00e1k ki. &#8222;Magyarorsz\u00e1g fekv\u00e9se eddig legink\u00e1bb azt hozta mag\u00e1val, hogy mindenfajta hadseregek mentek kereszt\u00fcl az orsz\u00e1gon, \u00fagy \u00e9rezz\u00fck, hogy most v\u00e9gre pozit\u00edv ir\u00e1nyban v\u00e1ltozik a t\u00f6rt\u00e9nelem, mert \u00e1ruk fognak kereszt\u00fclmenni \u00e9s vas\u00fatvonal fog kereszt\u00fclmenni Magyarorsz\u00e1gon&#8221; &#8211; fogalmazott a korm\u00e1nyf\u0151.<br \/>\nEz a meg\u00e1llapod\u00e1s t\u00falmutat \u00f6nmag\u00e1n, mert \u00edgy &#8222;siker\u00fcl megmutatnunk, hogy mi az a m\u00f3d, milyenek azok a programok, amelyeken kereszt\u00fcl K\u00edna \u00e9s az EU k\u00e9pes lesz a k\u00f6vetkez\u0151 \u00e9vtizedekben k\u00f6lcs\u00f6n\u00f6s el\u0151ny\u00f6ket ny\u00fajt\u00f3 m\u00f3don egy\u00fcttm\u0171k\u00f6dni&#8221; &#8211; magyar\u00e1zta a korm\u00e1nyf\u0151.<br \/>\nLi Ko-csiang k\u00ednai korm\u00e1nyf\u0151 szerint a szerb \u00e9s a magyar f\u0151v\u00e1rost \u00f6sszek\u00f6t\u0151 vas\u00fatvonal mindk\u00e9t orsz\u00e1g fejleszt\u00e9se szempontj\u00e1b\u00f3l hasznos \u00e9s hozz\u00e1j\u00e1rul majd az ott \u00e9l\u0151k \u00e9letsz\u00ednvonal\u00e1nak n\u00f6veked\u00e9s\u00e9hez. Ezzel K\u00edna, valamint a kelet- \u00e9s k\u00f6z\u00e9p-eur\u00f3pai orsz\u00e1gok \u00e9rdekei gyorsabban \u00e9rv\u00e9nyes\u00fclnek, ami l\u00f6k\u00e9st adhat az \u00e9rintett orsz\u00e1gok gazdas\u00e1g\u00e1nak.<br \/>\nMint mondta: K\u00edna legfontosabb kereskedelmi partnere az Eur\u00f3pai Uni\u00f3, a vas\u00fatvonal meg\u00e9p\u00edt\u00e9s\u00e9t k\u00f6vet\u0151en pedig tov\u00e1bb b\u0151v\u00fclhetnek a gazdas\u00e1gi kapcsolatok.<br \/>\nAleksandar Vucic szerb minisztereln\u00f6k is az orsz\u00e1gok \u00e9s az ott \u00e9l\u0151 emberek k\u00f6z\u00f6tti kapcsolatok jav\u00edt\u00e1s\u00e1t emelte ki, hozz\u00e1t\u00e9ve, hogy a mostani 8 \u00f3r\u00e1s menetid\u0151 a j\u00f6v\u0151ben 2 \u00e9s f\u00e9l \u00f3ra al\u00e1 cs\u00f6kkenhet, ezzel gyorsabb\u00e1 v\u00e1lik majd a vas\u00fati k\u00f6zleked\u00e9s, mint a k\u00f6z\u00fati.<br \/>\nNikola Gruevszki maced\u00f3n minisztereln\u00f6k azt hangs\u00falyozta, hogy a r\u00e9gi\u00f3, de Eur\u00f3pa \u00e9s K\u00edna szempontj\u00e1b\u00f3l is jelent\u0151s projektr\u0151l van sz\u00f3. Megv\u00e1ltoztatja az \u00e1ruk \u00e9s az emberek mozg\u00e1s\u00e1t, \u00e9s nagy hat\u00e1ssal lesz a gazdas\u00e1gra, a v\u00e1llalatokra \u00e9s az emberekre is &#8211; mondta.<br \/>\nAz al\u00e1\u00edr\u00e1st k\u00f6vet\u0151en Szijj\u00e1rt\u00f3 P\u00e9ter k\u00fclgazdas\u00e1gi \u00e9s k\u00fcl\u00fcgyminiszter ismertette a r\u00e9szleteket. Elmondta, hogy a Budapest \u00e9s Belgr\u00e1d k\u00f6z\u00f6tti k\u00e9tv\u00e1g\u00e1ny\u00fa villamos\u00edtott vas\u00fatvonal ki\u00e9p\u00edt\u00e9s\u00e9hez 334 kilom\u00e9ternyi vas\u00fati szakaszt kell fel\u00faj\u00edtani, illetve korszer\u0171s\u00edteni, mert az \u00f6sszesen 374 kilom\u00e9teres szakasz szerbiai r\u00e9sz\u00e9n 40 kilom\u00e9tert m\u00e1r moderniz\u00e1lt\u00e1k.<br \/>\nA mostani meg\u00e1llapod\u00e1s \u00e9rtelm\u00e9ben a szerb, a magyar \u00e9s a maced\u00f3n vas\u00fatt\u00e1rsas\u00e1gnak r\u00f6vid hat\u00e1rid\u0151vel k\u00f6z\u00f6sen kell \u00f6ssze\u00e1ll\u00edtania egy v\u00e9grehajt\u00e1si \u00fctemtervet, m\u00edg a megval\u00f3s\u00edthat\u00f3s\u00e1gi terv elk\u00e9sz\u00edt\u00e9s\u00e9t K\u00edna v\u00e1llalta mag\u00e1ra. &#8222;Az el\u0151zetes egyeztet\u00e9sek \u00e9s a meg\u00e1llapod\u00e1s \u00e9rtelm\u00e9ben a k\u00ednai f\u00e9l biztos\u00edtja a p\u00e9nz\u00fcgyi fedezetet ehhez a beruh\u00e1z\u00e1shoz, el\u0151rel\u00e1that\u00f3lag a beruh\u00e1z\u00e1s \u00f6ssz\u00e9rt\u00e9k\u00e9nek 85 sz\u00e1zal\u00e9k\u00e1ra vonatkoz\u00f3 hitelaj\u00e1nlatot fogunk kapni&#8221; &#8211; r\u00e9szletezte. A hitel felt\u00e9telei att\u00f3l f\u00fcggnek, hogy milyen m\u00e9rt\u00e9k\u0171 lesz a k\u00ednai, illetve ennek megfelel\u0151en a magyar \u00e9s szerb v\u00e1llalati r\u00e9szv\u00e9tel a beruh\u00e1z\u00e1sban.<br \/>\nA 2,89 milli\u00e1rd doll\u00e1ros (725 milli\u00e1rd forintos) beruh\u00e1z\u00e1sr\u00f3l egy \u00e9vvel ezel\u0151tt, a bukaresti Kelet-K\u00f6z\u00e9p-Eur\u00f3pa (KKE)-K\u00edna cs\u00facstal\u00e1lkoz\u00f3n t\u00e1rgyaltak a felek el\u0151sz\u00f6r.<br \/>\n&#8222;Ennek a meg\u00e1llapod\u00e1snak az\u00e9rt van nagy jelent\u0151s\u00e9ge, mert \u00edgy egy\u00e9rtelm\u0171 v\u00e1laszt tudunk adni arra a k\u00e9rd\u00e9sre, hogy melyik \u00fatvonal a leggyorsabb \u00e9s legkedvez\u0151bb abb\u00f3l a szempontb\u00f3l, hogy a K\u00edn\u00e1b\u00f3l sz\u00e1rmaz\u00f3 \u00e1rukat a g\u00f6r\u00f6g kik\u00f6t\u0151kb\u0151l Nyugat-Eur\u00f3p\u00e1ba sz\u00e1ll\u00edtsuk: Magyarorsz\u00e1g \u00e9s Szerbia biztos\u00edtja a legjobb tranzit\u00fatvonalat innent\u0151l kezdve&#8221; &#8211; magyar\u00e1zta Szijj\u00e1rt\u00f3.<br \/>\nA tranzit\u00fatvonal ki\u00e9p\u00edt\u00e9s\u00e9t k\u00f6vet\u0151en n\u0151het a K\u00edn\u00e1b\u00f3l Eur\u00f3p\u00e1ba sz\u00e1ll\u00edtott \u00e1rumennyis\u00e9g &#8211; r\u00e9szletezte a k\u00fclgazdas\u00e1gi \u00e9s k\u00fcl\u00fcgyminiszter -, ennek m\u00e9rt\u00e9ke azonban att\u00f3l f\u00fcgg, hogy &#8222;a pireuszi kik\u00f6t\u0151ben jelenleg zajl\u00f3 kapacit\u00e1sb\u0151v\u00edt\u00e9si munk\u00e1latok milyen \u00fctemben haladnak \u00e9s a k\u00ednai t\u00e1rsas\u00e1gok milyen m\u00e9rt\u00e9kben n\u00f6velik majd a g\u00f6r\u00f6g kik\u00f6t\u0151kbe behaj\u00f3zand\u00f3 term\u00e9keknek a mennyis\u00e9g\u00e9t&#8221;.<br \/>\nA tervek szerint a vas\u00fatvonalat 2017 v\u00e9g\u00e9n adj\u00e1k \u00e1t. Az \u00f3r\u00e1nk\u00e9nt 160 kilom\u00e9teres maxim\u00e1lis sebess\u00e9get lehet\u0151v\u00e9 tev\u0151 vas\u00fati p\u00e1ly\u00e1n a vonatok menetideje t\u00f6bb mint a fel\u00e9re cs\u00f6kkenhet. A majdnem 400 kilom\u00e9teres t\u00e1vot a vonatok jelenleg 8 \u00f3ra alatt teszik meg, ami a 19. sz\u00e1zad v\u00e9gi sebess\u00e9gnek felel meg.<br \/>\n\u00d6sszehasonl\u00edt\u00e1sk\u00e9ppen: a szerbiai adatok szerint a Szabadka-Belgr\u00e1d utat &#8211; ami a t\u00e1v fel\u00e9t jelenti &#8211; az 1880-as \u00e9vek v\u00e9g\u00e9n 3 \u00f3ra 15 perc alatt tette meg a vonat, ami egyenl\u0151 a mostani menetid\u0151vel, m\u00edg 25 \u00e9vvel ezel\u0151tt alig n\u00e9h\u00e1ny perccel tartott tov\u00e1bb az \u00fat k\u00e9t \u00f3r\u00e1n\u00e1l.<br \/>\nA szerdai meg\u00e1llapod\u00e1st a belgr\u00e1di KKE-K\u00edna cs\u00facstal\u00e1lkoz\u00f3 keret\u00e9ben \u00edrt\u00e1k al\u00e1. A tal\u00e1lkoz\u00f3n K\u00edna, Szerbia, Magyarorsz\u00e1g, Szlov\u00e9nia, Szlov\u00e1kia, Csehorsz\u00e1g, Rom\u00e1nia, Lettorsz\u00e1g, Litv\u00e1nia, \u00c9sztorsz\u00e1g, Bosznia-Hercegovina, Maced\u00f3nia, Montenegr\u00f3, Bulg\u00e1ria \u00e9s Alb\u00e1nia minisztereln\u00f6ke, valamint Lengyelorsz\u00e1g \u00e9s Horv\u00e1torsz\u00e1g minisztereln\u00f6k-helyettese vett r\u00e9szt. A k\u00ednai minisztereln\u00f6k a cs\u00facstal\u00e1lkoz\u00f3ra \u00e9rkez\u0151 k\u00fcld\u00f6tts\u00e9gek vezet\u0151ivel k\u00e9toldal\u00fa t\u00e1rgyal\u00e1sokat is folytatott.<\/p>\n<p>(MTI)<\/p>\n<p>&nbsp;<\/p><div id=\"gazda-4245326153\" class=\"gazda-tartalomban gazda-entity-placement\"><script async src=\"https:\/\/pagead2.googlesyndication.com\/pagead\/js\/adsbygoogle.js\"><\/script>\r\n<ins class=\"adsbygoogle\"\r\n     style=\"display:block\"\r\n     data-ad-format=\"fluid\"\r\n     data-ad-layout-key=\"-6t+ed+2i-1n-4w\"\r\n     data-ad-client=\"ca-pub-1959107119989764\"\r\n     data-ad-slot=\"4008251320\"><\/ins>\r\n<script>\r\n     (adsbygoogle = window.adsbygoogle || []).push({});\r\n<\/script><\/div>\n","protected":false},"excerpt":{"rendered":"<p>Az Eur\u00f3pai Uni\u00f3 \u00e9s K\u00ednai k\u00f6z\u00f6tti egy\u00fcttm\u0171k\u00f6d\u00e9s legfontosabb pillanat\u00e1hoz \u00e9rkezt\u00fcnk el azzal, hogy al\u00e1\u00edrtuk a Belgr\u00e1d \u00e9s Budapest k\u00f6z\u00f6tti vas\u00fatvonal ki\u00e9p\u00edt\u00e9s\u00e9r\u0151l sz\u00f3l\u00f3 meg\u00e1llapod\u00e1st &#8211; hangs\u00falyozta Orb\u00e1n Viktor minisztereln\u00f6k szerd\u00e1n Belgr\u00e1dban a dokumentum al\u00e1\u00edr\u00e1s\u00e1t k\u00f6vet\u0151en.<\/p>\n","protected":false},"author":1,"featured_media":0,"comment_status":"open","ping_status":"closed","sticky":false,"template":"","format":"standard","meta":[],"categories":[19,246],"tags":[],"_links":{"self":[{"href":"https:\/\/gazdasagportal.hu\/index.php\/wp-json\/wp\/v2\/posts\/53030"}],"collection":[{"href":"https:\/\/gazdasagportal.hu\/index.php\/wp-json\/wp\/v2\/posts"}],"about":[{"href":"https:\/\/gazdasagportal.hu\/index.php\/wp-json\/wp\/v2\/types\/post"}],"author":[{"embeddable":true,"href":"https:\/\/gazdasagportal.hu\/index.php\/wp-json\/wp\/v2\/users\/1"}],"replies":[{"embeddable":true,"href":"https:\/\/gazdasagportal.hu\/index.php\/wp-json\/wp\/v2\/comments?post=53030"}],"version-history":[{"count":1,"href":"https:\/\/gazdasagportal.hu\/index.php\/wp-json\/wp\/v2\/posts\/53030\/revisions"}],"predecessor-version":[{"id":53031,"href":"https:\/\/gazdasagportal.hu\/index.php\/wp-json\/wp\/v2\/posts\/53030\/revisions\/53031"}],"wp:attachment":[{"href":"https:\/\/gazdasagportal.hu\/index.php\/wp-json\/wp\/v2\/media?parent=53030"}],"wp:term":[{"taxonomy":"category","embeddable":true,"href":"https:\/\/gazdasagportal.hu\/index.php\/wp-json\/wp\/v2\/categories?post=53030"},{"taxonomy":"post_tag","embeddable":true,"href":"https:\/\/gazdasagportal.hu\/index.php\/wp-json\/wp\/v2\/tags?post=53030"}],"curies":[{"name":"wp","href":"https:\/\/api.w.org\/{rel}","templated":true}]}}