{"id":53028,"date":"2014-12-17T11:45:07","date_gmt":"2014-12-17T09:45:07","guid":{"rendered":"http:\/\/stockportal.hu\/?p=53028"},"modified":"2015-04-08T08:53:43","modified_gmt":"2015-04-08T06:53:43","slug":"az-mnb-kozzetette-a-fair-azaz-etikus-bankrendszer-kamat-es-kamatfelar-valtoztatasi-mutatok-kiszamitasanak-alapelveit","status":"publish","type":"post","link":"https:\/\/gazdasagportal.hu\/index.php\/az-mnb-kozzetette-a-fair-azaz-etikus-bankrendszer-kamat-es-kamatfelar-valtoztatasi-mutatok-kiszamitasanak-alapelveit\/","title":{"rendered":"Az MNB k\u00f6zz\u00e9tette a fair, azaz etikus bankrendszer kamat- \u00e9s kamatfel\u00e1r-v\u00e1ltoztat\u00e1si mutat\u00f3k kisz\u00e1m\u00edt\u00e1s\u00e1nak alapelveit"},"content":{"rendered":"<p><strong>A Magyar Nemzeti Bank (MNB) megfogalmazta a \u201efair\u201d, azaz etikus bankrendszerr\u0151l sz\u00f3l\u00f3 t\u00f6rv\u00e9nnyel kapcsolatos kamat- \u00e9s kamatfel\u00e1r-v\u00e1ltoztat\u00e1si mutat\u00f3k kisz\u00e1m\u00edt\u00e1s\u00e1n\u00e1l k\u00f6vetend\u0151 alapelveket, amelyeket a jegybank honlapj\u00e1n tett k\u00f6zz\u00e9 szerd\u00e1n.<\/strong><!--more--><\/p>\n<div class=\"ads-in-post1\"><div id=\"gazdasagportal.hu_fullbanner_wideboard\"><\/div>\r\n<\/div>\n<p><strong><a href=\"http:\/\/stockportal.hu\/wp-content\/uploads\/2013\/10\/MNB.jpg\" target=\"_blank\" rel=\"noopener\"><img decoding=\"async\" loading=\"lazy\" class=\"alignleft size-medium wp-image-19950\" src=\"http:\/\/stockportal.hu\/wp-content\/uploads\/2013\/10\/MNB-300x240.jpg\" alt=\"MNB\" width=\"300\" height=\"240\" srcset=\"https:\/\/gazdasagportal.hu\/wp-content\/uploads\/2013\/10\/MNB-300x240.jpg 300w, https:\/\/gazdasagportal.hu\/wp-content\/uploads\/2013\/10\/MNB-68x55.jpg 68w, https:\/\/gazdasagportal.hu\/wp-content\/uploads\/2013\/10\/MNB-310x248.jpg 310w, https:\/\/gazdasagportal.hu\/wp-content\/uploads\/2013\/10\/MNB.jpg 500w\" sizes=\"(max-width: 300px) 100vw, 300px\" \/><\/a>Az \u00fatmutat\u00e1st a jegybank a p\u00e9nz\u00fcgyi int\u00e9zm\u00e9nyek sz\u00e1m\u00e1ra k\u00f6vetend\u0151nek tekinti a kamatv\u00e1ltoztat\u00e1si, illetve kamatfel\u00e1r-v\u00e1ltoztat\u00e1si mutat\u00f3 gyakorlati kialak\u00edt\u00e1s\u00e1n\u00e1l, melynek jogszer\u0171s\u00e9g\u00e9t az MNB vizsg\u00e1lja majd.<\/strong><br \/>\nA november v\u00e9g\u00e9n elfogadott t\u00f6rv\u00e9ny \u00e9rtelm\u00e9ben a p\u00e9nzint\u00e9zeteknek a h\u00e1rom \u00e9vet meghalad\u00f3 futamidej\u0171 hitelekn\u00e9l a hitelkamatot, illetve a referencia kamatl\u00e1bhoz k\u00f6t\u00f6tt, v\u00e1ltoz\u00f3 kamatoz\u00e1s\u00fa hitel eset\u00e9ben a kamatfel\u00e1rat, legal\u00e1bb h\u00e1rom\u00e9ves kamatperi\u00f3dusra el\u0151re kell r\u00f6gz\u00edtenie. A kamatot vagy a fel\u00e1rat a hitel teljes futamideje alatt legfeljebb \u00f6t alkalommal m\u00f3dos\u00edthatja a p\u00e9nzint\u00e9zet. A hitelkamatok legfeljebb a kamatv\u00e1ltoztat\u00e1si mutat\u00f3, a kamatfel\u00e1rak pedig legfeljebb a kamatfel\u00e1r-v\u00e1ltoztat\u00e1si mutat\u00f3 alkalmaz\u00e1s\u00e1val sz\u00e1m\u00edtott m\u00e9rt\u00e9kig v\u00e1ltozhatnak &#8211; olvashat\u00f3 a t\u00e1j\u00e9koztat\u00e1sban.<\/p>\n<p><strong>A jegybank hangs\u00falyozza<\/strong>, hogy a t\u00f6rv\u00e9ny nem a kezdeti kamatot \u00e9s fel\u00e1rat szab\u00e1lyozza, hanem az els\u0151 kamatperi\u00f3dust k\u00f6vet\u0151en, kamatperi\u00f3dusonk\u00e9nt a kamat, vagy a referencia kamatl\u00e1bhoz k\u00f6t\u00f6tt v\u00e1ltoz\u00f3 kamatoz\u00e1s\u00fa hitel eset\u00e9n a fel\u00e1r v\u00e1ltoztathat\u00f3s\u00e1g\u00e1nak sz\u00e1zal\u00e9kpontos m\u00e9rt\u00e9k\u00e9t.<\/p><div id=\"gazda-2248088803\" class=\"gazda-tartalomban gazda-entity-placement\"><script async src=\"https:\/\/pagead2.googlesyndication.com\/pagead\/js\/adsbygoogle.js\"><\/script>\r\n<ins class=\"adsbygoogle\"\r\n     style=\"display:block\"\r\n     data-ad-format=\"fluid\"\r\n     data-ad-layout-key=\"-6t+ed+2i-1n-4w\"\r\n     data-ad-client=\"ca-pub-1959107119989764\"\r\n     data-ad-slot=\"4008251320\"><\/ins>\r\n<script>\r\n     (adsbygoogle = window.adsbygoogle || []).push({});\r\n<\/script><\/div>\n<p>Ennek \u00e9rtelm\u00e9ben az indexalap\u00fa mutat\u00f3k gyakorlati kialak\u00edt\u00e1s\u00e1n\u00e1l a p\u00e9nzint\u00e9zeteknek t\u00f6rekedni\u00fck kell arra, hogy azok a v\u00e1ltoz\u00f3k, amelyekb\u0151l a mutat\u00f3 el\u0151\u00e1ll a hitelez\u0151t\u0151l f\u00fcggetlenek legyenek.<br \/>\nEzen v\u00e1ltoz\u00f3knak az \u00fcgyf\u00e9l sz\u00e1m\u00e1ra nyilv\u00e1nosan hozz\u00e1f\u00e9rhet\u0151nek kell lennie, annak \u00e9rdek\u00e9ben, hogy a fogyaszt\u00f3 l\u00e1ssa, mely v\u00e1ltoz\u00f3k hogyan v\u00e1ltoztak a kamatperi\u00f3dus alatt. Elv\u00e1r\u00e1s tov\u00e1bb\u00e1, hogy a mutat\u00f3 kisz\u00e1mol\u00e1sa a magyar\u00e1zattal egy\u00fctt \u00e9rthet\u0151 \u00e9s \u00e1tl\u00e1that\u00f3 legyen az \u00fcgyf\u00e9l sz\u00e1m\u00e1ra.<\/p>\n<p><strong>Alapvet\u0151, hogy p\u00e9nz- \u00e9s t\u0151kepiacok alakul\u00e1s\u00e1t le\u00edr\u00f3 v\u00e1ltoz\u00f3kra<\/strong> &#8211; a referenciaindexekhez hasonl\u00f3an &#8211; \u00e9rv\u00e9nyes\u00fclj\u00f6n a kell\u0151 likvidit\u00e1s, \u00e1tl\u00e1that\u00f3s\u00e1g \u00e9s objektivit\u00e1s elve.<br \/>\nAz kamat-, illetve a kamatfel\u00e1r-v\u00e1ltoztat\u00e1si mutat\u00f3nak\u00a0\u00a0sz\u00e1zal\u00e9kpontban kifejezhet\u0151nek kell lennie, \u00e9s a sz\u00e1zal\u00e9kpontra alak\u00edt\u00e1snak, a magyar\u00e1zattal egy\u00fctt szint\u00e9n \u00e9rthet\u0151nek \u00e9s \u00e1tl\u00e1that\u00f3nak kell lennie a fogyaszt\u00f3nak.<br \/>\nFontos alapelv, hogy a mutat\u00f3k kialak\u00edt\u00e1sa sor\u00e1n nem az el\u0151z\u0151 kamatperi\u00f3dus alatt megn\u00f6vekedett k\u00f6lts\u00e9gek k\u00f6vetkez\u0151 peri\u00f3dusra t\u00f6rt\u00e9n\u0151 \u00e1th\u00e1r\u00edt\u00e1sa a c\u00e9l, hanem a soron k\u00f6vetkez\u0151 kamatperi\u00f3dust k\u00f6zvetlen\u00fcl megel\u0151z\u0151 v\u00e1ltoz\u00e1s megragad\u00e1sa a hitelez\u00e9s refinansz\u00edroz\u00e1si k\u00f6lts\u00e9geiben, illetve az \u00fczleti kock\u00e1zat k\u00f6r\u00e9n k\u00edv\u00fcl \u00e1ll\u00f3, a hitel ny\u00fajt\u00e1s\u00e1hoz kapcsol\u00f3d\u00f3 k\u00f6lts\u00e9gekben.<\/p>\n<p><strong>Ugyanakkor az el\u0151bbi alapelvn\u00e9l figyelembe kell venni<\/strong>, hogy a refinansz\u00edroz\u00e1si k\u00f6lts\u00e9gn\u00e9l a mutat\u00f3k m\u00f6g\u00f6tti v\u00e1ltoz\u00f3k id\u0151sorai v\u00e1ltoz\u00e9konyak lehetnek, ahol kiugr\u00f3 \u00e9rt\u00e9kek is el\u0151fordulhatnak. Ez\u00e9rt mindenk\u00e9pp egy, vagy t\u00f6bb havi \u00e1tlag javasolt. Fontos, hogy adott h\u00f3nap(ok) \u00e1tlaga legyen meghat\u00e1rozva, k\u00fcl\u00f6nben napi mutat\u00f3t kellene el\u0151\u00e1ll\u00edtani, ami gyeng\u00edten\u00e9 az \u00e1tl\u00e1that\u00f3s\u00e1got &#8211; \u00edrta a jegybank.<br \/>\nMegjegyzik azt is, hogy a t\u00f6rv\u00e9ny 2015. febru\u00e1r 1-j\u00e9vel l\u00e9p hat\u00e1lyba, ugyanakkor a p\u00e9nz\u00fcgyi int\u00e9zm\u00e9nyeknek m\u00e1r janu\u00e1rban sz\u00fcks\u00e9ges a szab\u00e1lyzataik \u00e1talak\u00edt\u00e1sa annak \u00e9rdek\u00e9ben, hogy febru\u00e1rban fennakad\u00e1s n\u00e9lk\u00fcl tudj\u00e1k folytatni tev\u00e9kenys\u00e9g\u00fcket.<\/p>\n<p>A kamat vagy kamatfel\u00e1r m\u00f3dos\u00edt\u00e1s\u00e1nak m\u00e9rt\u00e9k\u00e9t a kamatperi\u00f3dus lej\u00e1rt\u00e1t megel\u0151z\u0151 120. napi kamatv\u00e1ltoztat\u00e1si, illetve kamatfel\u00e1r-v\u00e1ltoztat\u00e1si mutat\u00f3 figyelembev\u00e9tel\u00e9vel kell meg\u00e1llap\u00edtani, mivel az \u00fcgyfelet a v\u00e1ltoztat\u00e1st 90 nappal megel\u0151z\u0151en ki kell \u00e9rtes\u00edteni.(MTI)<\/p>\n<p>&nbsp;<\/p>\n","protected":false},"excerpt":{"rendered":"<p>A Magyar Nemzeti Bank (MNB) megfogalmazta a \u201efair\u201d, azaz etikus bankrendszerr\u0151l sz\u00f3l\u00f3 t\u00f6rv\u00e9nnyel kapcsolatos kamat- \u00e9s kamatfel\u00e1r-v\u00e1ltoztat\u00e1si mutat\u00f3k kisz\u00e1m\u00edt\u00e1s\u00e1n\u00e1l k\u00f6vetend\u0151 alapelveket, amelyeket a jegybank honlapj\u00e1n tett k\u00f6zz\u00e9 szerd\u00e1n.<\/p>\n","protected":false},"author":1,"featured_media":19950,"comment_status":"open","ping_status":"closed","sticky":false,"template":"","format":"standard","meta":[],"categories":[146,19],"tags":[82],"_links":{"self":[{"href":"https:\/\/gazdasagportal.hu\/index.php\/wp-json\/wp\/v2\/posts\/53028"}],"collection":[{"href":"https:\/\/gazdasagportal.hu\/index.php\/wp-json\/wp\/v2\/posts"}],"about":[{"href":"https:\/\/gazdasagportal.hu\/index.php\/wp-json\/wp\/v2\/types\/post"}],"author":[{"embeddable":true,"href":"https:\/\/gazdasagportal.hu\/index.php\/wp-json\/wp\/v2\/users\/1"}],"replies":[{"embeddable":true,"href":"https:\/\/gazdasagportal.hu\/index.php\/wp-json\/wp\/v2\/comments?post=53028"}],"version-history":[{"count":1,"href":"https:\/\/gazdasagportal.hu\/index.php\/wp-json\/wp\/v2\/posts\/53028\/revisions"}],"predecessor-version":[{"id":53029,"href":"https:\/\/gazdasagportal.hu\/index.php\/wp-json\/wp\/v2\/posts\/53028\/revisions\/53029"}],"wp:featuredmedia":[{"embeddable":true,"href":"https:\/\/gazdasagportal.hu\/index.php\/wp-json\/wp\/v2\/media\/19950"}],"wp:attachment":[{"href":"https:\/\/gazdasagportal.hu\/index.php\/wp-json\/wp\/v2\/media?parent=53028"}],"wp:term":[{"taxonomy":"category","embeddable":true,"href":"https:\/\/gazdasagportal.hu\/index.php\/wp-json\/wp\/v2\/categories?post=53028"},{"taxonomy":"post_tag","embeddable":true,"href":"https:\/\/gazdasagportal.hu\/index.php\/wp-json\/wp\/v2\/tags?post=53028"}],"curies":[{"name":"wp","href":"https:\/\/api.w.org\/{rel}","templated":true}]}}