{"id":53023,"date":"2014-12-17T11:23:46","date_gmt":"2014-12-17T10:23:46","guid":{"rendered":"http:\/\/stockportal.hu\/?p=53023"},"modified":"2014-12-17T11:23:46","modified_gmt":"2014-12-17T10:23:46","slug":"technikai-elemzes-forex-tozsde-deviza-arany-olaj-2014-12-17","status":"publish","type":"post","link":"https:\/\/gazdasagportal.hu\/index.php\/technikai-elemzes-forex-tozsde-deviza-arany-olaj-2014-12-17\/","title":{"rendered":"Technikai elemz\u00e9s: Forex, t\u0151zsde, deviza, arany, olaj \u2013 2014.12.17"},"content":{"rendered":"<p><strong>P\u00e1cban a piac A tegnapi mozg\u00e1sok egy\u00e9rtelm\u0171en a piacokon uralkod\u00f3 p\u00e1nikr\u00f3l \u00e1rulkodtak. A rubel k\u00f6zel 20%-os gyeng\u00fcl\u00e9se, valamint a norv\u00e9g korona \u00f3ri\u00e1si mozg\u00e1sai nem voltak racion\u00e1lisak (k\u00f6zel 7%-os mozg\u00e1s t\u00f6rt\u00e9nt az EUR\/NOK p\u00e1ron k\u00e9t \u00f3ra leforg\u00e1sa alatt, majd teljes m\u00e9rt\u00e9kben fordulatot vett a k\u00f6vetkez\u0151 n\u00e9gy \u00f3r\u00e1ban). <\/strong><!--more--><\/p>\n<div class=\"ads-in-post1\"><div id=\"gazdasagportal.hu_fullbanner_wideboard\"><\/div>\r\n<\/div>\n<p>&nbsp;<\/p>\n<ul>\n<li><strong>P\u00e1cban a piac <\/strong>A tegnapi mozg\u00e1sok egy\u00e9rtelm\u0171en a piacokon uralkod\u00f3 p\u00e1nikr\u00f3l \u00e1rulkodtak. A rubel k\u00f6zel 20%-os gyeng\u00fcl\u00e9se, valamint a norv\u00e9g korona \u00f3ri\u00e1si mozg\u00e1sai nem voltak racion\u00e1lisak (k\u00f6zel 7%-os mozg\u00e1s t\u00f6rt\u00e9nt az EUR\/NOK p\u00e1ron k\u00e9t \u00f3ra leforg\u00e1sa alatt, majd teljes m\u00e9rt\u00e9kben fordulatot vett a k\u00f6vetkez\u0151 n\u00e9gy \u00f3r\u00e1ban). A piacok azonban az USA-beli keresked\u00e9s v\u00e9g\u00e9re valamelyest lecsendes\u00fcltek, \u00e9s a nagyobb mozg\u00e1sokban fordulat \u00e1llt be. Az USD\/JPY p\u00e1r p\u00e9ld\u00e1ul a 115,57-es minimum szintr\u0151l indulva az USA-beli keresked\u00e9st kb. a 117,30-as szinten z\u00e1rta, \u00e9s csup\u00e1n alig v\u00e1ltozott az eur\u00f3pai reggeli nyit\u00f3 szintj\u00e9hez k\u00e9pest. Ilyen felt\u00e9telek mellett a fundament\u00e1lis t\u00e9nyez\u0151k nem sz\u00e1m\u00edtanak, \u00e9s minden a piaci hangulatr\u00f3l sz\u00f3l. Az orosz k\u00f6zponti bank korm\u00e1nyz\u00f3ja elutas\u00edtotta a t\u0151kekontrollt, de \u00fagy t\u0171nik, hogy ez lenne az egyetlen m\u00f3dja annak, hogy a deviza tov\u00e1bbi gyeng\u00fcl\u00e9s\u00e9t megakad\u00e1lyozz\u00e1k.<\/li>\n<li>A doll\u00e1rnak a felt\u00f6rekv\u0151 piacokbeli deviz\u00e1kkal szembeni folyamatos er\u0151s\u00f6d\u00e9se bajt jelent a vil\u00e1ggazdas\u00e1gra n\u00e9zve. Sz\u00e9les k\u00f6rben t\u00e1rgyalj\u00e1k, hogy t\u00f6bb felt\u00f6rekv\u0151 piacokbeli orsz\u00e1g h\u00e1ny v\u00e1llalata jutott p\u00e9nzhez a doll\u00e1rban jegyzett k\u00f6tv\u00e9nyekkel az ut\u00f3bbi \u00e9vekben. Minden alkalommal, amikor a doll\u00e1r er\u0151s\u00f6dik, a kamatk\u00f6lts\u00e9g n\u0151. Ez val\u00f3sz\u00edn\u0171, hogy sok orsz\u00e1gban egyre n\u00f6vekv\u0151 teher lesz.<\/li>\n<li>Az olaj \u00e1ra tegnap tov\u00e1bb cs\u00f6kkent, mivel a piac tov\u00e1bbra is figyelmen k\u00edv\u00fcl hagyja a bika jelleg\u0171 h\u00edreket, \u00e9s egyszer\u0171en a nagyobb, hosszabb t\u00e1v\u00fa k\u00edn\u00e1lat-kereslet helyzetre \u00f6sszpontos\u00edt. A piac a k\u00f6vetkez\u0151 probl\u00e9m\u00e1kkal \u00e1ll szemben: Az USA-beli \u00e9szak-dakotai termel\u00e9s cs\u00f6kkent, a nem m\u0171k\u00f6d\u0151 olajkutak sz\u00e1ma n\u0151, L\u00edbia harcok miatt le\u00e1ll\u00edtotta k\u00e9t kik\u00f6t\u0151 nyersolajjal val\u00f3 ell\u00e1t\u00e1s\u00e1t, a nig\u00e9riai olajipari munk\u00e1sok pedig sztr\u00e1jkolnak. A p\u00e1nik v\u00e9gezet\u00fcl val\u00f3sz\u00edn\u0171leg elcsendes\u00fcl, \u00e9s az olaj stabiliz\u00e1l\u00f3dik, ami esetleg kis sz\u00fcks\u00e9ges megnyugv\u00e1st jelent a t\u00f6bbi piacnak. A technikai elemz\u00e9sek azonban folyamatosan jelent\u0151s cs\u00f6kken\u0151 momentumot jeleznek (l\u00e1sd al\u00e1bb), ez\u00e9rt szerintem ez v\u00e1rhat\u00f3an nem ma fog bek\u00f6vetkezni.<\/li>\n<li>Az USA-ban az \u00faj lak\u00e1s\u00e9p\u00edt\u00e9sek \u00e9s \u00e9p\u00edt\u00e9si enged\u00e9lyek sz\u00e1ma novemberben cs\u00f6kkent, de az el\u0151z\u0151 adatok jelent\u0151s korrekci\u00f3ja miatt az \u00e1ltal\u00e1nos trend konzisztens maradt a javul\u00f3 lak\u00e1spiaccal. Ez arra utal, hogy a lak\u00e1spiac al\u00e1t\u00e1masztja azt, ami a sz\u00e9lesebb \u00e9rtelemben vett gazdas\u00e1g egyre fokoz\u00f3d\u00f3 er\u0151ss\u00e9g\u00e9nek t\u0171nik. Mivel azonban a vil\u00e1g m\u00e1s t\u00e1jain ilyen fesz\u00fclts\u00e9gek uralkodnak, az ehhez hasonl\u00f3 gazdas\u00e1gi h\u00edrek nem annyira relev\u00e1nsak.<\/li>\n<li><strong>Ma: FOMC \u00e9rtekezlet<\/strong>: A mai nap f\u0151 esem\u00e9nye az FOMC \u00e9rtekezlet. Miut\u00e1n a Bizotts\u00e1g az okt\u00f3beri \u00e9rtekezlet\u00e9n befejezte a 3. mennyis\u00e9gi k\u00f6nny\u00edt\u00e9si programj\u00e1t, a mostani v\u00e1rakoz\u00e1sok szerint m\u00f3dos\u00edtanak \u00e1ll\u00e1spontjukon, \u00e9s kihagyj\u00e1k a \u201ejelent\u0151s id\u0151re\u201d kifejez\u00e9st, b\u00e1r ezzel nem minden FOMC tag \u00e9rt egyet. Ha kihagyj\u00e1k, a piac majd megvitatja annak r\u00e9szleteit, amivel helyettes\u00edtik (ha egy\u00e1ltal\u00e1n helyettes\u00edtik valamivel). (Megjegyezn\u00e9m, hogy sz\u00e1m\u00edt\u00e1saim szerint olyan kifejez\u00e9ssel fogj\u00e1k helyettes\u00edteni, amely v\u00e1rhat\u00f3an tov\u00e1bbra is az els\u0151 emel\u00e9s k\u00e9sleltet\u00e9s\u00e9re utal, de a k\u00e9sleltet\u00e9s ideje r\u00f6videbb lesz.) A Bizotts\u00e1g \u00faj el\u0151rejelz\u00e9st prezent\u00e1l a gazdas\u00e1gr\u00f3l, az infl\u00e1ci\u00f3r\u00f3l \u00e9s a kamatl\u00e1bakr\u00f3l, t\u00f6bbek k\u00f6z\u00f6tt a Fed Alapok kamatl\u00e1b\u00e1val kapcsolatos v\u00e1rakoz\u00e1sok n\u00e9pszer\u0171 \u201epontozott\u201d ter\u00fclet\u00e9r\u0151l.<\/li>\n<li>Az el\u0151z\u0151 el\u0151rejelz\u00e9sek \u00f3ta kapott adatok alapj\u00e1n a n\u00f6veked\u00e9ssel kapcsolatos \u00faj el\u0151rejelz\u00e9seket v\u00e1rhat\u00f3an felfel\u00e9, a munkan\u00e9lk\u00fclis\u00e9gi r\u00e1t\u00e1val \u00e9s az infl\u00e1ci\u00f3val kapcsolatos el\u0151rejelz\u00e9seket pedig lefel\u00e9 korrig\u00e1lj\u00e1k. A jobb n\u00f6veked\u00e9si kil\u00e1t\u00e1s ellen\u00e9re v\u00e1rhat\u00f3an a kamatl\u00e1bakkal kapcsolatos el\u0151rejelz\u00e9seket is valamelyest lefel\u00e9 fogj\u00e1k korrig\u00e1lni az alacsonyabb infl\u00e1ci\u00f3s nyom\u00e1sok miatt. Ez ellens\u00falyozhatja a bika jelleg\u0171 k\u00f6vetkezm\u00e9nyek egy r\u00e9sz\u00e9t, \u00e9s konzisztens az els\u0151 kamatl\u00e1bemel\u00e9ssel kapcsolatos jelenlegi v\u00e1rakoz\u00e1sokkal (amelyre v\u00e1rhat\u00f3an az \u00e9v k\u00f6zep\u00e9n ker\u00fcl sor). Ennek eredm\u00e9nyek\u00e9ppen tal\u00e1n nem gyakorol olyan nagy hat\u00e1st a nap v\u00e9g\u00e9n. B\u00e1r sok befektet\u0151 k\u00edv\u00e1ncsi arra, hogy a p\u00e9nz\u00fcgyi piacokon uralkod\u00f3 jelenlegi zavar a kamatl\u00e1bemel\u00e9s k\u00e9sleltet\u00e9s\u00e9re sarkallja-e a Fed-et, a hivatalnokok mindig azt mondt\u00e1k, hogy bizonyos m\u00e9rt\u00e9k\u0171 volatilit\u00e1s v\u00e1rhat\u00f3 a piacokon, \u00e9s a k\u00f6zelm\u00faltbeli ingadoz\u00e1sok (m\u00e9g) nem szokatlanok, legal\u00e1bbis az USA-ban. T\u00f6bbet megtudhatunk, amikor a Fed eln\u00f6ke, Yellen sajt\u00f3konferenci\u00e1t tart a d\u00f6nt\u00e9st k\u00f6vet\u0151en.<\/li>\n<li>Az eur\u00f3pai nap sor\u00e1n az euroz\u00f3na novemberi v\u00e9gleges fogyaszt\u00f3i \u00e1rindex\u00e9t publik\u00e1lj\u00e1k, amely v\u00e1rhat\u00f3an azonos az el\u0151zetes adattal.<\/li>\n<li>Az Egyes\u00fclt Kir\u00e1lys\u00e1gban k\u00f6zz\u00e9teszik a BoE legut\u00f3bbi \u00e9rtekezlet\u00e9nek jegyz\u0151k\u00f6nyv\u00e9t. A f\u00f3kuszban ism\u00e9t az ellenz\u0151k sz\u00e1ma \u00e9s neve \u00e1ll. A BoE novemberi infl\u00e1ci\u00f3s jelent\u00e9s\u00e9ben Kristin Forbes, aki a Monet\u00e1ris Politikai Bizotts\u00e1g egyik \u00faj tagja, azt mondta, hogy a b\u00e9rek tal\u00e1n kezdenek emelkedni, \u00e9s a munkaer\u0151-piaci pang\u00e1s becsl\u00e9sn\u00e9l kisebb m\u00e9rt\u00e9k\u0171 lehet. Ezen n\u00e9zet miatt \u201emegszor\u00edt\u00e1s-p\u00e1rti\u201d besorol\u00e1st kapott, \u00e9s nem lep\u0151dn\u00e9nk meg, ha a m\u00e1sik k\u00e9t MPC taghoz csatlakozva a kamatl\u00e1bemel\u00e9s mihamarabbi megkezd\u00e9se mellett tenn\u00e9 le voks\u00e1t.<\/li>\n<li>A mutat\u00f3sz\u00e1mokat illet\u0151en az Egyes\u00fclt Kir\u00e1lys\u00e1g munkan\u00e9lk\u00fclis\u00e9gi r\u00e1t\u00e1ja okt\u00f3berben v\u00e1rhat\u00f3an 6,0%-r\u00f3l 5,9%-ra cs\u00f6kkent, ami jelzi, hogy a munkaer\u0151-piacon kisebb m\u00e9rt\u00e9k\u0171 a pang\u00e1s. A heti \u00e1tlagkeresetekben \u00e9ves szinten v\u00e1rhat\u00f3an 1,2%-os gyorsul\u00e1s k\u00f6vetkezett be, ami hozz\u00e1j\u00e1rul a pozit\u00edv foglalkoztat\u00e1si jelent\u00e9shez. M\u00e1sr\u00e9szt, mivel az okt\u00f3beri fogyaszt\u00f3i \u00e1rindex \u00e9ves szinten 1,3%-os volt, a re\u00e1lb\u00e9rek emiatt v\u00e1ltozatlanok vagy cs\u00f6kkentek. A munkaer\u0151-piaci adatok kulcsfontoss\u00e1g\u00faak maradnak, mivel ha a keresetek n\u00f6veked\u00e9se elfojtott marad, akkor a piac val\u00f3sz\u00edn\u0171leg tov\u00e1bbra is meg lesz gy\u0151z\u0151dve afel\u0151l, hogy az els\u0151 kamatl\u00e1bemel\u00e9sre nem ker\u00fcl sor a m\u00e1jusi \u00e1ltal\u00e1nos v\u00e1laszt\u00e1sokig.<\/li>\n<li>Az USA-beli fogyaszt\u00f3i \u00e1rindexet \u00e9s kereskedelmi adatokat is k\u00f6zz\u00e9teszik. A fogyaszt\u00f3i \u00e1rindex a szok\u00e1sosn\u00e1l kev\u00e9sb\u00e9 \u00e9rdekes, mivel egybeesik az FOMC \u00e9rtekezlettel.<\/li>\n<li>A politikai esem\u00e9nyeket tekintve a g\u00f6r\u00f6g parlament \u00faj eln\u00f6kv\u00e1laszt\u00e1st tart. El\u00e9gg\u00e9 val\u00f3sz\u00edn\u0171, hogy a korm\u00e1ny jel\u00f6ltje nem kap el\u00e9g szavazatot, ami miatt \u00f6t nap m\u00falva \u00faj szavaz\u00e1sra ker\u00fcl sor. Val\u00f3sz\u00edn\u0171leg ekkor sem fog el\u00e9g szavazatot kapni, ez\u00e9rt v\u00e9gs\u0151 szavaz\u00e1st tartanak december 29-\u00e9n. Ez a kulcsfontoss\u00e1g\u00fa d\u00e1tum G\u00f6r\u00f6gorsz\u00e1g \u00e9s az euroz\u00f3na sz\u00e1m\u00e1ra.<\/li>\n<\/ul>\n<p><strong>Az EUR\/USD p\u00e1r a 200 peri\u00f3dus\u00fa mozg\u00f3\u00e1tlag felett van<\/strong><\/p><div id=\"gazda-3590525671\" class=\"gazda-tartalomban gazda-entity-placement\"><script async src=\"https:\/\/pagead2.googlesyndication.com\/pagead\/js\/adsbygoogle.js\"><\/script>\r\n<ins class=\"adsbygoogle\"\r\n     style=\"display:block\"\r\n     data-ad-format=\"fluid\"\r\n     data-ad-layout-key=\"-6t+ed+2i-1n-4w\"\r\n     data-ad-client=\"ca-pub-1959107119989764\"\r\n     data-ad-slot=\"4008251320\"><\/ins>\r\n<script>\r\n     (adsbygoogle = window.adsbygoogle || []).push({});\r\n<\/script><\/div>\n<p>&nbsp;<\/p>\n<ul>\n<li>Az<strong> EUR\/USD<\/strong> p\u00e1r kedden emelkedett, \u00e9s felfel\u00e9 \u00e1tt\u00f6rte a 200 peri\u00f3dus\u00fa mozg\u00f3\u00e1tlagot. A p\u00e1r azonban valamelyest cs\u00f6kkent, miut\u00e1n ellen\u00e1ll\u00e1sszintre tal\u00e1lt az 1,2570-es (R2) szinten, \u00e9s a korai eur\u00f3pai keresked\u00e9s sor\u00e1n tesztelni k\u00e9sz\u00fcl a kor\u00e1bban eml\u00edtett mozg\u00f3\u00e1tlagot, ez\u00fattal t\u00e1maszszintk\u00e9nt. A p\u00e1r v\u00e1rhat\u00f3an ism\u00e9t valamelyest emelkedni fog, mivel a tegnap k\u00f6zz\u00e9tett, meglep\u0151en kedvez\u0151 ZEW adatok miatt pozit\u00edv a hozz\u00e1\u00e1ll\u00e1s az eur\u00f3val kapcsolatban, legal\u00e1bbis az FOMC d\u00f6nt\u00e9sig \u00e9s a Fed eln\u00f6ke, Janet Yellen sajt\u00f3konferenci\u00e1j\u00e1ig. Hosszabb t\u00e1von az \u00e1rfolyam strukt\u00far\u00e1ja tov\u00e1bbra is alacsonyabb maximum szinteket \u00e9s alacsonyabb minimum szinteket \u00e9r el az 50 \u00e9s a 200 napos mozg\u00f3\u00e1tlag alatt, ez\u00e9rt az \u00e1ltal\u00e1nos \u00fatvonal cs\u00f6kken\u0151 marad.<\/li>\n<li>T\u00e1maszszint: 1,2410 (S1), 1,2360 (S2), 1,2300 (S3)<\/li>\n<li>Ellen\u00e1ll\u00e1sszint: 1,2530 (R1), 1,2570 (R2), 1,2620 (R3)<\/li>\n<\/ul>\n<p><strong>\u00a0<\/strong><\/p>\n<p><strong>Az USD\/JPY p\u00e1r ellen\u00e1ll\u00e1sszintk\u00e9nt teszteli a 117,35-\u00f6s szintet<\/strong><\/p>\n<ul>\n<li>Az<strong> USD\/JPY <\/strong>p\u00e1r kedden cs\u00f6kkent, majd lefel\u00e9 \u00e1tt\u00f6rte a 117,35-\u00f6s (R1) ellen\u00e1ll\u00e1sszintt\u00e9 v\u00e1lt t\u00e1maszszinti akad\u00e1lyt. A mozg\u00e1s n\u00e9h\u00e1ny pippel a 115,45-\u00f6s (S1) t\u00e1maszszint felett meg\u00e1llt, amely az okt\u00f3ber 15. \u00e9s december 8. k\u00f6z\u00f6tti el\u0151remenetel 38,2%-os visszat\u00e9r\u00e9si szintje. Az eur\u00f3pai kora reggel sor\u00e1n a p\u00e1r teszteli a 117,35-\u00f6s (R1) ellen\u00e1ll\u00e1sszintet. A r\u00f6vid t\u00e1v\u00fa momentum jelz\u00e9sekre tekintve l\u00e1that\u00f3, hogy az RSI t\u00e1maszszintre tal\u00e1lt \u00e9ppen a 30-as szint alatt \u00e9s emelkedett, mik\u00f6zben az MACD a legals\u00f3 szintre \u00e9r\u00e9s jeleit mutatja, \u00e9s \u00fagy t\u0171nik, hogy k\u00e9szen \u00e1ll az ind\u00edt\u00f3 vonal\u00e1n felfel\u00e9 val\u00f3 \u00e1tt\u00e9r\u00e9sre. Ezen momentum jelz\u00e9sek a cs\u00f6kken\u00e9s meg\u00e1ll\u00e1s\u00e1t jelzik, legal\u00e1bbis ideiglenesen. A hosszabb t\u00e1v\u00fa trendet tekintve az \u00e1rfolyam strukt\u00far\u00e1ja tov\u00e1bbra is magasabb maximum szinteket \u00e9s magasabb minimum szinteket tartalmaz az 50 \u00e9s a 200 napos mozg\u00f3\u00e1tlag felett, ami \u00e1ltal a p\u00e1r \u00e1ltal\u00e1nos \u00fatvonala n\u00f6vekv\u0151 marad. Ez\u00e9rt a k\u00f6zelm\u00faltbeli visszat\u00e9r\u00e9st vagy annak b\u00e1rmilyen hosszabb\u00edt\u00e1s\u00e1t tov\u00e1bbra is a hosszabb t\u00e1v\u00fa n\u00f6vekv\u0151 trend korrekci\u00f3j\u00e1nak tartan\u00e1m.<\/li>\n<li>T\u00e1maszszint: 115,45 (S1), 114,00 (S2), 113,400 (S3)<\/li>\n<li>Ellen\u00e1ll\u00e1sszint: 117,35 (R1), 120,00 (R2), 121,85 (R3)<\/li>\n<li><\/li>\n<\/ul>\n<p><strong>A GBP\/USD p\u00e1r egym\u00e1s ut\u00e1n k\u00e9t ellen\u00e1ll\u00e1sszintet t\u00f6rt \u00e1t<\/strong><\/p>\n<ul>\n<li>A<strong> GBP\/USD <\/strong>p\u00e1r kedden jelent\u0151sen emelkedett, \u00e9s egym\u00e1s ut\u00e1n k\u00e9t ellen\u00e1ll\u00e1sszintet t\u00f6rt \u00e1t. A mozg\u00e1st meg\u00e1ll\u00edtotta a 200 peri\u00f3dus\u00fa mozg\u00f3\u00e1tlag, \u00e9s az \u00e1rfolyam ism\u00e9t az 1,5740-es (R1) szint al\u00e1 ker\u00fclt. Mik\u00f6zben a GBP\/USD p\u00e1r tov\u00e1bbra is az 1,5700-as szint k\u00f6zel\u00e9ben mozoghat, mivel a p\u00e1r november eleje \u00f3ta konszolid\u00e1ci\u00f3s m\u00f3dban van, az \u00e1rfolyam val\u00f3sz\u00edn\u0171leg trendje ink\u00e1bb lefel\u00e9, mind felfel\u00e9 mozog. A jobb technikai k\u00e9p \u00e9rdek\u00e9ben v\u00e1rn\u00e9k a Fed eln\u00f6ke, Janet Yellen besz\u00e9d\u00e9re \u00e9s a gazdas\u00e1ggal \u00e9s a Fed Alapok kamatl\u00e1b\u00e1ra vonatkoz\u00f3 v\u00e1rakoz\u00e1sok \u201epontmez\u0151j\u00e9vel\u201d kapcsolatos, \u00faj el\u0151rejelz\u00e9sekre. A napi grafikonra tekintve fenntartom azon n\u00e9zetemet, hogy mivel a p\u00e1r \u00e1ltal\u00e1nos \u00fatvonala cs\u00f6kken\u0151, b\u00e1rmely olyan n\u00f6vekv\u0151 korrekci\u00f3s hull\u00e1mot, amely a 80 napos exponenci\u00e1lis mozg\u00f3\u00e1tlag alatt korl\u00e1tozott marad, meg\u00fajult elad\u00e1si lehet\u0151s\u00e9gnek tartan\u00e1m.<\/li>\n<li>T\u00e1maszszint: 1,5655 (S1), 1,5600 (S2), 1,5550 (S3)<\/li>\n<li>Ellen\u00e1ll\u00e1sszint: 1,5740 (R1), 1,5800 (R2), 1,5840 (R3)<\/li>\n<\/ul>\n<p><strong>\u00a0<\/strong><\/p>\n<p><strong>A WTI az 55,00-s szint alatt van<\/strong><\/p>\n<ul>\n<li>\u00dagy t\u0171nik, hogy a <strong>WTI <\/strong>szabades\u00e9sben van, mivel lefel\u00e9 \u00e1tt\u00f6rte az 55,00-s (R1) ellen\u00e1ll\u00e1sszintt\u00e9 v\u00e1lt t\u00e1maszszintet. A cs\u00f6kken\u00e9st meg\u00e1ll\u00edtotta az 53,80-as (S1) t\u00e1maszszint, amelyet a 2007. janu\u00e1r 30-i minimum szintek hat\u00e1roznak meg. Ezen szint lefel\u00e9 t\u00f6rt\u00e9n\u0151 \u00e1tt\u00f6r\u00e9se hat\u00e1s\u00e1ra az \u00e1r m\u00e9g ink\u00e1bb cs\u00f6kkenhet a k\u00f6vetkez\u0151, 52,60-as (S2) t\u00e1maszszint fel\u00e9. A napi grafikonon hosszabb t\u00e1von az \u00e1ltal\u00e1nos \u00fatvonal cs\u00f6kken\u0151 marad, \u00e9s napi technikai mutat\u00f3sz\u00e1maink is al\u00e1t\u00e1masztj\u00e1k ezt az elgondol\u00e1st. Az 50 \u00e9s a 200 napos mozg\u00f3\u00e1tlag az \u00e1rfolyam strukt\u00far\u00e1ja felett maradnak \u00e9s tov\u00e1bbra is cs\u00f6kken\u0151 az ir\u00e1nyuk. A 14 napos RSI t\u00faladott tartom\u00e1ny\u00e1ban marad \u00e9s oldalir\u00e1nyba mutat, mik\u00f6zben a napi MACD &#8211; b\u00e1r sz\u00e9ls\u0151s\u00e9gesen alacsony szinteken van &#8211; ind\u00edt\u00f3 vonala alatt van \u00e9s lefel\u00e9 mutat. Ezen momentum jelz\u00e9sek jelent\u0151s cs\u00f6kken\u0151 momentumot t\u00e1rnak el\u00e9nk, \u00e9s fokozz\u00e1k annak val\u00f3sz\u00edn\u0171s\u00e9g\u00e9t, hogy az olaj\u00e1rak a k\u00f6zelj\u00f6v\u0151ben m\u00e9g ink\u00e1bb cs\u00f6kkenni fognak.<\/li>\n<li>T\u00e1maszszint: 53,80 (S1), 52,60 (S2), 50,35 (S3)<\/li>\n<li>Ellen\u00e1ll\u00e1sszint: 55,00 (R1), 56,25 (R2), 58,60 (R3)<\/li>\n<\/ul>\n<p>&nbsp;<\/p>\n<p><strong>Az arany ism\u00e9t az 1190-es szint felett van<\/strong><\/p>\n<ul>\n<li>Az <strong>arany<\/strong> kedden jelent\u0151sen emelkedett, \u00e9s egym\u00e1s ut\u00e1n k\u00e9t ellen\u00e1ll\u00e1sszintet t\u00f6rt \u00e1t, majd cs\u00f6kkent, lefel\u00e9 \u00e1tt\u00f6rte az 1190-es (S1) t\u00e1maszszintet, \u00e9s a napot az el\u0151z\u0151 napi szintre visszat\u00e9rve fejezte be. A r\u00f6vid t\u00e1v\u00fa momentum jelz\u00e9sekre tekintve l\u00e1that\u00f3, hogy az RSI ism\u00e9t t\u00e1maszszintre tal\u00e1lt 30-as szintje k\u00f6zel\u00e9ben \u00e9s felfel\u00e9 mutat, mik\u00f6zben az MACD &#8211; b\u00e1r negat\u00edv tartom\u00e1nyban van &#8211; \u00fagy t\u0171nik, hogy hajland\u00f3 hamarosan b\u00e1rmikor \u00e1tt\u00e9rni ind\u00edt\u00f3 vonal\u00e1n. Az 1210-es (R1) ellen\u00e1ll\u00e1sszinti akad\u00e1ly ism\u00e9telt tesztel\u00e9se lehets\u00e9gesnek t\u0171nik, mivel \u00fagy t\u0171nik, hogy a medv\u00e9k k\u00e9ptelenek lejjebb nyomni az \u00e1rat. Mindazon\u00e1ltal v\u00e1rn\u00e9k a nap folyam\u00e1n meghozand\u00f3 FOMC d\u00f6nt\u00e9sre, hogy jobb technikai k\u00e9p t\u00e1ruljon el\u00e9nk.<\/li>\n<li>T\u00e1maszszint: 1190 (S1), 1186 (S2), 1175 (S3)<\/li>\n<li>Ellen\u00e1ll\u00e1sszint: 1210 (R1), 1215 (R2), 1235 (R3)<\/li>\n<\/ul>\n<p>&nbsp;<\/p>\n","protected":false},"excerpt":{"rendered":"<p>P\u00e1cban a piac A tegnapi mozg\u00e1sok egy\u00e9rtelm\u0171en a piacokon uralkod\u00f3 p\u00e1nikr\u00f3l \u00e1rulkodtak. A rubel k\u00f6zel 20%-os gyeng\u00fcl\u00e9se, valamint a norv\u00e9g korona \u00f3ri\u00e1si mozg\u00e1sai nem voltak racion\u00e1lisak (k\u00f6zel 7%-os mozg\u00e1s t\u00f6rt\u00e9nt az EUR\/NOK p\u00e1ron k\u00e9t \u00f3ra leforg\u00e1sa alatt, majd teljes m\u00e9rt\u00e9kben fordulatot vett a k\u00f6vetkez\u0151 n\u00e9gy \u00f3r\u00e1ban).<\/p>\n","protected":false},"author":1,"featured_media":39322,"comment_status":"open","ping_status":"closed","sticky":false,"template":"","format":"standard","meta":[],"categories":[8,131,122,153],"tags":[149],"_links":{"self":[{"href":"https:\/\/gazdasagportal.hu\/index.php\/wp-json\/wp\/v2\/posts\/53023"}],"collection":[{"href":"https:\/\/gazdasagportal.hu\/index.php\/wp-json\/wp\/v2\/posts"}],"about":[{"href":"https:\/\/gazdasagportal.hu\/index.php\/wp-json\/wp\/v2\/types\/post"}],"author":[{"embeddable":true,"href":"https:\/\/gazdasagportal.hu\/index.php\/wp-json\/wp\/v2\/users\/1"}],"replies":[{"embeddable":true,"href":"https:\/\/gazdasagportal.hu\/index.php\/wp-json\/wp\/v2\/comments?post=53023"}],"version-history":[{"count":1,"href":"https:\/\/gazdasagportal.hu\/index.php\/wp-json\/wp\/v2\/posts\/53023\/revisions"}],"predecessor-version":[{"id":53027,"href":"https:\/\/gazdasagportal.hu\/index.php\/wp-json\/wp\/v2\/posts\/53023\/revisions\/53027"}],"wp:featuredmedia":[{"embeddable":true,"href":"https:\/\/gazdasagportal.hu\/index.php\/wp-json\/wp\/v2\/media\/39322"}],"wp:attachment":[{"href":"https:\/\/gazdasagportal.hu\/index.php\/wp-json\/wp\/v2\/media?parent=53023"}],"wp:term":[{"taxonomy":"category","embeddable":true,"href":"https:\/\/gazdasagportal.hu\/index.php\/wp-json\/wp\/v2\/categories?post=53023"},{"taxonomy":"post_tag","embeddable":true,"href":"https:\/\/gazdasagportal.hu\/index.php\/wp-json\/wp\/v2\/tags?post=53023"}],"curies":[{"name":"wp","href":"https:\/\/api.w.org\/{rel}","templated":true}]}}