{"id":5291,"date":"2013-03-15T12:55:58","date_gmt":"2013-03-15T11:55:58","guid":{"rendered":"http:\/\/stockportal.hu\/?p=5291"},"modified":"2013-03-15T12:55:58","modified_gmt":"2013-03-15T11:55:58","slug":"uj-papa-ferenc-papa-fogadta-a-biborosi-testulet-tagjait","status":"publish","type":"post","link":"https:\/\/gazdasagportal.hu\/index.php\/uj-papa-ferenc-papa-fogadta-a-biborosi-testulet-tagjait\/","title":{"rendered":"\u00daj p\u00e1pa &#8211; Ferenc p\u00e1pa fogadta a b\u00edborosi test\u00fclet tagjait"},"content":{"rendered":"<p><strong>Az \u0151t megv\u00e1laszt\u00f3 b\u00edborosokat \u00e9s a nyolcvan \u00e9vn\u00e9l id\u0151sebb, nem p\u00e1pav\u00e1laszt\u00f3 b\u00edborosokat egy\u00fctt fogadta p\u00e9nteken a vatik\u00e1ni Kelemen-teremben Ferenc p\u00e1pa.<!--more--><\/strong><\/p>\n<p>XVI. Benedeknek mondott k\u00f6sz\u00f6nettel kezdte besz\u00e9d\u00e9t Ferenc p\u00e1pa, akit a terembe val\u00f3 bel\u00e9p\u00e9sekor a b\u00edborosi test\u00fclet tagjainak tapsa fogadott. A nyugalmazott p\u00e1p\u00e1t ut\u00f3dja &#8222;lelki \u00f6r\u00f6ks\u00e9gnek&#8221; \u00e9s &#8222;\u00e9ltet\u0151 l\u00e1ngnak&#8221; nevezte az eg\u00e9sz egyh\u00e1z sz\u00e1m\u00e1ra. Ferenc p\u00e1pa \u00fagy fogalmazott, XVI. Benedek lemond\u00e1s\u00e1nak &#8222;al\u00e1zatos \u00e9s b\u00e1tor gesztusa \u00faj er\u0151t adott az egyh\u00e1znak&#8221;.<br \/>\nH\u00fasz perces, olasz nyelv\u0171, r\u00e9szben felolvasott, r\u00e9szben improviz\u00e1lt besz\u00e9d\u00e9ben Ferenc p\u00e1pa elmondta, hogy m\u00e9ly \u00e9rzelmek \u00f6nt\u00f6tt\u00e9k el, amikor megv\u00e1laszt\u00e1sa ut\u00e1n megl\u00e1tta a t\u00f6meget a Szent P\u00e9ter t\u00e9ren.<br \/>\n&#8222;Soha ne engedj\u00fcnk a pesszimizmusnak, a keser\u0171s\u00e9gnek (&#8230;) az elb\u00e1tortalanod\u00e1snak. Minden nap tal\u00e1ljunk r\u00e1 arra a b\u00e1tors\u00e1gra, amellyel az evang\u00e9liumot el tudjuk vinni a vil\u00e1g legt\u00e1volabbi r\u00e9sz\u00e9be is&#8221; &#8211; hangoztatta az egyh\u00e1zf\u0151, hangs\u00falyozva, hogy &#8222;a vil\u00e1gban fel kell t\u00e1masztani a kereszt\u00e9ny l\u00e9t \u00f6r\u00f6m\u00e9t&#8221;. Ferenc p\u00e1pa &#8222;\u00faj evangeliz\u00e1ci\u00f3s m\u00f3dszereket&#8221; szorgalmazott.<br \/>\nTestv\u00e9reknek nevezett b\u00edborost\u00e1rsainak a 76 \u00e9ves p\u00e1pa azt mondta: a test\u00fclet &#8222;fele az \u00f6reg korban j\u00e1r, de az \u00f6regs\u00e9g a b\u00f6lcsess\u00e9g kora. Aj\u00e1nd\u00e9kozzuk ezt a b\u00f6lcsess\u00e9get a fiataloknak, mik\u00e9nt a j\u00f3 bor, amely min\u00e9l id\u0151sebb, ann\u00e1l jobb&#8221;.<br \/>\nBesz\u00e9de v\u00e9g\u00e9n a p\u00e1pa \u00e1ld\u00e1s\u00e1t adta a b\u00edborosokra. \u00a0\u00a0\u00a0\u00a0\u00a0\u00a0\u00a0\u00a0Megv\u00e1laszt\u00e1sa ut\u00e1n k\u00e9t nappal az egyh\u00e1zf\u0151 az \u00f6sszes b\u00edborossal a vatik\u00e1ni Kelemen-teremben tal\u00e1lkozott, ugyanott ahol XVI. Benedek febru\u00e1r 28-\u00e1n, a Vatik\u00e1nb\u00f3l val\u00f3 t\u00e1voz\u00e1s\u00e1nak \u00e9s lemond\u00e1s\u00e1nak napj\u00e1n b\u00facs\u00fazott el a b\u00edborosokt\u00f3l.<br \/>\nFerenc p\u00e1p\u00e1t a b\u00edborosok nev\u00e9ben Angelo Sodano a test\u00fclet vezet\u0151je \u00fcdv\u00f6z\u00f6lte.<br \/>\nA b\u00edborosok egyenk\u00e9nt \u00fcdv\u00f6z\u00f6lt\u00e9k az \u00faj p\u00e1p\u00e1t. T\u00f6bben k\u00f6z\u00fcl\u00fck kisebb aj\u00e1nd\u00e9kot vagy levelet ny\u00fajtottak \u00e1t a p\u00e1p\u00e1nak.<br \/>\nA Vatik\u00e1n bejelentette, hogy a Sixtus-k\u00e1polna \u00e9s a Vatik\u00e1ni M\u00fazeumnak a konkl\u00e1v\u00e9 alatt lez\u00e1rt r\u00e9szei h\u00e9tf\u0151t\u0151l ism\u00e9t l\u00e1togathat\u00f3k lesznek.(MTI)<\/p>\n","protected":false},"excerpt":{"rendered":"<p>Az \u0151t megv\u00e1laszt\u00f3 b\u00edborosokat \u00e9s a nyolcvan \u00e9vn\u00e9l id\u0151sebb, nem p\u00e1pav\u00e1laszt\u00f3 b\u00edborosokat egy\u00fctt fogadta p\u00e9nteken a vatik\u00e1ni Kelemen-teremben Ferenc p\u00e1pa.<\/p>\n","protected":false},"author":1,"featured_media":0,"comment_status":"closed","ping_status":"open","sticky":false,"template":"","format":"standard","meta":[],"categories":[48],"tags":[72],"_links":{"self":[{"href":"https:\/\/gazdasagportal.hu\/index.php\/wp-json\/wp\/v2\/posts\/5291"}],"collection":[{"href":"https:\/\/gazdasagportal.hu\/index.php\/wp-json\/wp\/v2\/posts"}],"about":[{"href":"https:\/\/gazdasagportal.hu\/index.php\/wp-json\/wp\/v2\/types\/post"}],"author":[{"embeddable":true,"href":"https:\/\/gazdasagportal.hu\/index.php\/wp-json\/wp\/v2\/users\/1"}],"replies":[{"embeddable":true,"href":"https:\/\/gazdasagportal.hu\/index.php\/wp-json\/wp\/v2\/comments?post=5291"}],"version-history":[{"count":2,"href":"https:\/\/gazdasagportal.hu\/index.php\/wp-json\/wp\/v2\/posts\/5291\/revisions"}],"predecessor-version":[{"id":5293,"href":"https:\/\/gazdasagportal.hu\/index.php\/wp-json\/wp\/v2\/posts\/5291\/revisions\/5293"}],"wp:attachment":[{"href":"https:\/\/gazdasagportal.hu\/index.php\/wp-json\/wp\/v2\/media?parent=5291"}],"wp:term":[{"taxonomy":"category","embeddable":true,"href":"https:\/\/gazdasagportal.hu\/index.php\/wp-json\/wp\/v2\/categories?post=5291"},{"taxonomy":"post_tag","embeddable":true,"href":"https:\/\/gazdasagportal.hu\/index.php\/wp-json\/wp\/v2\/tags?post=5291"}],"curies":[{"name":"wp","href":"https:\/\/api.w.org\/{rel}","templated":true}]}}