{"id":52801,"date":"2014-12-15T02:04:45","date_gmt":"2014-12-15T01:04:45","guid":{"rendered":"http:\/\/stockportal.hu\/?p=52801"},"modified":"2014-12-14T21:34:36","modified_gmt":"2014-12-14T20:34:36","slug":"taxisblokad-hetfon-az-uber-ellen","status":"publish","type":"post","link":"https:\/\/gazdasagportal.hu\/index.php\/taxisblokad-hetfon-az-uber-ellen\/","title":{"rendered":"Taxisblok\u00e1d h\u00e9tf\u0151n az Uber ellen"},"content":{"rendered":"<p><strong>P\u00e1rizs k\u00f6r\u00fcli taxisblok\u00e1dra sz\u00f3l\u00edtotta fel h\u00e9tf\u0151re tagjait a h\u00e1rom legjelent\u0151sebb francia taxisszervezet. A taxisok az Uber k\u00f6z\u00f6ss\u00e9gi utaz\u00e1smegoszt\u00f3 szolg\u00e1ltat\u00e1s ellen tiltakoznak.<br \/>\n<\/strong><!--more--><\/p>\n<div class=\"ads-in-post1\"><div id=\"gazdasagportal.hu_fullbanner_wideboard\"><\/div>\r\n<\/div>\n    Miut\u00e1n a p\u00e1rizsi kereskedelemi b\u00edr\u00f3s\u00e1g p\u00e9nteken nem tiltotta be az UberPop mobiltelefonos alkalmaz\u00e1s \u00fczemeltet\u00e9s\u00e9t, a h\u00e1rom legjelent\u0151sebb taxiv\u00e1llalat &#8222;ezen igazs\u00e1gtalans\u00e1g ellen hat\u00e1rozott \u00e9s heves v\u00e1laszl\u00e9p\u00e9sre&#8221; k\u00e9rte a taxisokat. V\u00e9lem\u00e9ny\u00fck szerint az Uber tisztess\u00e9gtelen versenyben veszi el a bejegyzett taxisokt\u00f3l a munk\u00e1t, miut\u00e1n a szolg\u00e1ltat\u00e1st ny\u00fajt\u00f3 sof\u0151r\u00f6kre nem vonatkoznak a taxisok eset\u00e9ben szigor\u00fa k\u00f6vetelm\u00e9nyek.<br \/>\n    A felh\u00edv\u00e1s szerint &#8222;\u00f3ri\u00e1si mobiliz\u00e1ci\u00f3&#8221; v\u00e1rhat\u00f3 h\u00e9tf\u0151 reggel 5 \u00f3r\u00e1t\u00f3l a Roissy &#8211; Charles de Gaulle rep\u00fcl\u0151t\u00e9r k\u00f6r\u00fcl, illetve az onnan P\u00e1rizsba vezet\u0151 \u00e9szaki aut\u00f3p\u00e1ly\u00e1n, a f\u0151v\u00e1rosba keletr\u0151l bevezet\u0151 utakon, a P\u00e1rizst\u00f3l d\u00e9li ir\u00e1nyban tal\u00e1lhat\u00f3 Orly rep\u00fcl\u0151t\u00e9rr\u0151l bevezet\u0151 aut\u00f3p\u00e1ly\u00e1n \u00e9s a nyugati ir\u00e1nyba indul\u00f3 aut\u00f3p\u00e1ly\u00e1n. Azaz P\u00e1rizs k\u00f6r\u00fcl teljes blok\u00e1dot hirdettek a taxisok.<br \/>\n    Az amerikai k\u00f6zpont\u00fa Uber m\u00e1r Eur\u00f3pa sok orsz\u00e1g\u00e1ban jelen van, \u00e9s munkam\u00f3dszere m\u00e1r sz\u00e1mos hely\u00fctt \u00e9les tiltakoz\u00e1sokat v\u00e1ltott ki. A szolg\u00e1ltat\u00e1s Franciaorsz\u00e1gban febru\u00e1r \u00f3ta el\u00e9rhet\u0151. A szolg\u00e1ltat\u00e1s l\u00e9nyege, hogy a rendszer\u00e9hez csatlakoz\u00f3 (hivat\u00e1sos vagy ak\u00e1r nem hivat\u00e1sos) aut\u00f3sok \u00e9s leend\u0151 utasaik okostelefonra let\u00f6lthet\u0151 alkalmaz\u00e1son kereszt\u00fcl, k\u00f6zvetlen\u00fcl tal\u00e1lhatnak egym\u00e1sra, \u00e9s a viteld\u00edj rendez\u00e9se is a rendszeren kereszt\u00fcl t\u00f6rt\u00e9nik. Magyarorsz\u00e1gon is egyre t\u00f6bben veszik ig\u00e9nybe, ez\u00e9rt a Nemzetgazdas\u00e1gi Miniszt\u00e9rium a k\u00f6zelm\u00faltban egyeztet\u00e9seket ind\u00edtott a megfelel\u0151 szab\u00e1lyoz\u00e1si k\u00f6rnyezet kialak\u00edt\u00e1sa \u00e9rdek\u00e9ben.(MTI)<\/p>\n","protected":false},"excerpt":{"rendered":"<p>P\u00e1rizs k\u00f6r\u00fcli taxisblok\u00e1dra sz\u00f3l\u00edtotta fel h\u00e9tf\u0151re tagjait a h\u00e1rom legjelent\u0151sebb francia taxisszervezet. A taxisok az Uber k\u00f6z\u00f6ss\u00e9gi utaz\u00e1smegoszt\u00f3 szolg\u00e1ltat\u00e1s ellen tiltakoznak.<\/p>\n","protected":false},"author":1,"featured_media":0,"comment_status":"open","ping_status":"closed","sticky":false,"template":"","format":"standard","meta":[],"categories":[12],"tags":[],"_links":{"self":[{"href":"https:\/\/gazdasagportal.hu\/index.php\/wp-json\/wp\/v2\/posts\/52801"}],"collection":[{"href":"https:\/\/gazdasagportal.hu\/index.php\/wp-json\/wp\/v2\/posts"}],"about":[{"href":"https:\/\/gazdasagportal.hu\/index.php\/wp-json\/wp\/v2\/types\/post"}],"author":[{"embeddable":true,"href":"https:\/\/gazdasagportal.hu\/index.php\/wp-json\/wp\/v2\/users\/1"}],"replies":[{"embeddable":true,"href":"https:\/\/gazdasagportal.hu\/index.php\/wp-json\/wp\/v2\/comments?post=52801"}],"version-history":[{"count":1,"href":"https:\/\/gazdasagportal.hu\/index.php\/wp-json\/wp\/v2\/posts\/52801\/revisions"}],"predecessor-version":[{"id":52802,"href":"https:\/\/gazdasagportal.hu\/index.php\/wp-json\/wp\/v2\/posts\/52801\/revisions\/52802"}],"wp:attachment":[{"href":"https:\/\/gazdasagportal.hu\/index.php\/wp-json\/wp\/v2\/media?parent=52801"}],"wp:term":[{"taxonomy":"category","embeddable":true,"href":"https:\/\/gazdasagportal.hu\/index.php\/wp-json\/wp\/v2\/categories?post=52801"},{"taxonomy":"post_tag","embeddable":true,"href":"https:\/\/gazdasagportal.hu\/index.php\/wp-json\/wp\/v2\/tags?post=52801"}],"curies":[{"name":"wp","href":"https:\/\/api.w.org\/{rel}","templated":true}]}}