{"id":52797,"date":"2014-12-15T03:31:51","date_gmt":"2014-12-15T02:31:51","guid":{"rendered":"http:\/\/stockportal.hu\/?p=52797"},"modified":"2014-12-14T21:32:29","modified_gmt":"2014-12-14T20:32:29","slug":"orban-a-gazdasagi-novekedeshez-at-kell-lepni-a-hagyomanyos-dogmakon","status":"publish","type":"post","link":"https:\/\/gazdasagportal.hu\/index.php\/orban-a-gazdasagi-novekedeshez-at-kell-lepni-a-hagyomanyos-dogmakon\/","title":{"rendered":"Orb\u00e1n: a gazdas\u00e1gi n\u00f6veked\u00e9shez \u00e1t kell l\u00e9pni a hagyom\u00e1nyos dogm\u00e1kon"},"content":{"rendered":"<p><strong>Magyarorsz\u00e1g bebizony\u00edtotta, hogy a gazdas\u00e1gi n\u00f6veked\u00e9s \u00e9rdek\u00e9ben \u00e1t kell l\u00e9pni n\u00e9h\u00e1ny hagyom\u00e1nyos gazdas\u00e1gi dogm\u00e1n &#8211; \u00edrta Orb\u00e1n Viktor minisztereln\u00f6k a belgr\u00e1di K\u00edna-K\u00f6z\u00e9p-Kelet-Eur\u00f3pa cs\u00facstal\u00e1lkoz\u00f3 el\u0151tt a Tanjug szerb h\u00edr\u00fcgyn\u00f6ks\u00e9g megkeres\u00e9s\u00e9re.<\/strong><!--more--><\/p>\n<div class=\"ads-in-post1\"><div id=\"gazdasagportal.hu_fullbanner_wideboard\"><\/div>\r\n<\/div>\n<p>    A vas\u00e1rnap k\u00f6z\u00f6lt sz\u00f6veg szerint a magyar korm\u00e1nyf\u0151 kiemelte: Eur\u00f3p\u00e1ban \u00e1ltal\u00e1nosan elfogadott az az elk\u00e9pzel\u00e9s, hogy n\u00e9h\u00e1ny \u00e9ven bel\u00fcl K\u00f6z\u00e9p-Eur\u00f3pa v\u00e1lik az Eur\u00f3pai Uni\u00f3 n\u00f6veked\u00e9s\u00e9nek mozgat\u00f3rug\u00f3j\u00e1v\u00e1.<br \/>\n    Orb\u00e1n Viktor azt \u00edrta, az ut\u00f3bbi n\u00e9h\u00e1ny \u00e9vben Magyarorsz\u00e1g a k\u00f6z\u00e9p-eur\u00f3pai r\u00e9gi\u00f3 vezet\u0151 orsz\u00e1g\u00e1v\u00e1 v\u00e1lt, szigor\u00fa k\u00f6lts\u00e9gvet\u00e9si fegyelem mellett is az egyik legnagyobb gazdas\u00e1gi n\u00f6veked\u00e9st produk\u00e1l\u00f3 \u00e1llam lett. Nemcsak, hogy kil\u00e9pt\u00fcnk a p\u00e9nz\u00fcgyi v\u00e1ls\u00e1gb\u00f3l, hanem a hozz\u00e1\u00e1ll\u00e1sunkon is v\u00e1ltoztattunk, \u00e9s m\u00e1r nem probl\u00e9mak\u00e9nt, hanem lehet\u0151s\u00e9gk\u00e9nt gondoltunk a v\u00e1ls\u00e1gra &#8211; fogalmazott a minisztereln\u00f6k, hozz\u00e1t\u00e9ve, Magyarorsz\u00e1g politikai stabilit\u00e1sa a bizony\u00edt\u00e9k arra, hogy nemcsak t\u00fal\u00e9lt\u00fck a v\u00e1ls\u00e1got, hanem meg is tudtunk er\u0151s\u00f6dni a neh\u00e9z id\u0151szak alatt.<br \/>\n    2010-ig a magyar \u00e1llamad\u00f3ss\u00e1g a GDP 85 sz\u00e1zal\u00e9k\u00e1ra n\u0151tt, m\u00edg a k\u00f6lts\u00e9gvet\u00e9si hi\u00e1ny el\u00e9rte a 7 sz\u00e1zal\u00e9kot, bonyolult, progressz\u00edv ad\u00f3z\u00e1si rendszer\u00fcnk volt, amely azokat b\u00fcntette, akik t\u00f6bbet akartak dolgozni vagy t\u00f6bb embert szerettek volna foglalkoztatni. \u00dagy l\u00e1ttuk, hogy m\u00e9g a struktur\u00e1lis reformok sem elegend\u0151ek &#8211; hangs\u00falyozta Orb\u00e1n Viktor.<br \/>\n    \u00c1tszervez\u00e9sre \u00e9s Magyarorsz\u00e1g teljes meg\u00faj\u00edt\u00e1s\u00e1ra volt sz\u00fcks\u00e9g &#8211; tette hozz\u00e1. El\u0151sz\u00f6r is igazs\u00e1gosan kellett elosztanunk a terheket, ez\u00e9rt &#8222;megfelezt\u00fck a politikai elitet&#8221;: 50 sz\u00e1zal\u00e9kkal cs\u00f6kkentett\u00fck a miniszterek, a parlamenti k\u00e9pvisel\u0151k \u00e9s az \u00f6nkorm\u00e1nyzati k\u00e9pvisel\u0151k sz\u00e1m\u00e1t &#8211; emelte ki. Orb\u00e1n Viktor a szerb h\u00edr\u00fcgyn\u00f6ks\u00e9gnek \u00edrt az \u00faj ad\u00f3nemekr\u0151l, a 16 sz\u00e1zal\u00e9kos egys\u00e9ges szja-kulcsr\u00f3l, valamint arr\u00f3l, hogyan seg\u00edtette a korm\u00e1ny 900 ezer ember munk\u00e1ba \u00e1ll\u00edt\u00e1s\u00e1t.<br \/>\n    Mindezeknek k\u00f6sz\u00f6nhet\u0151en Magyarorsz\u00e1g az egyik legnagyobb gazdas\u00e1gi n\u00f6veked\u00e9st tudta felmutatni az EU-orsz\u00e1gok k\u00f6z\u00fcl, az \u00e9v v\u00e9g\u00e9ig 3 sz\u00e1zal\u00e9kos n\u00f6veked\u00e9sre sz\u00e1m\u00edt a magyar korm\u00e1nyf\u0151. Az ipari termel\u00e9s 8,6 sz\u00e1zal\u00e9kkal, az \u00e9p\u00edt\u0151ipar 18 sz\u00e1zal\u00e9kkal, a beruh\u00e1z\u00e1sok sz\u00e1ma pedig 21 sz\u00e1zal\u00e9kkal n\u0151tt &#8211; tette hozz\u00e1.<br \/>\n    Azt is hangs\u00falyozta, hogy 22 \u00e9ve nem tapasztalt foglalkoztat\u00e1si cs\u00facsot \u00e9rt el az orsz\u00e1g, jelenleg t\u00f6bb mint 4,1 milli\u00f3 embernek van munk\u00e1ja. &#8222;Azonban m\u00e9g mindig nem vagyunk el\u00e9gedettek&#8221; &#8211; fogalmazott a korm\u00e1nyf\u0151, hozz\u00e1t\u00e9ve: a c\u00e9l az, hogy a foglalkoztatottak sz\u00e1ma el\u00e9rje az 5 milli\u00f3t.<br \/>\n    Al\u00e1h\u00fazta, az \u00e1llamad\u00f3ss\u00e1g m\u00e1r negyedik \u00e9ve folyamatosan cs\u00f6kken, \u00e9s a k\u00f6lts\u00e9gvet\u00e9si hi\u00e1nyt is j\u00f3val a 3 sz\u00e1zal\u00e9kos hat\u00e1r alatt tudja tartani az orsz\u00e1g, aminek k\u00f6sz\u00f6nhet\u0151en az uni\u00f3s csatlakoz\u00e1s \u00f3ta el\u0151sz\u00f6r Br\u00fcsszel megsz\u00fcntette a Magyarorsz\u00e1ggal szembeni t\u00falzottdeficit-elj\u00e1r\u00e1st.<br \/>\n    \u00d6sszegz\u00e9sk\u00e9nt a korm\u00e1nyf\u0151 meg\u00e1llap\u00edtotta: Magyarorsz\u00e1g bebizony\u00edtotta, hogy egyes hagyom\u00e1nyos gazdas\u00e1gi dogm\u00e1kon \u00e1t kell l\u00e9pni. Tapasztalataink azt mutatj\u00e1k, hogy a gazdas\u00e1gi n\u00f6veked\u00e9st lehet \u00f6szt\u00f6n\u00f6zni, lehet \u00faj munkahelyeket teremteni, lehet k\u00fczdeni az \u00e1llamad\u00f3ss\u00e1g \u00e9s a magas k\u00f6lts\u00e9gvet\u00e9si hi\u00e1ny ellen &#8211; \u00edrta Orb\u00e1n Viktor a Tanjugnak.<br \/>\n    A korm\u00e1nyf\u0151 kiemelte, hogy a vil\u00e1g nagyon gyorsan v\u00e1ltozik, \u00e9s a befektet\u00e9sek\u00e9rt, valamint a gazdas\u00e1gi lehet\u0151s\u00e9gek\u00e9rt foly\u00f3 verseny egyre nehezebb\u00e9 v\u00e1lik. &#8222;Hiszem ugyanakkor azt, hogy Magyarorsz\u00e1g \u00e9s a magyar n\u00e9p eredm\u00e9nyei maguk\u00e9rt besz\u00e9lnek: j\u00f6jjenek \u00e9s fektessenek be Magyarorsz\u00e1gon, \u00e9s \u00e9ljenek a magyar gazdas\u00e1gi strat\u00e9gia lehet\u0151s\u00e9geivel&#8221; &#8211; z\u00e1rta a K\u00edna-K\u00f6z\u00e9p-Kelet-Eur\u00f3pa cs\u00facstal\u00e1lkoz\u00f3 alkalm\u00e1b\u00f3l sz\u00fcletett \u00e1ll\u00e1sfoglal\u00e1s\u00e1t a magyar minisztereln\u00f6k.<br \/>\n    A december 16-17-i belgr\u00e1di cs\u00facstal\u00e1lkoz\u00f3n v\u00e1rhat\u00f3an 16 orsz\u00e1g korm\u00e1nyf\u0151je vesz r\u00e9szt. Szerbia egyebek mellett arra sz\u00e1m\u00edt, hogy Magyarorsz\u00e1ggal \u00e9s K\u00edn\u00e1val \u00fajabb el\u0151rel\u00e9p\u00e9st \u00e9rhet el a Belgr\u00e1d-Budapest vas\u00fatvonal fel\u00faj\u00edt\u00e1s\u00e1nak \u00fcgy\u00e9ben.<br \/>\n    A tal\u00e1lkoz\u00f3 el\u0151tt k\u00e9rt a Tanjug szerb h\u00edr\u00fcgyn\u00f6ks\u00e9g a r\u00e9sztvev\u0151 \u00e1llami vezet\u0151kt\u0151l \u00e9rt\u00e9kel\u0151 \u00e1ll\u00e1sfoglal\u00e1sokat, amelyeket vas\u00e1rnap tettek k\u00f6zz\u00e9.(MTI)<\/p>\n","protected":false},"excerpt":{"rendered":"<p>Magyarorsz\u00e1g bebizony\u00edtotta, hogy a gazdas\u00e1gi n\u00f6veked\u00e9s \u00e9rdek\u00e9ben \u00e1t kell l\u00e9pni n\u00e9h\u00e1ny hagyom\u00e1nyos gazdas\u00e1gi dogm\u00e1n &#8211; \u00edrta Orb\u00e1n Viktor minisztereln\u00f6k a belgr\u00e1di K\u00edna-K\u00f6z\u00e9p-Kelet-Eur\u00f3pa cs\u00facstal\u00e1lkoz\u00f3 el\u0151tt a Tanjug szerb h\u00edr\u00fcgyn\u00f6ks\u00e9g megkeres\u00e9s\u00e9re.<\/p>\n","protected":false},"author":1,"featured_media":0,"comment_status":"open","ping_status":"closed","sticky":false,"template":"","format":"standard","meta":[],"categories":[19],"tags":[],"_links":{"self":[{"href":"https:\/\/gazdasagportal.hu\/index.php\/wp-json\/wp\/v2\/posts\/52797"}],"collection":[{"href":"https:\/\/gazdasagportal.hu\/index.php\/wp-json\/wp\/v2\/posts"}],"about":[{"href":"https:\/\/gazdasagportal.hu\/index.php\/wp-json\/wp\/v2\/types\/post"}],"author":[{"embeddable":true,"href":"https:\/\/gazdasagportal.hu\/index.php\/wp-json\/wp\/v2\/users\/1"}],"replies":[{"embeddable":true,"href":"https:\/\/gazdasagportal.hu\/index.php\/wp-json\/wp\/v2\/comments?post=52797"}],"version-history":[{"count":1,"href":"https:\/\/gazdasagportal.hu\/index.php\/wp-json\/wp\/v2\/posts\/52797\/revisions"}],"predecessor-version":[{"id":52798,"href":"https:\/\/gazdasagportal.hu\/index.php\/wp-json\/wp\/v2\/posts\/52797\/revisions\/52798"}],"wp:attachment":[{"href":"https:\/\/gazdasagportal.hu\/index.php\/wp-json\/wp\/v2\/media?parent=52797"}],"wp:term":[{"taxonomy":"category","embeddable":true,"href":"https:\/\/gazdasagportal.hu\/index.php\/wp-json\/wp\/v2\/categories?post=52797"},{"taxonomy":"post_tag","embeddable":true,"href":"https:\/\/gazdasagportal.hu\/index.php\/wp-json\/wp\/v2\/tags?post=52797"}],"curies":[{"name":"wp","href":"https:\/\/api.w.org\/{rel}","templated":true}]}}