{"id":52791,"date":"2014-12-15T03:03:41","date_gmt":"2014-12-15T02:03:41","guid":{"rendered":"http:\/\/stockportal.hu\/?p=52791"},"modified":"2014-12-14T20:57:44","modified_gmt":"2014-12-14T19:57:44","slug":"a-koltsegvetes-elfogadasa-ellen-tiltakoztak-budapesten","status":"publish","type":"post","link":"https:\/\/gazdasagportal.hu\/index.php\/a-koltsegvetes-elfogadasa-ellen-tiltakoztak-budapesten\/","title":{"rendered":"A k\u00f6lts\u00e9gvet\u00e9s elfogad\u00e1sa ellen tiltakoztak Budapesten"},"content":{"rendered":"<p><strong>A k\u00f6lts\u00e9gvet\u00e9si t\u00f6rv\u00e9nytervezet h\u00e9tf\u0151i elfogad\u00e1sa ellen t\u00fcntettek civil szervezetek \u00e9s szakszervezetek vas\u00e1rnap d\u00e9lut\u00e1n Budapesten, a Kossuth Lajos t\u00e9ren.<\/strong><!--more--><\/p>\n<div class=\"ads-in-post1\"><div id=\"gazdasagportal.hu_fullbanner_wideboard\"><\/div>\r\n<\/div>\n<p>    A &#8222;60ezren a MAG\u00c1N nyugd\u00edjuk\u00e9rt&#8221; elnevez\u00e9s\u0171 Facebook-csoport \u00e1ltal szervezett t\u00fcntet\u00e9sen Vajda Zolt\u00e1n f\u0151szervez\u0151 a t\u00e9ren \u00f6sszegy\u0171lteknek arr\u00f3l besz\u00e9lt, hogy a k\u00f6lts\u00e9gvet\u00e9s az &#8222;igazs\u00e1g pillanata&#8221;, a k\u00f6lts\u00e9gvet\u00e9ssel d\u0151l el, mit is akar Orb\u00e1n Viktor minisztereln\u00f6k.<br \/>\n    Szerinte a mostani &#8222;n\u00e9gymilli\u00f3 szeg\u00e9ny&#8221; mell\u00e9 j\u00f6n m\u00e9g majd egymilli\u00f3, a k\u00f6lts\u00e9gvet\u00e9s elfogad\u00e1s\u00e1val egyebek mellett megsz\u0171nik a rendszeres szoci\u00e1lis seg\u00e9ly \u00e9s az \u00e9lelmiszerek is dr\u00e1gulni fognak.<br \/>\n    Ez nem Magyarorsz\u00e1g, hanem egy ban\u00e1nk\u00f6zt\u00e1rsas\u00e1g k\u00f6lts\u00e9gvet\u00e9se &#8211; hangoztatta Vajda Zolt\u00e1n.<br \/>\n    Nagy Em\u00edlia k\u00f6z\u00e9piskolai tan\u00e1r, az Oktat\u00f3i H\u00e1l\u00f3zat aktivist\u00e1ja azt mondta: nem hagyj\u00e1k, hogy a k\u00f6lts\u00e9gvet\u00e9ssel vesz\u00e9lybe sodorj\u00e1k a magyar t\u00e1rsadalom j\u00f6v\u0151j\u00e9t. Mint mondta, t\u00f6megeket akarnak kiszor\u00edtani a min\u0151s\u00e9gi oktat\u00e1sb\u00f3l. Szerinte kiv\u00e1lts\u00e1g lesz gimn\u00e1ziumba j\u00e1rni \u00e9s csak a szerencs\u00e9s di\u00e1kok juthatnak majd a fels\u0151oktat\u00e1sba.<br \/>\n    Sz\u00e9kely Tam\u00e1s, az Auton\u00f3m Szakszervezetek Sz\u00f6vets\u00e9g\u00e9nek eln\u00f6ke szerint a rossz korm\u00e1nyz\u00e1s teszi &#8222;elviselhetetlenn\u00e9&#8221; az \u00e9letet az orsz\u00e1gban. Hozz\u00e1tette, hogy sok dolgoz\u00f3 ma \u00e9letvesz\u00e9lyben van, mivel a korm\u00e1ny elvette a korkedvezm\u00e9nyes nyugd\u00edjat.<br \/>\n    &#8222;A legnagyobb mer\u00e9nyletek egyetlen t\u00f6rv\u00e9nyben, a 2015. \u00e9vi k\u00f6lts\u00e9gvet\u00e9sben s\u0171r\u0171s\u00f6dnek&#8221;. Az \u00f6sszes ipari dolgoz\u00f3, szoci\u00e1lis munk\u00e1s, b\u00f6lcs\u0151dei dolgoz\u00f3, pedag\u00f3gus \u00e9s k\u00f6zalkalmazott &#8222;nem \u00e9r nekik&#8221; egyetlen focistadionnyi p\u00e9nzt &#8211; fogalmazott Sz\u00e9kely Tam\u00e1s.<br \/>\n    Guly\u00e1s Bal\u00e1zs, a Sz\u00e1zezren az internetad\u00f3 ellen elnevez\u00e9s\u0171 szervez\u0151d\u00e9s vezet\u0151je arr\u00f3l besz\u00e9lt, hogy Orb\u00e1n Viktor becsapta az embereket, hiszen azt \u00edg\u00e9rte, hogy nem lesznek megszor\u00edt\u00e1sok, ehhez k\u00e9pest &#8222;burj\u00e1nzanak&#8221; az \u00fajabb \u00e9s \u00fajabb ad\u00f3k. &#8222;A vil\u00e1g egyetlen orsz\u00e1ga vagyunk, ahol m\u00e9g a szappanra is k\u00fcl\u00f6nad\u00f3t vetettek ki&#8221; &#8211; tette hozz\u00e1.<br \/>\n    Szerinte nem csak a k\u00f6lts\u00e9gvet\u00e9ssel csapt\u00e1k be az embereket, hanem p\u00e9ld\u00e1ul a devizahitelek forintos\u00edt\u00e1s\u00e1val is.<br \/>\n    Azt is hangoztatta, hogy az amerikai kitilt\u00e1si botr\u00e1ny arra h\u00edvja fel a figyelmet, hogy &#8222;velej\u00e9ig korrupt a rendszer&#8221;.<br \/>\n    Sz\u00f3lt arr\u00f3l is, hogy a tervezett \u00fatd\u00edj bevezet\u00e9s\u00e9t, az M0-\u00e1s fizet\u0151ss\u00e9 t\u00e9tel\u00e9t m\u00e9g a fideszes v\u00e1rosvezet\u0151k is ellenezt\u00e9k, ez\u00e9rt azt vissza kell vonni.<br \/>\n    A t\u00f6meg a demonstr\u00e1ci\u00f3 ideje alatt t\u00f6bbsz\u00f6r azt skand\u00e1lta: &#8222;Eur\u00f3pa&#8221;; &#8222;Vikt\u00e1tor&#8221;; &#8222;Nem hagyjuk&#8221;; &#8222;Demokr\u00e1ci\u00e1t&#8221;. A t\u00fcntet\u00e9sen nemzeti sz\u00edn\u0171 z\u00e1szl\u00f3kat \u00e9s szakszervezeti lobog\u00f3kat lehetett l\u00e1tni.(MTI)<\/p>\n","protected":false},"excerpt":{"rendered":"<p>A k\u00f6lts\u00e9gvet\u00e9si t\u00f6rv\u00e9nytervezet h\u00e9tf\u0151i elfogad\u00e1sa ellen t\u00fcntettek civil szervezetek \u00e9s szakszervezetek vas\u00e1rnap d\u00e9lut\u00e1n Budapesten, a Kossuth Lajos t\u00e9ren.<\/p>\n","protected":false},"author":1,"featured_media":0,"comment_status":"open","ping_status":"closed","sticky":false,"template":"","format":"standard","meta":[],"categories":[18],"tags":[],"_links":{"self":[{"href":"https:\/\/gazdasagportal.hu\/index.php\/wp-json\/wp\/v2\/posts\/52791"}],"collection":[{"href":"https:\/\/gazdasagportal.hu\/index.php\/wp-json\/wp\/v2\/posts"}],"about":[{"href":"https:\/\/gazdasagportal.hu\/index.php\/wp-json\/wp\/v2\/types\/post"}],"author":[{"embeddable":true,"href":"https:\/\/gazdasagportal.hu\/index.php\/wp-json\/wp\/v2\/users\/1"}],"replies":[{"embeddable":true,"href":"https:\/\/gazdasagportal.hu\/index.php\/wp-json\/wp\/v2\/comments?post=52791"}],"version-history":[{"count":1,"href":"https:\/\/gazdasagportal.hu\/index.php\/wp-json\/wp\/v2\/posts\/52791\/revisions"}],"predecessor-version":[{"id":52792,"href":"https:\/\/gazdasagportal.hu\/index.php\/wp-json\/wp\/v2\/posts\/52791\/revisions\/52792"}],"wp:attachment":[{"href":"https:\/\/gazdasagportal.hu\/index.php\/wp-json\/wp\/v2\/media?parent=52791"}],"wp:term":[{"taxonomy":"category","embeddable":true,"href":"https:\/\/gazdasagportal.hu\/index.php\/wp-json\/wp\/v2\/categories?post=52791"},{"taxonomy":"post_tag","embeddable":true,"href":"https:\/\/gazdasagportal.hu\/index.php\/wp-json\/wp\/v2\/tags?post=52791"}],"curies":[{"name":"wp","href":"https:\/\/api.w.org\/{rel}","templated":true}]}}