{"id":52789,"date":"2014-12-15T02:45:24","date_gmt":"2014-12-15T01:45:24","guid":{"rendered":"http:\/\/stockportal.hu\/?p=52789"},"modified":"2014-12-14T20:46:20","modified_gmt":"2014-12-14T19:46:20","slug":"a-heten-is-folytatodik-az-enyhe-ido","status":"publish","type":"post","link":"https:\/\/gazdasagportal.hu\/index.php\/a-heten-is-folytatodik-az-enyhe-ido\/","title":{"rendered":"A h\u00e9ten is folytat\u00f3dik az enyhe id\u0151"},"content":{"rendered":"<p><strong>A j\u00f6v\u0151 h\u00e9ten folytat\u00f3dik az enyhe id\u0151, t\u00f6bb helyen tov\u00e1bbra is lehetnek 10 Celsius-fok k\u00f6r\u00fcli maximumok. Olykor el\u0151fordulhat kisebb es\u0151, z\u00e1por, meger\u0151s\u00f6dhet a sz\u00e9l, havaz\u00e1s nem v\u00e1rhat\u00f3 &#8211; der\u00fcl ki az Orsz\u00e1gos Meteorol\u00f3giai Szolg\u00e1lat vas\u00e1rnap az MTI-hez eljuttatott orsz\u00e1gos, k\u00f6z\u00e9pt\u00e1v\u00fa el\u0151rejelz\u00e9s\u00e9b\u0151l.<\/strong><br \/>\n<!--more--><br \/>\n<div class=\"ads-in-post1\"><div id=\"gazdasagportal.hu_fullbanner_wideboard\"><\/div>\r\n<\/div>\n<p>H\u00e9tf\u0151re virrad\u00f3 \u00e9jszaka t\u00f6bb helyen p\u00e1r\u00e1ss\u00e1 v\u00e1lik a leveg\u0151, foltokban k\u00f6d k\u00e9pz\u0151dik. Napk\u00f6zben az addig kev\u00e9sb\u00e9 felh\u0151s t\u00e1jakon is fokozatosan beborul az \u00e9g, de sz\u00e1mottev\u0151 csapad\u00e9k tov\u00e1bbra sem lesz. A legalacsonyabb h\u0151m\u00e9rs\u00e9klet m\u00ednusz 2 \u00e9s plusz 6 fok k\u00f6z\u00f6tt v\u00e1rhat\u00f3, d\u00e9lnyugaton lesz az enyh\u00e9bb az \u00e9jszaka. A legmagasabb h\u0151m\u00e9rs\u00e9klet az orsz\u00e1g nagyobb r\u00e9sz\u00e9n 8-13 fok k\u00f6z\u00f6tt val\u00f3sz\u00edn\u0171, de az \u00c9szaki-k\u00f6z\u00e9phegys\u00e9g t\u00e9rs\u00e9g\u00e9ben \u00e9s a Fert\u0151 t\u00f3 k\u00f6rny\u00e9k\u00e9n csak 3-7 fok v\u00e1rhat\u00f3.<br \/>\nKedden estefel\u00e9 n\u00e9hol m\u00e1r kialakulhat kisebb es\u0151. A leghidegebb \u00f3r\u00e1kban m\u00ednusz 1 \u00e9s plusz 5 fok k\u00f6z\u00f6tt, nappal \u00e9szakkeleten csup\u00e1n 4, m\u00edg d\u00e9lnyugaton 11 fok k\u00f6r\u00fcl alakul a h\u0151m\u00e9rs\u00e9klet.<br \/>\nSzerd\u00e1n nagy ter\u00fcleten meger\u0151s\u00f6dik a sz\u00e9l. F\u0151k\u00e9nt a Dun\u00e1t\u00f3l keletre lehet es\u0151. A minimumh\u0151m\u00e9rs\u00e9klet plusz 2-6, a maximumh\u0151m\u00e9rs\u00e9klet 2-7 fok k\u00f6z\u00f6tt val\u00f3sz\u00edn\u0171.<br \/>\nCs\u00fct\u00f6rt\u00f6kre virrad\u00f3ra t\u00f6bb helyen megmaradhat az \u00e9jszaka k\u00e9pz\u0151d\u00f6tt k\u00f6d. Els\u0151sorban az orsz\u00e1g \u00e9szaki megy\u00e9iben fordulhat el\u0151 es\u0151. A legalacsonyabb h\u0151m\u00e9rs\u00e9klet m\u00ednusz 4 \u00e9s plusz 1, a legmagasabb h\u0151m\u00e9rs\u00e9klet plusz 2-9 fok k\u00f6z\u00f6tt alakul.<br \/>\nP\u00e9nteken f\u0151k\u00e9nt az orsz\u00e1g \u00e9szaki megy\u00e9iben fordulhat el\u0151 es\u0151. A leghidegebb \u00f3r\u00e1kban m\u00ednusz 1 \u00e9s plusz 4 fok k\u00f6z\u00f6tt, napk\u00f6zben \u00e9szakkeleten 5, d\u00e9lnyugaton 13 fok k\u00f6r\u00fcl alakul a h\u0151m\u00e9rs\u00e9klet.<br \/>\nSzombaton nagy ter\u00fcleten meger\u0151s\u00f6dik a sz\u00e9l. Estefel\u00e9 n\u00e9hol kisebb es\u0151 is lehet. A legalacsonyabb h\u0151m\u00e9rs\u00e9klet m\u00ednusz 2 \u00e9s plusz 3, a legmagasabb h\u0151m\u00e9rs\u00e9klet \u00e9szakkeleten csup\u00e1n 5, m\u00edg d\u00e9len 14 fok k\u00f6r\u00fcl val\u00f3sz\u00edn\u0171.<br \/>\nVas\u00e1rnap csak elv\u00e9tve fordulhat el\u0151 z\u00e1por. Az er\u0151s \u00e9szaknyugati szelet a Dun\u00e1nt\u00falon olykor viharos sz\u00e9ll\u00f6k\u00e9sek k\u00eds\u00e9rik. A minimumh\u0151m\u00e9rs\u00e9klet m\u00ednusz 1 \u00e9s plusz 4, a maximumh\u0151m\u00e9rs\u00e9klet plusz 3-8 fok k\u00f6z\u00f6tt alakul &#8211; olvashat\u00f3 az el\u0151rejelz\u00e9sben.(MTI)<\/p>\n<p>&nbsp;<\/p>\n","protected":false},"excerpt":{"rendered":"<p>A j\u00f6v\u0151 h\u00e9ten folytat\u00f3dik az enyhe id\u0151, t\u00f6bb helyen tov\u00e1bbra is lehetnek 10 Celsius-fok k\u00f6r\u00fcli maximumok. Olykor el\u0151fordulhat kisebb es\u0151, z\u00e1por, meger\u0151s\u00f6dhet a sz\u00e9l, havaz\u00e1s nem v\u00e1rhat\u00f3 &#8211; der\u00fcl ki az Orsz\u00e1gos Meteorol\u00f3giai Szolg\u00e1lat vas\u00e1rnap az MTI-hez eljuttatott orsz\u00e1gos, k\u00f6z\u00e9pt\u00e1v\u00fa el\u0151rejelz\u00e9s\u00e9b\u0151l.<\/p>\n","protected":false},"author":1,"featured_media":0,"comment_status":"open","ping_status":"closed","sticky":false,"template":"","format":"standard","meta":[],"categories":[4,151],"tags":[],"_links":{"self":[{"href":"https:\/\/gazdasagportal.hu\/index.php\/wp-json\/wp\/v2\/posts\/52789"}],"collection":[{"href":"https:\/\/gazdasagportal.hu\/index.php\/wp-json\/wp\/v2\/posts"}],"about":[{"href":"https:\/\/gazdasagportal.hu\/index.php\/wp-json\/wp\/v2\/types\/post"}],"author":[{"embeddable":true,"href":"https:\/\/gazdasagportal.hu\/index.php\/wp-json\/wp\/v2\/users\/1"}],"replies":[{"embeddable":true,"href":"https:\/\/gazdasagportal.hu\/index.php\/wp-json\/wp\/v2\/comments?post=52789"}],"version-history":[{"count":1,"href":"https:\/\/gazdasagportal.hu\/index.php\/wp-json\/wp\/v2\/posts\/52789\/revisions"}],"predecessor-version":[{"id":52790,"href":"https:\/\/gazdasagportal.hu\/index.php\/wp-json\/wp\/v2\/posts\/52789\/revisions\/52790"}],"wp:attachment":[{"href":"https:\/\/gazdasagportal.hu\/index.php\/wp-json\/wp\/v2\/media?parent=52789"}],"wp:term":[{"taxonomy":"category","embeddable":true,"href":"https:\/\/gazdasagportal.hu\/index.php\/wp-json\/wp\/v2\/categories?post=52789"},{"taxonomy":"post_tag","embeddable":true,"href":"https:\/\/gazdasagportal.hu\/index.php\/wp-json\/wp\/v2\/tags?post=52789"}],"curies":[{"name":"wp","href":"https:\/\/api.w.org\/{rel}","templated":true}]}}