{"id":52783,"date":"2014-12-14T19:59:57","date_gmt":"2014-12-14T18:59:57","guid":{"rendered":"http:\/\/stockportal.hu\/?p=52783"},"modified":"2014-12-14T19:59:57","modified_gmt":"2014-12-14T18:59:57","slug":"jonak-lenni-jo-mintegy-84-millio-gyult-ossze-a-demjan-alapitvany-felajanlast-tett","status":"publish","type":"post","link":"https:\/\/gazdasagportal.hu\/index.php\/jonak-lenni-jo-mintegy-84-millio-gyult-ossze-a-demjan-alapitvany-felajanlast-tett\/","title":{"rendered":"J\u00f3nak lenni j\u00f3! &#8211; Mintegy 84 milli\u00f3 gy\u0171lt \u00f6ssze, a Demj\u00e1n Alap\u00edtv\u00e1ny felaj\u00e1nl\u00e1st tett"},"content":{"rendered":"<p><strong>Nagy \u00f6sszeg\u0171 felaj\u00e1nl\u00e1st tett a Demj\u00e1n S\u00e1ndor Alap\u00edtv\u00e1ny a k\u00f6zm\u00e9dia J\u00f3nak lenni j\u00f3! elnevez\u00e9s\u0171 j\u00f3t\u00e9konys\u00e1gi kamp\u00e1ny\u00e1ban, amelyben vas\u00e1rnap 18 \u00f3r\u00e1ig mintegy 84 milli\u00f3 forint gy\u0171lt \u00f6ssze az \u00d6kumenikus Seg\u00e9lyszervezet jav\u00e1ra.<\/strong><!--more--><\/p>\n<div class=\"ads-in-post1\"><div id=\"gazdasagportal.hu_fullbanner_wideboard\"><\/div>\r\n<\/div>\n<p>    Sikl\u00f3si Beatrix, a M\u00e9diaszolg\u00e1ltat\u00e1s-t\u00e1mogat\u00f3 \u00e9s Vagyonkezel\u0151 Alap (MTVA) Nemzetis\u00e9gi, K\u00fclhoni \u00e9s Kiemelt Projektek F\u0151szerkeszt\u0151s\u00e9g\u00e9nek vezet\u0151je vas\u00e1rnap, a kamp\u00e1ny z\u00e1r\u00f3napj\u00e1n az MTI-nek elmondta: a Demj\u00e1n S\u00e1ndor Alap\u00edtv\u00e1ny felaj\u00e1nlotta, hogy a vas\u00e1rnap este 22 \u00f3r\u00e1ig befolyt \u00f6sszeg fel\u00e9vel t\u00e1mogatja az \u00d6kumenikus Seg\u00e9lyszervezet munk\u00e1j\u00e1t. Sikl\u00f3si Beatrix kiemelte: az alap\u00edtv\u00e1ny c\u00e9lja az adom\u00e1nnyal a seg\u00edt\u00e9sen t\u00fal az, hogy serkentse az adakoz\u00f3kedvet \u00e9s arra biztassa a mag\u00e1nszem\u00e9lyek mellett a v\u00e1llalatokat \u00e9s c\u00e9geket is, hogy j\u00e1ruljanak hozz\u00e1 a seg\u00e9lyszervezet munk\u00e1j\u00e1t t\u00e1mogat\u00f3 j\u00f3t\u00e9konys\u00e1gi kamp\u00e1nyhoz.<br \/>\n    A 1353-as adom\u00e1nyvonalon h\u00edv\u00e1sonk\u00e9nt 250 forinttal lehet t\u00e1mogatni a seg\u00e9lyszervezet munk\u00e1j\u00e1t, \u00e9s a mediaklikk.hu\\jonaklennijo honlapon tal\u00e1lhat\u00f3, m\u0171v\u00e9szek \u00e9s sportol\u00f3k \u00e1ltal felaj\u00e1nlott t\u00e1rgyak k\u00f6z\u00f6tt K\u00e9kedi L\u00e1szl\u00f3 fafarag\u00f3 alkot\u00e1sa, Huszti P\u00e9ter cilindere, Zolt\u00e1n Erika k\u00e9t dedik\u00e1lt bakelit lemeze \u00e9s Kassai Viktor labdar\u00fag\u00f3-j\u00e1t\u00e9kvezet\u0151 dedik\u00e1lt meze v\u00e1r gazd\u00e1ra.<br \/>\n    Emellett h\u00e1rom t\u00e1rgyra licit\u00e1lhatnak az \u00e9rdekl\u0151d\u0151k vas\u00e1rnap 22 \u00f3r\u00e1ig. A Herendi Porcel\u00e1nmanufakt\u00fara k\u00e9zi fest\u00e9ssel d\u00edsz\u00edtett t\u00e1lj\u00e1ra, amelyen Kov\u00e1cs Koko Istv\u00e1n \u00e9s Bud Spencer al\u00e1\u00edr\u00e1sa szerepel, Tim Howard t\u00f6bb mint sz\u00e1zszoros amerikai v\u00e1logatott labdar\u00fag\u00f3 mez\u00e9re, valamint Bud Spencer olasz sz\u00ednm\u0171v\u00e9sz k\u00e9t darab eredeti csukl\u00f3v\u00e9d\u0151j\u00e9re, amelyet a Zsoldoskatona c\u00edm\u0171 v\u00edgj\u00e1t\u00e9kban haszn\u00e1lt. A Herendi t\u00e1l licitje 500 ezer, a mez \u00e9s a csukl\u00f3v\u00e9d\u0151 licitje 200-200 ezer forintr\u00f3l indult.<br \/>\n    A k\u00f6zm\u00e9dia harmadik alkalommal ind\u00edtott gy\u0171jt\u00e9st: 2012-ben a B\u00f6jte Csaba szerzetes alap\u00edtotta D\u00e9vai Szent Ferenc Alap\u00edtv\u00e1nyt mintegy 100 milli\u00f3 forinttal, tavaly pedig a Katolikus Karit\u00e1szt csaknem 120 milli\u00f3 forinttal siker\u00fclt t\u00e1mogatni a befolyt adom\u00e1nyokb\u00f3l.(MTI)<\/p>\n","protected":false},"excerpt":{"rendered":"<p>Nagy \u00f6sszeg\u0171 felaj\u00e1nl\u00e1st tett a Demj\u00e1n S\u00e1ndor Alap\u00edtv\u00e1ny a k\u00f6zm\u00e9dia J\u00f3nak lenni j\u00f3! elnevez\u00e9s\u0171 j\u00f3t\u00e9konys\u00e1gi kamp\u00e1ny\u00e1ban, amelyben vas\u00e1rnap 18 \u00f3r\u00e1ig mintegy 84 milli\u00f3 forint gy\u0171lt \u00f6ssze az \u00d6kumenikus Seg\u00e9lyszervezet jav\u00e1ra.<\/p>\n","protected":false},"author":1,"featured_media":0,"comment_status":"open","ping_status":"closed","sticky":false,"template":"","format":"standard","meta":[],"categories":[4],"tags":[],"_links":{"self":[{"href":"https:\/\/gazdasagportal.hu\/index.php\/wp-json\/wp\/v2\/posts\/52783"}],"collection":[{"href":"https:\/\/gazdasagportal.hu\/index.php\/wp-json\/wp\/v2\/posts"}],"about":[{"href":"https:\/\/gazdasagportal.hu\/index.php\/wp-json\/wp\/v2\/types\/post"}],"author":[{"embeddable":true,"href":"https:\/\/gazdasagportal.hu\/index.php\/wp-json\/wp\/v2\/users\/1"}],"replies":[{"embeddable":true,"href":"https:\/\/gazdasagportal.hu\/index.php\/wp-json\/wp\/v2\/comments?post=52783"}],"version-history":[{"count":1,"href":"https:\/\/gazdasagportal.hu\/index.php\/wp-json\/wp\/v2\/posts\/52783\/revisions"}],"predecessor-version":[{"id":52784,"href":"https:\/\/gazdasagportal.hu\/index.php\/wp-json\/wp\/v2\/posts\/52783\/revisions\/52784"}],"wp:attachment":[{"href":"https:\/\/gazdasagportal.hu\/index.php\/wp-json\/wp\/v2\/media?parent=52783"}],"wp:term":[{"taxonomy":"category","embeddable":true,"href":"https:\/\/gazdasagportal.hu\/index.php\/wp-json\/wp\/v2\/categories?post=52783"},{"taxonomy":"post_tag","embeddable":true,"href":"https:\/\/gazdasagportal.hu\/index.php\/wp-json\/wp\/v2\/tags?post=52783"}],"curies":[{"name":"wp","href":"https:\/\/api.w.org\/{rel}","templated":true}]}}